{"id":15380,"date":"2026-09-05T07:20:08","date_gmt":"2026-09-05T10:20:08","guid":{"rendered":"https:\/\/jornalvia.com\/piracicaba\/?p=15380"},"modified":"2026-09-04T15:28:05","modified_gmt":"2026-09-04T18:28:05","slug":"veja-o-que-abre-e-fecha-em-piracicaba-no-feriado-de-7-de-setembro","status":"publish","type":"post","link":"https:\/\/jornalvia.com\/piracicaba\/cidade\/veja-o-que-abre-e-fecha-em-piracicaba-no-feriado-de-7-de-setembro\/","title":{"rendered":"Veja o que abre e fecha em Piracicaba no feriado de 7 de setembro"},"content":{"rendered":"<p>O feriado da Independ\u00eancia do Brasil, em 7 de setembro, vai alterar o funcionamento de servi\u00e7os p\u00fablicos, com\u00e9rcio, transporte e equipamentos culturais e tur\u00edsticos em Piracicaba. Enquanto reparti\u00e7\u00f5es p\u00fablicas e bancos estar\u00e3o fechados, servi\u00e7os essenciais e de emerg\u00eancia ser\u00e3o mantidos.<\/p>\n<p>A coleta de lixo domiciliar funcionar\u00e1 normalmente, seguindo o cronograma de cada bairro. J\u00e1 o transporte coletivo ter\u00e1, em sua maioria, hor\u00e1rios de domingos e feriados, com exce\u00e7\u00f5es em algumas linhas.<\/p>\n<p><strong>Reparti\u00e7\u00f5es p\u00fablicas e bancos<\/strong><br \/>\nN\u00e3o haver\u00e1 expediente na Prefeitura de Piracicaba, C\u00e2mara Municipal, Ipasp, Poupatempo Municipal e Poupatempo Estadual.<\/p>\n<p>As ag\u00eancias banc\u00e1rias tamb\u00e9m estar\u00e3o fechadas no feriado.<\/p>\n<p><strong>Transporte p\u00fablico ter\u00e1 hor\u00e1rios especiais<\/strong><br \/>\nAs linhas do transporte coletivo operar\u00e3o, em geral, com hor\u00e1rios de domingos e feriados.<\/p>\n<p>A linha 507 \u2013 Parque Automotivo via Hyundai seguir\u00e1 os hor\u00e1rios de dias \u00fateis.<\/p>\n<p>J\u00e1 as linhas abaixo funcionar\u00e3o com hor\u00e1rios de s\u00e1bado:<\/p>\n<p>124 \u2013 Jardim Gilda\/TCI;<br \/>\n126 \u2013 Bosques do Lenheiro;<br \/>\n210 \u2013 Unileste;<br \/>\n240 \u2013 Cecap\/Centro;<br \/>\n322 \u2013 Novo Horizonte;<br \/>\n325 \u2013 Santa F\u00e9;<br \/>\n416 \u2013 Uninoroeste\/TVS;<br \/>\n444 \u2013 S\u00f4nia\/Centro;<br \/>\n505 \u2013 Uninorte.<br \/>\nA Loja Pira Mobilidade estar\u00e1 fechada.<\/p>\n<p><strong>Sa\u00fade mant\u00e9m atendimentos de emerg\u00eancia<\/strong><br \/>\nAs UPAs e a Central de Ortopedia e Traumatologia (COT) funcionar\u00e3o 24 horas. O Samu tamb\u00e9m mant\u00e9m o atendimento normal pelo telefone 192.<\/p>\n<p>As Unidades B\u00e1sicas de Sa\u00fade (UBSs) e Unidades de Sa\u00fade da Fam\u00edlia (USFs), por outro lado, estar\u00e3o fechadas durante o feriado.<\/p>\n<p><strong>Com\u00e9rcio abre das 9h \u00e0s 16h<\/strong><br \/>\nAs lojas do com\u00e9rcio poder\u00e3o funcionar das 9h \u00e0s 16h. Os supermercados seguir\u00e3o escalas pr\u00f3prias.<\/p>\n<p>No Shopping Piracicaba, lojas e quiosques funcionar\u00e3o das 14h \u00e0s 20h, enquanto a pra\u00e7a de alimenta\u00e7\u00e3o e as op\u00e7\u00f5es de lazer estar\u00e3o abertas das 11h \u00e0s 22h.<\/p>\n<p>O Mercado Municipal funcionar\u00e1 das 6h \u00e0s 12h.<\/p>\n<p>Os varej\u00f5es municipais n\u00e3o ter\u00e3o expediente, j\u00e1 que normalmente n\u00e3o funcionam \u00e0s segundas feiras.<\/p>\n<p><strong>Parques estar\u00e3o abertos<\/strong><br \/>\nAlguns dos principais parques p\u00fablicos de Piracicaba funcionar\u00e3o normalmente:<\/p>\n<p>Parque da Rua do Porto: das 6h \u00e0s 21h30;<br \/>\nParque do Piracicamirim: das 6h \u00e0s 21h;<br \/>\nParque do Monte L\u00edbano: das 6h \u00e0s 21h;<br \/>\nParque do Engenho Central: das 6h \u00e0s 22h;<br \/>\nEsta\u00e7\u00e3o da Paulista: das 5h \u00e0s 22h.<br \/>\nO Zool\u00f3gico Municipal e o Para\u00edso das Crian\u00e7as estar\u00e3o fechados. O Museu da \u00c1gua e o Aqu\u00e1rio Municipal tamb\u00e9m n\u00e3o funcionar\u00e3o.<\/p>\n<p><strong>Cultura ter\u00e1 funcionamento diferenciado<\/strong><br \/>\nA Pinacoteca Municipal Miguel Dutra estar\u00e1 aberta das 9h \u00e0s 17h, enquanto o Museu Prudente de Moraes receber\u00e1 visitantes das 10h \u00e0s 14h.<\/p>\n<p>O Teatro Municipal Erotides de Campos funcionar\u00e1 das 14h \u00e0s 20h, com programa\u00e7\u00e3o do Festival de Circo.<\/p>\n<p>Estar\u00e3o fechados a Casa do Povoador, Teatro Municipal Dr. Losso Netto, Biblioteca Municipal Ricardo Ferraz de Arruda Pinto, Museu da Imagem e do Som de Piracicaba (MISP), sede da Secretaria Municipal de Cultura e centros culturais municipais relacionados na programa\u00e7\u00e3o do feriado.<\/p>\n<p><strong>Turismo tem op\u00e7\u00f5es na Rua do Porto e Engenho Central<\/strong><br \/>\nO Elevador Tur\u00edstico Alto do Mirante estar\u00e1 fechado para manuten\u00e7\u00e3o entre os dias 5 e 7 de setembro.<\/p>\n<p>Outras atra\u00e7\u00f5es funcionar\u00e3o durante o per\u00edodo:<\/p>\n<p>Pedalinho: das 10h \u00e0s 18h;<br \/>\nTrenzinho: das 10h \u00e0s 18h;<br \/>\nPasseio de barco: das 9h \u00e0s 18h;<br \/>\nFeira de Artesanato da Rua do Porto: das 10h \u00e0s 17h;<br \/>\nCasa do Artes\u00e3o do Engenho Central: das 10h \u00e0s 17h;<br \/>\nComplexo Gastron\u00f4mico da Rua do Porto: das 10h30 \u00e0s 18h.<br \/>\nAssist\u00eancia Social<br \/>\nOs Cras Jardim S\u00e3o Paulo, Piracicamirim, M\u00e1rio Dedini, S\u00e3o Jos\u00e9, Vila S\u00f4nia e Novo Horizonte estar\u00e3o fechados, assim como os Creas, Centro Pop e Cadastro \u00danico.<\/p>\n<p>O Servi\u00e7o Especializado em Abordagem Social (Seas) funcionar\u00e1 das 9h \u00e0s 18h.<\/p>\n<p><strong>Telefones de emerg\u00eancia<\/strong><br \/>\nOs principais servi\u00e7os emergenciais permanecem dispon\u00edveis 24 horas:<\/p>\n<p>Pelot\u00e3o Ambiental e Guarda Civil: 153<br \/>\nDefesa Civil: 199<br \/>\nPol\u00edcia Militar: 190<br \/>\nPol\u00edcia Civil: 197<br \/>\nCorpo de Bombeiros: 193<br \/>\nPol\u00edcia Rodovi\u00e1ria: (19) 3424-2872<br \/>\nCPFL: 0800 010 1010<br \/>\nSamu: 192<\/p>\n<p>A programa\u00e7\u00e3o informada para o feriado est\u00e1 sujeita a altera\u00e7\u00f5es.<\/p>\n","protected":false},"excerpt":{"rendered":"<p>Reparti\u00e7\u00f5es p\u00fablicas, bancos e unidades b\u00e1sicas de sa\u00fade estar\u00e3o fechados; transporte coletivo ter\u00e1 hor\u00e1rios especiais e servi\u00e7os de emerg\u00eancia funcionam normalmente<\/p>\n","protected":false},"author":9,"featured_media":15383,"comment_status":"closed","ping_status":"closed","sticky":false,"template":"","format":"standard","meta":{"_acf_changed":false,"footnotes":""},"categories":[3],"tags":[],"class_list":["post-15380","post","type-post","status-publish","format-standard","has-post-thumbnail","hentry","category-cidade"],"acf":[],"yoast_head":"<!-- This site is optimized with the Yoast SEO plugin v27.2 - https:\/\/yoast.com\/product\/yoast-seo-wordpress\/ -->\n<title>Veja o que abre e fecha em Piracicaba no feriado de 7 de setembro<\/title>\n<meta name=\"robots\" content=\"index, follow, max-snippet:-1, max-image-preview:large, max-video-preview:-1\" \/>\n<link rel=\"canonical\" href=\"https:\/\/jornalvia.com\/piracicaba\/cidade\/veja-o-que-abre-e-fecha-em-piracicaba-no-feriado-de-7-de-setembro\/\" \/>\n<meta property=\"og:locale\" content=\"pt_BR\" \/>\n<meta property=\"og:type\" content=\"article\" \/>\n<meta property=\"og:title\" content=\"Veja o que abre e fecha em Piracicaba no feriado de 7 de setembro\" \/>\n<meta property=\"og:description\" content=\"Reparti\u00e7\u00f5es p\u00fablicas, bancos e unidades b\u00e1sicas de sa\u00fade estar\u00e3o fechados; transporte coletivo ter\u00e1 hor\u00e1rios especiais e servi\u00e7os de emerg\u00eancia funcionam normalmente\" \/>\n<meta property=\"og:url\" content=\"https:\/\/jornalvia.com\/piracicaba\/cidade\/veja-o-que-abre-e-fecha-em-piracicaba-no-feriado-de-7-de-setembro\/\" \/>\n<meta property=\"og:site_name\" content=\"Piracicaba\" \/>\n<meta property=\"article:published_time\" content=\"2026-09-05T10:20:08+00:00\" \/>\n<meta property=\"og:image\" content=\"https:\/\/jornalvia.com\/piracicaba\/wp-content\/uploads\/sites\/2\/2026\/09\/2026-09-04-ID2-001695.webp\" \/>\n\t<meta property=\"og:image:width\" content=\"1024\" \/>\n\t<meta property=\"og:image:height\" content=\"683\" \/>\n\t<meta property=\"og:image:type\" content=\"image\/webp\" \/>\n<meta name=\"author\" content=\"Reda\u00e7\u00e3o\" \/>\n<meta name=\"twitter:card\" content=\"summary_large_image\" \/>\n<meta name=\"twitter:label1\" content=\"Escrito por\" \/>\n\t<meta name=\"twitter:data1\" content=\"Reda\u00e7\u00e3o\" \/>\n\t<meta name=\"twitter:label2\" content=\"Est. tempo de leitura\" \/>\n\t<meta name=\"twitter:data2\" content=\"3 minutos\" \/>\n<script type=\"application\/ld+json\" class=\"yoast-schema-graph\">{\"@context\":\"https:\/\/schema.org\",\"@graph\":[{\"@type\":\"Article\",\"@id\":\"https:\/\/jornalvia.com\/piracicaba\/cidade\/veja-o-que-abre-e-fecha-em-piracicaba-no-feriado-de-7-de-setembro\/#article\",\"isPartOf\":{\"@id\":\"https:\/\/jornalvia.com\/piracicaba\/cidade\/veja-o-que-abre-e-fecha-em-piracicaba-no-feriado-de-7-de-setembro\/\"},\"author\":{\"name\":\"Reda\u00e7\u00e3o\",\"@id\":\"https:\/\/jornalvia.com\/piracicaba\/#\/schema\/person\/672c24084b8babca7ca8adc9bb83152a\"},\"headline\":\"Veja o que abre e fecha em Piracicaba no feriado de 7 de setembro\",\"datePublished\":\"2026-09-05T10:20:08+00:00\",\"mainEntityOfPage\":{\"@id\":\"https:\/\/jornalvia.com\/piracicaba\/cidade\/veja-o-que-abre-e-fecha-em-piracicaba-no-feriado-de-7-de-setembro\/\"},\"wordCount\":704,\"publisher\":{\"@id\":\"https:\/\/jornalvia.com\/piracicaba\/#organization\"},\"image\":{\"@id\":\"https:\/\/jornalvia.com\/piracicaba\/cidade\/veja-o-que-abre-e-fecha-em-piracicaba-no-feriado-de-7-de-setembro\/#primaryimage\"},\"thumbnailUrl\":\"https:\/\/jornalvia.com\/piracicaba\/wp-content\/uploads\/sites\/2\/2026\/09\/2026-09-04-ID2-001695.webp\",\"articleSection\":[\"Cidade\"],\"inLanguage\":\"pt-BR\"},{\"@type\":\"WebPage\",\"@id\":\"https:\/\/jornalvia.com\/piracicaba\/cidade\/veja-o-que-abre-e-fecha-em-piracicaba-no-feriado-de-7-de-setembro\/\",\"url\":\"https:\/\/jornalvia.com\/piracicaba\/cidade\/veja-o-que-abre-e-fecha-em-piracicaba-no-feriado-de-7-de-setembro\/\",\"name\":\"Veja o que abre e fecha em Piracicaba no feriado de 7 de setembro\",\"isPartOf\":{\"@id\":\"https:\/\/jornalvia.com\/piracicaba\/#website\"},\"primaryImageOfPage\":{\"@id\":\"https:\/\/jornalvia.com\/piracicaba\/cidade\/veja-o-que-abre-e-fecha-em-piracicaba-no-feriado-de-7-de-setembro\/#primaryimage\"},\"image\":{\"@id\":\"https:\/\/jornalvia.com\/piracicaba\/cidade\/veja-o-que-abre-e-fecha-em-piracicaba-no-feriado-de-7-de-setembro\/#primaryimage\"},\"thumbnailUrl\":\"https:\/\/jornalvia.com\/piracicaba\/wp-content\/uploads\/sites\/2\/2026\/09\/2026-09-04-ID2-001695.webp\",\"datePublished\":\"2026-09-05T10:20:08+00:00\",\"breadcrumb\":{\"@id\":\"https:\/\/jornalvia.com\/piracicaba\/cidade\/veja-o-que-abre-e-fecha-em-piracicaba-no-feriado-de-7-de-setembro\/#breadcrumb\"},\"inLanguage\":\"pt-BR\",\"potentialAction\":[{\"@type\":\"ReadAction\",\"target\":[\"https:\/\/jornalvia.com\/piracicaba\/cidade\/veja-o-que-abre-e-fecha-em-piracicaba-no-feriado-de-7-de-setembro\/\"]}]},{\"@type\":\"ImageObject\",\"inLanguage\":\"pt-BR\",\"@id\":\"https:\/\/jornalvia.com\/piracicaba\/cidade\/veja-o-que-abre-e-fecha-em-piracicaba-no-feriado-de-7-de-setembro\/#primaryimage\",\"url\":\"https:\/\/jornalvia.com\/piracicaba\/wp-content\/uploads\/sites\/2\/2026\/09\/2026-09-04-ID2-001695.webp\",\"contentUrl\":\"https:\/\/jornalvia.com\/piracicaba\/wp-content\/uploads\/sites\/2\/2026\/09\/2026-09-04-ID2-001695.webp\",\"width\":1024,\"height\":683,\"caption\":\"Foto: Divulga\u00e7\u00e3o\"},{\"@type\":\"BreadcrumbList\",\"@id\":\"https:\/\/jornalvia.com\/piracicaba\/cidade\/veja-o-que-abre-e-fecha-em-piracicaba-no-feriado-de-7-de-setembro\/#breadcrumb\",\"itemListElement\":[{\"@type\":\"ListItem\",\"position\":1,\"name\":\"In\u00edcio\",\"item\":\"https:\/\/jornalvia.com\/piracicaba\/\"},{\"@type\":\"ListItem\",\"position\":2,\"name\":\"Veja o que abre e fecha em Piracicaba no feriado de 7 de setembro\"}]},{\"@type\":\"WebSite\",\"@id\":\"https:\/\/jornalvia.com\/piracicaba\/#website\",\"url\":\"https:\/\/jornalvia.com\/piracicaba\/\",\"name\":\"Jornal VIA\",\"description\":\"Seu novo jornal de not\u00edcias em Piracicaba com informa\u00e7\u00f5es locais, do Brasil e do mundo\",\"publisher\":{\"@id\":\"https:\/\/jornalvia.com\/piracicaba\/#organization\"},\"alternateName\":\"Jornal VIA \u2022 Piracicaba\",\"potentialAction\":[{\"@type\":\"SearchAction\",\"target\":{\"@type\":\"EntryPoint\",\"urlTemplate\":\"https:\/\/jornalvia.com\/piracicaba\/?s={search_term_string}\"},\"query-input\":{\"@type\":\"PropertyValueSpecification\",\"valueRequired\":true,\"valueName\":\"search_term_string\"}}],\"inLanguage\":\"pt-BR\"},{\"@type\":\"Organization\",\"@id\":\"https:\/\/jornalvia.com\/piracicaba\/#organization\",\"name\":\"Jornal VIA\",\"url\":\"https:\/\/jornalvia.com\/piracicaba\/\",\"logo\":{\"@type\":\"ImageObject\",\"inLanguage\":\"pt-BR\",\"@id\":\"https:\/\/jornalvia.com\/piracicaba\/#\/schema\/logo\/image\/\",\"url\":\"https:\/\/jornalvia.com\/piracicaba\/wp-content\/uploads\/sites\/2\/2025\/09\/cropped-logo_site_5-1.png\",\"contentUrl\":\"https:\/\/jornalvia.com\/piracicaba\/wp-content\/uploads\/sites\/2\/2025\/09\/cropped-logo_site_5-1.png\",\"width\":512,\"height\":512,\"caption\":\"Jornal VIA\"},\"image\":{\"@id\":\"https:\/\/jornalvia.com\/piracicaba\/#\/schema\/logo\/image\/\"}},{\"@type\":\"Person\",\"@id\":\"https:\/\/jornalvia.com\/piracicaba\/#\/schema\/person\/672c24084b8babca7ca8adc9bb83152a\",\"name\":\"Reda\u00e7\u00e3o\",\"url\":\"https:\/\/jornalvia.com\/piracicaba\/author\/jaquelineprates\/\"}]}<\/script>\n<!-- \/ Yoast SEO plugin. -->","yoast_head_json":{"title":"Veja o que abre e fecha em Piracicaba no feriado de 7 de setembro","robots":{"index":"index","follow":"follow","max-snippet":"max-snippet:-1","max-image-preview":"max-image-preview:large","max-video-preview":"max-video-preview:-1"},"canonical":"https:\/\/jornalvia.com\/piracicaba\/cidade\/veja-o-que-abre-e-fecha-em-piracicaba-no-feriado-de-7-de-setembro\/","og_locale":"pt_BR","og_type":"article","og_title":"Veja o que abre e fecha em Piracicaba no feriado de 7 de setembro","og_description":"Reparti\u00e7\u00f5es p\u00fablicas, bancos e unidades b\u00e1sicas de sa\u00fade estar\u00e3o fechados; transporte coletivo ter\u00e1 hor\u00e1rios especiais e servi\u00e7os de emerg\u00eancia funcionam normalmente","og_url":"https:\/\/jornalvia.com\/piracicaba\/cidade\/veja-o-que-abre-e-fecha-em-piracicaba-no-feriado-de-7-de-setembro\/","og_site_name":"Piracicaba","article_published_time":"2026-09-05T10:20:08+00:00","og_image":[{"width":1024,"height":683,"url":"https:\/\/jornalvia.com\/piracicaba\/wp-content\/uploads\/sites\/2\/2026\/09\/2026-09-04-ID2-001695.webp","type":"image\/webp"}],"author":"Reda\u00e7\u00e3o","twitter_card":"summary_large_image","twitter_misc":{"Escrito por":"Reda\u00e7\u00e3o","Est. tempo de leitura":"3 minutos"},"schema":{"@context":"https:\/\/schema.org","@graph":[{"@type":"Article","@id":"https:\/\/jornalvia.com\/piracicaba\/cidade\/veja-o-que-abre-e-fecha-em-piracicaba-no-feriado-de-7-de-setembro\/#article","isPartOf":{"@id":"https:\/\/jornalvia.com\/piracicaba\/cidade\/veja-o-que-abre-e-fecha-em-piracicaba-no-feriado-de-7-de-setembro\/"},"author":{"name":"Reda\u00e7\u00e3o","@id":"https:\/\/jornalvia.com\/piracicaba\/#\/schema\/person\/672c24084b8babca7ca8adc9bb83152a"},"headline":"Veja o que abre e fecha em Piracicaba no feriado de 7 de setembro","datePublished":"2026-09-05T10:20:08+00:00","mainEntityOfPage":{"@id":"https:\/\/jornalvia.com\/piracicaba\/cidade\/veja-o-que-abre-e-fecha-em-piracicaba-no-feriado-de-7-de-setembro\/"},"wordCount":704,"publisher":{"@id":"https:\/\/jornalvia.com\/piracicaba\/#organization"},"image":{"@id":"https:\/\/jornalvia.com\/piracicaba\/cidade\/veja-o-que-abre-e-fecha-em-piracicaba-no-feriado-de-7-de-setembro\/#primaryimage"},"thumbnailUrl":"https:\/\/jornalvia.com\/piracicaba\/wp-content\/uploads\/sites\/2\/2026\/09\/2026-09-04-ID2-001695.webp","articleSection":["Cidade"],"inLanguage":"pt-BR"},{"@type":"WebPage","@id":"https:\/\/jornalvia.com\/piracicaba\/cidade\/veja-o-que-abre-e-fecha-em-piracicaba-no-feriado-de-7-de-setembro\/","url":"https:\/\/jornalvia.com\/piracicaba\/cidade\/veja-o-que-abre-e-fecha-em-piracicaba-no-feriado-de-7-de-setembro\/","name":"Veja o que abre e fecha em Piracicaba no feriado de 7 de setembro","isPartOf":{"@id":"https:\/\/jornalvia.com\/piracicaba\/#website"},"primaryImageOfPage":{"@id":"https:\/\/jornalvia.com\/piracicaba\/cidade\/veja-o-que-abre-e-fecha-em-piracicaba-no-feriado-de-7-de-setembro\/#primaryimage"},"image":{"@id":"https:\/\/jornalvia.com\/piracicaba\/cidade\/veja-o-que-abre-e-fecha-em-piracicaba-no-feriado-de-7-de-setembro\/#primaryimage"},"thumbnailUrl":"https:\/\/jornalvia.com\/piracicaba\/wp-content\/uploads\/sites\/2\/2026\/09\/2026-09-04-ID2-001695.webp","datePublished":"2026-09-05T10:20:08+00:00","breadcrumb":{"@id":"https:\/\/jornalvia.com\/piracicaba\/cidade\/veja-o-que-abre-e-fecha-em-piracicaba-no-feriado-de-7-de-setembro\/#breadcrumb"},"inLanguage":"pt-BR","potentialAction":[{"@type":"ReadAction","target":["https:\/\/jornalvia.com\/piracicaba\/cidade\/veja-o-que-abre-e-fecha-em-piracicaba-no-feriado-de-7-de-setembro\/"]}]},{"@type":"ImageObject","inLanguage":"pt-BR","@id":"https:\/\/jornalvia.com\/piracicaba\/cidade\/veja-o-que-abre-e-fecha-em-piracicaba-no-feriado-de-7-de-setembro\/#primaryimage","url":"https:\/\/jornalvia.com\/piracicaba\/wp-content\/uploads\/sites\/2\/2026\/09\/2026-09-04-ID2-001695.webp","contentUrl":"https:\/\/jornalvia.com\/piracicaba\/wp-content\/uploads\/sites\/2\/2026\/09\/2026-09-04-ID2-001695.webp","width":1024,"height":683,"caption":"Foto: Divulga\u00e7\u00e3o"},{"@type":"BreadcrumbList","@id":"https:\/\/jornalvia.com\/piracicaba\/cidade\/veja-o-que-abre-e-fecha-em-piracicaba-no-feriado-de-7-de-setembro\/#breadcrumb","itemListElement":[{"@type":"ListItem","position":1,"name":"In\u00edcio","item":"https:\/\/jornalvia.com\/piracicaba\/"},{"@type":"ListItem","position":2,"name":"Veja o que abre e fecha em Piracicaba no feriado de 7 de setembro"}]},{"@type":"WebSite","@id":"https:\/\/jornalvia.com\/piracicaba\/#website","url":"https:\/\/jornalvia.com\/piracicaba\/","name":"Jornal VIA","description":"Seu novo jornal de not\u00edcias em Piracicaba com informa\u00e7\u00f5es locais, do Brasil e do mundo","publisher":{"@id":"https:\/\/jornalvia.com\/piracicaba\/#organization"},"alternateName":"Jornal VIA \u2022 Piracicaba","potentialAction":[{"@type":"SearchAction","target":{"@type":"EntryPoint","urlTemplate":"https:\/\/jornalvia.com\/piracicaba\/?s={search_term_string}"},"query-input":{"@type":"PropertyValueSpecification","valueRequired":true,"valueName":"search_term_string"}}],"inLanguage":"pt-BR"},{"@type":"Organization","@id":"https:\/\/jornalvia.com\/piracicaba\/#organization","name":"Jornal VIA","url":"https:\/\/jornalvia.com\/piracicaba\/","logo":{"@type":"ImageObject","inLanguage":"pt-BR","@id":"https:\/\/jornalvia.com\/piracicaba\/#\/schema\/logo\/image\/","url":"https:\/\/jornalvia.com\/piracicaba\/wp-content\/uploads\/sites\/2\/2025\/09\/cropped-logo_site_5-1.png","contentUrl":"https:\/\/jornalvia.com\/piracicaba\/wp-content\/uploads\/sites\/2\/2025\/09\/cropped-logo_site_5-1.png","width":512,"height":512,"caption":"Jornal VIA"},"image":{"@id":"https:\/\/jornalvia.com\/piracicaba\/#\/schema\/logo\/image\/"}},{"@type":"Person","@id":"https:\/\/jornalvia.com\/piracicaba\/#\/schema\/person\/672c24084b8babca7ca8adc9bb83152a","name":"Reda\u00e7\u00e3o","url":"https:\/\/jornalvia.com\/piracicaba\/author\/jaquelineprates\/"}]}},"_links":{"self":[{"href":"https:\/\/jornalvia.com\/piracicaba\/wp-json\/wp\/v2\/posts\/15380","targetHints":{"allow":["GET"]}}],"collection":[{"href":"https:\/\/jornalvia.com\/piracicaba\/wp-json\/wp\/v2\/posts"}],"about":[{"href":"https:\/\/jornalvia.com\/piracicaba\/wp-json\/wp\/v2\/types\/post"}],"author":[{"embeddable":true,"href":"https:\/\/jornalvia.com\/piracicaba\/wp-json\/wp\/v2\/users\/9"}],"replies":[{"embeddable":true,"href":"https:\/\/jornalvia.com\/piracicaba\/wp-json\/wp\/v2\/comments?post=15380"}],"version-history":[{"count":3,"href":"https:\/\/jornalvia.com\/piracicaba\/wp-json\/wp\/v2\/posts\/15380\/revisions"}],"predecessor-version":[{"id":15384,"href":"https:\/\/jornalvia.com\/piracicaba\/wp-json\/wp\/v2\/posts\/15380\/revisions\/15384"}],"wp:featuredmedia":[{"embeddable":true,"href":"https:\/\/jornalvia.com\/piracicaba\/wp-json\/wp\/v2\/media\/15383"}],"wp:attachment":[{"href":"https:\/\/jornalvia.com\/piracicaba\/wp-json\/wp\/v2\/media?parent=15380"}],"wp:term":[{"taxonomy":"category","embeddable":true,"href":"https:\/\/jornalvia.com\/piracicaba\/wp-json\/wp\/v2\/categories?post=15380"},{"taxonomy":"post_tag","embeddable":true,"href":"https:\/\/jornalvia.com\/piracicaba\/wp-json\/wp\/v2\/tags?post=15380"}],"curies":[{"name":"wp","href":"https:\/\/api.w.org\/{rel}","templated":true}]}}