{"id":15375,"date":"2026-09-04T14:16:54","date_gmt":"2026-09-04T17:16:54","guid":{"rendered":"https:\/\/jornalvia.com\/piracicaba\/cidade\/semana-lixo-zero-tera-nove-dias-de-atividades-ambientais-em-piracicaba"},"modified":"2026-09-04T14:16:54","modified_gmt":"2026-09-04T17:16:54","slug":"semana-lixo-zero-tera-nove-dias-de-atividades-ambientais-em-piracicaba","status":"publish","type":"post","link":"https:\/\/jornalvia.com\/piracicaba\/meio-ambiente\/semana-lixo-zero-tera-nove-dias-de-atividades-ambientais-em-piracicaba\/","title":{"rendered":"Semana Lixo Zero ter\u00e1 nove dias de atividades ambientais em Piracicaba"},"content":{"rendered":"<p>Piracicaba recebe, entre os dias 19 e 27 de setembro, a segunda edi\u00e7\u00e3o da Semana Lixo Zero, com atividades gratuitas voltadas \u00e0 redu\u00e7\u00e3o, destina\u00e7\u00e3o adequada e reaproveitamento de res\u00edduos. A programa\u00e7\u00e3o come\u00e7a com o Dia Mundial da Limpeza, no s\u00e1bado (19), quando volunt\u00e1rios participar\u00e3o de mutir\u00f5es em diferentes regi\u00f5es da cidade.<\/p>\n<p>Ao longo dos nove dias, est\u00e3o previstas palestras, viv\u00eancias, visitas, campanha de log\u00edstica reversa, feira e atividades de conscientiza\u00e7\u00e3o. As a\u00e7\u00f5es ser\u00e3o realizadas em locais como Esalq\/USP, Fatec, Sesc Piracicaba, Parque Tecnol\u00f3gico, Esta\u00e7\u00e3o da Paulista e Engenho Central.<\/p>\n<p>A Semana Lixo Zero foi institu\u00edda no munic\u00edpio pela Lei n\u00ba 10.086\/2024 e re\u00fane poder p\u00fablico, institui\u00e7\u00f5es de ensino, organiza\u00e7\u00f5es e volunt\u00e1rios.<\/p>\n<p><strong>Mutir\u00f5es abrem programa\u00e7\u00e3o no dia 19<\/strong><br \/>\nAs primeiras atividades ser\u00e3o realizadas em diferentes bairros e \u00e1reas p\u00fablicas. Haver\u00e1 mutir\u00f5es na Vila de Pescadores do Tanqu\u00e3, Orla do Rio Piracicaba, Santa Rosa, Santa Rosa Palmeiras, Nova Piracicaba e Algodoal.<\/p>\n<p>Na regi\u00e3o do rio, volunt\u00e1rios da Equipe Remo Piracicaba atuar\u00e3o na retirada de res\u00edduos flutuantes entre a rampa dos pescadores e a rampa dos navegantes. O Corredor Caipira far\u00e1 uma a\u00e7\u00e3o na margem pr\u00f3xima \u00e0 rampa dos pescadores, enquanto moradores da Nova Piracicaba participar\u00e3o da limpeza entre a regi\u00e3o do Cruzeiro do Sul e a rampa dos navegantes.<\/p>\n<p>A equipe Pira no Plogging tamb\u00e9m integra a mobiliza\u00e7\u00e3o, com atividades dentro e nos arredores do Col\u00e9gio CLQ envolvendo estudantes, educadores e familiares.<\/p>\n<p>Na edi\u00e7\u00e3o de 2025, as a\u00e7\u00f5es volunt\u00e1rias de limpeza recolheram 2.064 quilos de res\u00edduos. Foram 870 quilos de materiais considerados catacareco, 490 quilos de rejeitos, 179 quilos de recicl\u00e1veis e 525 quilos de galhos e podas.<\/p>\n<p><strong>Piracicaba ter\u00e1 pontos para descarte de eletroeletr\u00f4nicos<\/strong><br \/>\nTamb\u00e9m no s\u00e1bado (19), das 9h \u00e0s 15h, ser\u00e1 realizada uma campanha para recebimento de res\u00edduos de equipamentos eletroeletr\u00f4nicos e eletrodom\u00e9sticos de pessoas f\u00edsicas.<\/p>\n<p>Os equipamentos ser\u00e3o encaminhados para reciclagem por meio de parceria com a Associa\u00e7\u00e3o Brasileira de Reciclagem de Eletroeletr\u00f4nicos e Eletrodom\u00e9sticos (ABREE).<\/p>\n<p>O descarte ser\u00e1 realizado em sistema drive thru em sete pontos de Piracicaba:<\/p>\n<p>Paulista: Avenida Dr. Paulo de Moraes, 1.580, estacionamento lateral;<br \/>\nEsalq: Gin\u00e1sio de Esportes, Avenida S\u00e3o Jo\u00e3o, 900;<br \/>\nAlvorada: Varej\u00e3o do Bairro Alvorada, Avenida Rio das Pedras, 2.411;<br \/>\nSanta Teresinha: Pra\u00e7a do Quilombo, Rua Adelmo Cavagioni, sem n\u00famero;<br \/>\nVila Rezende: Pra\u00e7a do Parafuso, Rua Ac\u00e1cio do Canto, sem n\u00famero;<br \/>\nSanta Rosa: Varej\u00e3o e Centro Comunit\u00e1rio, Rua Milton Teixeira de S\u00e1, 250;<br \/>\nCentro: Senac, Rua Santa Cruz, 1.148.<\/p>\n<p>A campanha \u00e9 destinada ao descarte de equipamentos aceitos pelo sistema de log\u00edstica reversa de eletroeletr\u00f4nicos.<\/p>\n<p><strong>Palestras discutem res\u00edduos, compostagem e novas tecnologias<\/strong><br \/>\nAp\u00f3s as atividades do primeiro fim de semana, a abertura oficial da Semana Lixo Zero ser\u00e1 realizada na segunda feira (21), das 8h \u00e0s 12h, no Parque Tecnol\u00f3gico. A programa\u00e7\u00e3o ter\u00e1 palestra com Suely Vaz de Ara\u00fajo, do Observat\u00f3rio do Clima, al\u00e9m de participa\u00e7\u00e3o do Semasa, de Santo Andr\u00e9, para discutir destina\u00e7\u00e3o e tratamento de res\u00edduos org\u00e2nicos.<\/p>\n<p>\u00c0 noite, das 19h \u00e0s 21h, a OAB Piracicaba recebe a mesa redonda \u201cDesafios e Perspectivas da Gest\u00e3o de Res\u00edduos S\u00f3lidos\u201d.<\/p>\n<p>Na ter\u00e7a feira (22), a Esalq recebe palestras e viv\u00eancias sobre compostagem e seguran\u00e7a alimentar. \u00c0 noite, o Sesc Piracicaba promove um cinedebate com a exibi\u00e7\u00e3o do document\u00e1rio \u201cDescArte\u201d, seguida de conversa com o diretor Leandro Brunt.<\/p>\n<p>A programa\u00e7\u00e3o da quarta feira (23) ser\u00e1 dedicada a energias renov\u00e1veis, tecnologias e solu\u00e7\u00f5es baseadas na natureza, com palestras na Fatec pela manh\u00e3 e visita guiada \u00e0 Cooperativa Reciclador Solid\u00e1rio durante a tarde.<\/p>\n<p>Na quinta feira (24), tamb\u00e9m na Fatec, ser\u00e3o discutidos cooperativismo, empreendedorismo e tecnologias sociais.<\/p>\n<p>J\u00e1 na sexta feira (25), o Parque Tecnol\u00f3gico recebe palestras sobre responsabilidade compartilhada entre sociedade civil, poder p\u00fablico e empresas.<\/p>\n<p><strong>Feira da Barganha e atividades na Esalq encerram programa\u00e7\u00e3o<\/strong><br \/>\nNo s\u00e1bado (26), a Esta\u00e7\u00e3o da Paulista recebe a 10\u00aa Feira da Barganha, das 9h \u00e0s 15h. A proposta envolve reaproveitamento, troca e circula\u00e7\u00e3o de objetos como alternativa ao descarte.<\/p>\n<p>A Semana Lixo Zero termina no domingo (27). Das 8h \u00e0s 12h, haver\u00e1 uma Oficina de Pluvi\u00f4metro na Esalq\/USP. \u00c0s 15h, uma A\u00e7\u00e3o Lixo Zero ser\u00e1 realizada durante a Festa da Primavera, no Engenho Central.<\/p>\n<p>A segunda edi\u00e7\u00e3o da iniciativa \u00e9 organizada pela Associa\u00e7\u00e3o dos Moradores do Bairro Santa Rosa e pelo Movimento Lixo Zero, com participa\u00e7\u00e3o e apoio de institui\u00e7\u00f5es p\u00fablicas, educacionais, ambientais e sociais de Piracicaba.<\/p>\n<p>A programa\u00e7\u00e3o busca ampliar o debate sobre a quantidade de res\u00edduos produzidos no munic\u00edpio e incentivar pr\u00e1ticas como reciclagem, reutiliza\u00e7\u00e3o, log\u00edstica reversa e descarte adequado.<\/p>\n","protected":false},"excerpt":{"rendered":"<p>Programa\u00e7\u00e3o acontece de 19 a 27 de setembro e re\u00fane mutir\u00f5es de limpeza, descarte de eletroeletr\u00f4nicos, palestras, visitas, feira e a\u00e7\u00f5es de educa\u00e7\u00e3o ambiental<\/p>\n","protected":false},"author":9,"featured_media":15376,"comment_status":"closed","ping_status":"closed","sticky":false,"template":"","format":"standard","meta":{"_acf_changed":false,"footnotes":""},"categories":[29],"tags":[],"class_list":["post-15375","post","type-post","status-publish","format-standard","has-post-thumbnail","hentry","category-meio-ambiente"],"acf":[],"yoast_head":"<!-- This site is optimized with the Yoast SEO plugin v27.2 - https:\/\/yoast.com\/product\/yoast-seo-wordpress\/ -->\n<title>Semana Lixo Zero ter\u00e1 nove dias de atividades ambientais em Piracicaba<\/title>\n<meta name=\"robots\" content=\"index, follow, max-snippet:-1, max-image-preview:large, max-video-preview:-1\" \/>\n<link rel=\"canonical\" href=\"https:\/\/jornalvia.com\/piracicaba\/meio-ambiente\/semana-lixo-zero-tera-nove-dias-de-atividades-ambientais-em-piracicaba\/\" \/>\n<meta property=\"og:locale\" content=\"pt_BR\" \/>\n<meta property=\"og:type\" content=\"article\" \/>\n<meta property=\"og:title\" content=\"Semana Lixo Zero ter\u00e1 nove dias de atividades ambientais em Piracicaba\" \/>\n<meta property=\"og:description\" content=\"Programa\u00e7\u00e3o acontece de 19 a 27 de setembro e re\u00fane mutir\u00f5es de limpeza, descarte de eletroeletr\u00f4nicos, palestras, visitas, feira e a\u00e7\u00f5es de educa\u00e7\u00e3o ambiental\" \/>\n<meta property=\"og:url\" content=\"https:\/\/jornalvia.com\/piracicaba\/meio-ambiente\/semana-lixo-zero-tera-nove-dias-de-atividades-ambientais-em-piracicaba\/\" \/>\n<meta property=\"og:site_name\" content=\"Piracicaba\" \/>\n<meta property=\"article:published_time\" content=\"2026-09-04T17:16:54+00:00\" \/>\n<meta property=\"og:image\" content=\"https:\/\/jornalvia.com\/piracicaba\/wp-content\/uploads\/sites\/2\/2026\/09\/2026-09-04-ID1-001635.webp\" \/>\n\t<meta property=\"og:image:width\" content=\"2000\" \/>\n\t<meta property=\"og:image:height\" content=\"1333\" \/>\n\t<meta property=\"og:image:type\" content=\"image\/webp\" \/>\n<meta name=\"author\" content=\"Reda\u00e7\u00e3o\" \/>\n<meta name=\"twitter:card\" content=\"summary_large_image\" \/>\n<meta name=\"twitter:label1\" content=\"Escrito por\" \/>\n\t<meta name=\"twitter:data1\" content=\"Reda\u00e7\u00e3o\" \/>\n\t<meta name=\"twitter:label2\" content=\"Est. tempo de leitura\" \/>\n\t<meta name=\"twitter:data2\" content=\"4 minutos\" \/>\n<script type=\"application\/ld+json\" class=\"yoast-schema-graph\">{\"@context\":\"https:\/\/schema.org\",\"@graph\":[{\"@type\":\"Article\",\"@id\":\"https:\/\/jornalvia.com\/piracicaba\/meio-ambiente\/semana-lixo-zero-tera-nove-dias-de-atividades-ambientais-em-piracicaba\/#article\",\"isPartOf\":{\"@id\":\"https:\/\/jornalvia.com\/piracicaba\/meio-ambiente\/semana-lixo-zero-tera-nove-dias-de-atividades-ambientais-em-piracicaba\/\"},\"author\":{\"name\":\"Reda\u00e7\u00e3o\",\"@id\":\"https:\/\/jornalvia.com\/piracicaba\/#\/schema\/person\/672c24084b8babca7ca8adc9bb83152a\"},\"headline\":\"Semana Lixo Zero ter\u00e1 nove dias de atividades ambientais em Piracicaba\",\"datePublished\":\"2026-09-04T17:16:54+00:00\",\"mainEntityOfPage\":{\"@id\":\"https:\/\/jornalvia.com\/piracicaba\/meio-ambiente\/semana-lixo-zero-tera-nove-dias-de-atividades-ambientais-em-piracicaba\/\"},\"wordCount\":830,\"publisher\":{\"@id\":\"https:\/\/jornalvia.com\/piracicaba\/#organization\"},\"image\":{\"@id\":\"https:\/\/jornalvia.com\/piracicaba\/meio-ambiente\/semana-lixo-zero-tera-nove-dias-de-atividades-ambientais-em-piracicaba\/#primaryimage\"},\"thumbnailUrl\":\"https:\/\/jornalvia.com\/piracicaba\/wp-content\/uploads\/sites\/2\/2026\/09\/2026-09-04-ID1-001635.webp\",\"articleSection\":[\"Meio Ambiente\"],\"inLanguage\":\"pt-BR\"},{\"@type\":\"WebPage\",\"@id\":\"https:\/\/jornalvia.com\/piracicaba\/meio-ambiente\/semana-lixo-zero-tera-nove-dias-de-atividades-ambientais-em-piracicaba\/\",\"url\":\"https:\/\/jornalvia.com\/piracicaba\/meio-ambiente\/semana-lixo-zero-tera-nove-dias-de-atividades-ambientais-em-piracicaba\/\",\"name\":\"Semana Lixo Zero ter\u00e1 nove dias de atividades ambientais em Piracicaba\",\"isPartOf\":{\"@id\":\"https:\/\/jornalvia.com\/piracicaba\/#website\"},\"primaryImageOfPage\":{\"@id\":\"https:\/\/jornalvia.com\/piracicaba\/meio-ambiente\/semana-lixo-zero-tera-nove-dias-de-atividades-ambientais-em-piracicaba\/#primaryimage\"},\"image\":{\"@id\":\"https:\/\/jornalvia.com\/piracicaba\/meio-ambiente\/semana-lixo-zero-tera-nove-dias-de-atividades-ambientais-em-piracicaba\/#primaryimage\"},\"thumbnailUrl\":\"https:\/\/jornalvia.com\/piracicaba\/wp-content\/uploads\/sites\/2\/2026\/09\/2026-09-04-ID1-001635.webp\",\"datePublished\":\"2026-09-04T17:16:54+00:00\",\"breadcrumb\":{\"@id\":\"https:\/\/jornalvia.com\/piracicaba\/meio-ambiente\/semana-lixo-zero-tera-nove-dias-de-atividades-ambientais-em-piracicaba\/#breadcrumb\"},\"inLanguage\":\"pt-BR\",\"potentialAction\":[{\"@type\":\"ReadAction\",\"target\":[\"https:\/\/jornalvia.com\/piracicaba\/meio-ambiente\/semana-lixo-zero-tera-nove-dias-de-atividades-ambientais-em-piracicaba\/\"]}]},{\"@type\":\"ImageObject\",\"inLanguage\":\"pt-BR\",\"@id\":\"https:\/\/jornalvia.com\/piracicaba\/meio-ambiente\/semana-lixo-zero-tera-nove-dias-de-atividades-ambientais-em-piracicaba\/#primaryimage\",\"url\":\"https:\/\/jornalvia.com\/piracicaba\/wp-content\/uploads\/sites\/2\/2026\/09\/2026-09-04-ID1-001635.webp\",\"contentUrl\":\"https:\/\/jornalvia.com\/piracicaba\/wp-content\/uploads\/sites\/2\/2026\/09\/2026-09-04-ID1-001635.webp\",\"width\":2000,\"height\":1333,\"caption\":\"Foto: Reprodu\u00e7\u00e3o\"},{\"@type\":\"BreadcrumbList\",\"@id\":\"https:\/\/jornalvia.com\/piracicaba\/meio-ambiente\/semana-lixo-zero-tera-nove-dias-de-atividades-ambientais-em-piracicaba\/#breadcrumb\",\"itemListElement\":[{\"@type\":\"ListItem\",\"position\":1,\"name\":\"In\u00edcio\",\"item\":\"https:\/\/jornalvia.com\/piracicaba\/\"},{\"@type\":\"ListItem\",\"position\":2,\"name\":\"Semana Lixo Zero ter\u00e1 nove dias de atividades ambientais em Piracicaba\"}]},{\"@type\":\"WebSite\",\"@id\":\"https:\/\/jornalvia.com\/piracicaba\/#website\",\"url\":\"https:\/\/jornalvia.com\/piracicaba\/\",\"name\":\"Jornal VIA\",\"description\":\"Seu novo jornal de not\u00edcias em Piracicaba com informa\u00e7\u00f5es locais, do Brasil e do mundo\",\"publisher\":{\"@id\":\"https:\/\/jornalvia.com\/piracicaba\/#organization\"},\"alternateName\":\"Jornal VIA \u2022 Piracicaba\",\"potentialAction\":[{\"@type\":\"SearchAction\",\"target\":{\"@type\":\"EntryPoint\",\"urlTemplate\":\"https:\/\/jornalvia.com\/piracicaba\/?s={search_term_string}\"},\"query-input\":{\"@type\":\"PropertyValueSpecification\",\"valueRequired\":true,\"valueName\":\"search_term_string\"}}],\"inLanguage\":\"pt-BR\"},{\"@type\":\"Organization\",\"@id\":\"https:\/\/jornalvia.com\/piracicaba\/#organization\",\"name\":\"Jornal VIA\",\"url\":\"https:\/\/jornalvia.com\/piracicaba\/\",\"logo\":{\"@type\":\"ImageObject\",\"inLanguage\":\"pt-BR\",\"@id\":\"https:\/\/jornalvia.com\/piracicaba\/#\/schema\/logo\/image\/\",\"url\":\"https:\/\/jornalvia.com\/piracicaba\/wp-content\/uploads\/sites\/2\/2025\/09\/cropped-logo_site_5-1.png\",\"contentUrl\":\"https:\/\/jornalvia.com\/piracicaba\/wp-content\/uploads\/sites\/2\/2025\/09\/cropped-logo_site_5-1.png\",\"width\":512,\"height\":512,\"caption\":\"Jornal VIA\"},\"image\":{\"@id\":\"https:\/\/jornalvia.com\/piracicaba\/#\/schema\/logo\/image\/\"}},{\"@type\":\"Person\",\"@id\":\"https:\/\/jornalvia.com\/piracicaba\/#\/schema\/person\/672c24084b8babca7ca8adc9bb83152a\",\"name\":\"Reda\u00e7\u00e3o\",\"url\":\"https:\/\/jornalvia.com\/piracicaba\/author\/jaquelineprates\/\"}]}<\/script>\n<!-- \/ Yoast SEO plugin. -->","yoast_head_json":{"title":"Semana Lixo Zero ter\u00e1 nove dias de atividades ambientais em Piracicaba","robots":{"index":"index","follow":"follow","max-snippet":"max-snippet:-1","max-image-preview":"max-image-preview:large","max-video-preview":"max-video-preview:-1"},"canonical":"https:\/\/jornalvia.com\/piracicaba\/meio-ambiente\/semana-lixo-zero-tera-nove-dias-de-atividades-ambientais-em-piracicaba\/","og_locale":"pt_BR","og_type":"article","og_title":"Semana Lixo Zero ter\u00e1 nove dias de atividades ambientais em Piracicaba","og_description":"Programa\u00e7\u00e3o acontece de 19 a 27 de setembro e re\u00fane mutir\u00f5es de limpeza, descarte de eletroeletr\u00f4nicos, palestras, visitas, feira e a\u00e7\u00f5es de educa\u00e7\u00e3o ambiental","og_url":"https:\/\/jornalvia.com\/piracicaba\/meio-ambiente\/semana-lixo-zero-tera-nove-dias-de-atividades-ambientais-em-piracicaba\/","og_site_name":"Piracicaba","article_published_time":"2026-09-04T17:16:54+00:00","og_image":[{"width":2000,"height":1333,"url":"https:\/\/jornalvia.com\/piracicaba\/wp-content\/uploads\/sites\/2\/2026\/09\/2026-09-04-ID1-001635.webp","type":"image\/webp"}],"author":"Reda\u00e7\u00e3o","twitter_card":"summary_large_image","twitter_misc":{"Escrito por":"Reda\u00e7\u00e3o","Est. tempo de leitura":"4 minutos"},"schema":{"@context":"https:\/\/schema.org","@graph":[{"@type":"Article","@id":"https:\/\/jornalvia.com\/piracicaba\/meio-ambiente\/semana-lixo-zero-tera-nove-dias-de-atividades-ambientais-em-piracicaba\/#article","isPartOf":{"@id":"https:\/\/jornalvia.com\/piracicaba\/meio-ambiente\/semana-lixo-zero-tera-nove-dias-de-atividades-ambientais-em-piracicaba\/"},"author":{"name":"Reda\u00e7\u00e3o","@id":"https:\/\/jornalvia.com\/piracicaba\/#\/schema\/person\/672c24084b8babca7ca8adc9bb83152a"},"headline":"Semana Lixo Zero ter\u00e1 nove dias de atividades ambientais em Piracicaba","datePublished":"2026-09-04T17:16:54+00:00","mainEntityOfPage":{"@id":"https:\/\/jornalvia.com\/piracicaba\/meio-ambiente\/semana-lixo-zero-tera-nove-dias-de-atividades-ambientais-em-piracicaba\/"},"wordCount":830,"publisher":{"@id":"https:\/\/jornalvia.com\/piracicaba\/#organization"},"image":{"@id":"https:\/\/jornalvia.com\/piracicaba\/meio-ambiente\/semana-lixo-zero-tera-nove-dias-de-atividades-ambientais-em-piracicaba\/#primaryimage"},"thumbnailUrl":"https:\/\/jornalvia.com\/piracicaba\/wp-content\/uploads\/sites\/2\/2026\/09\/2026-09-04-ID1-001635.webp","articleSection":["Meio Ambiente"],"inLanguage":"pt-BR"},{"@type":"WebPage","@id":"https:\/\/jornalvia.com\/piracicaba\/meio-ambiente\/semana-lixo-zero-tera-nove-dias-de-atividades-ambientais-em-piracicaba\/","url":"https:\/\/jornalvia.com\/piracicaba\/meio-ambiente\/semana-lixo-zero-tera-nove-dias-de-atividades-ambientais-em-piracicaba\/","name":"Semana Lixo Zero ter\u00e1 nove dias de atividades ambientais em Piracicaba","isPartOf":{"@id":"https:\/\/jornalvia.com\/piracicaba\/#website"},"primaryImageOfPage":{"@id":"https:\/\/jornalvia.com\/piracicaba\/meio-ambiente\/semana-lixo-zero-tera-nove-dias-de-atividades-ambientais-em-piracicaba\/#primaryimage"},"image":{"@id":"https:\/\/jornalvia.com\/piracicaba\/meio-ambiente\/semana-lixo-zero-tera-nove-dias-de-atividades-ambientais-em-piracicaba\/#primaryimage"},"thumbnailUrl":"https:\/\/jornalvia.com\/piracicaba\/wp-content\/uploads\/sites\/2\/2026\/09\/2026-09-04-ID1-001635.webp","datePublished":"2026-09-04T17:16:54+00:00","breadcrumb":{"@id":"https:\/\/jornalvia.com\/piracicaba\/meio-ambiente\/semana-lixo-zero-tera-nove-dias-de-atividades-ambientais-em-piracicaba\/#breadcrumb"},"inLanguage":"pt-BR","potentialAction":[{"@type":"ReadAction","target":["https:\/\/jornalvia.com\/piracicaba\/meio-ambiente\/semana-lixo-zero-tera-nove-dias-de-atividades-ambientais-em-piracicaba\/"]}]},{"@type":"ImageObject","inLanguage":"pt-BR","@id":"https:\/\/jornalvia.com\/piracicaba\/meio-ambiente\/semana-lixo-zero-tera-nove-dias-de-atividades-ambientais-em-piracicaba\/#primaryimage","url":"https:\/\/jornalvia.com\/piracicaba\/wp-content\/uploads\/sites\/2\/2026\/09\/2026-09-04-ID1-001635.webp","contentUrl":"https:\/\/jornalvia.com\/piracicaba\/wp-content\/uploads\/sites\/2\/2026\/09\/2026-09-04-ID1-001635.webp","width":2000,"height":1333,"caption":"Foto: Reprodu\u00e7\u00e3o"},{"@type":"BreadcrumbList","@id":"https:\/\/jornalvia.com\/piracicaba\/meio-ambiente\/semana-lixo-zero-tera-nove-dias-de-atividades-ambientais-em-piracicaba\/#breadcrumb","itemListElement":[{"@type":"ListItem","position":1,"name":"In\u00edcio","item":"https:\/\/jornalvia.com\/piracicaba\/"},{"@type":"ListItem","position":2,"name":"Semana Lixo Zero ter\u00e1 nove dias de atividades ambientais em Piracicaba"}]},{"@type":"WebSite","@id":"https:\/\/jornalvia.com\/piracicaba\/#website","url":"https:\/\/jornalvia.com\/piracicaba\/","name":"Jornal VIA","description":"Seu novo jornal de not\u00edcias em Piracicaba com informa\u00e7\u00f5es locais, do Brasil e do mundo","publisher":{"@id":"https:\/\/jornalvia.com\/piracicaba\/#organization"},"alternateName":"Jornal VIA \u2022 Piracicaba","potentialAction":[{"@type":"SearchAction","target":{"@type":"EntryPoint","urlTemplate":"https:\/\/jornalvia.com\/piracicaba\/?s={search_term_string}"},"query-input":{"@type":"PropertyValueSpecification","valueRequired":true,"valueName":"search_term_string"}}],"inLanguage":"pt-BR"},{"@type":"Organization","@id":"https:\/\/jornalvia.com\/piracicaba\/#organization","name":"Jornal VIA","url":"https:\/\/jornalvia.com\/piracicaba\/","logo":{"@type":"ImageObject","inLanguage":"pt-BR","@id":"https:\/\/jornalvia.com\/piracicaba\/#\/schema\/logo\/image\/","url":"https:\/\/jornalvia.com\/piracicaba\/wp-content\/uploads\/sites\/2\/2025\/09\/cropped-logo_site_5-1.png","contentUrl":"https:\/\/jornalvia.com\/piracicaba\/wp-content\/uploads\/sites\/2\/2025\/09\/cropped-logo_site_5-1.png","width":512,"height":512,"caption":"Jornal VIA"},"image":{"@id":"https:\/\/jornalvia.com\/piracicaba\/#\/schema\/logo\/image\/"}},{"@type":"Person","@id":"https:\/\/jornalvia.com\/piracicaba\/#\/schema\/person\/672c24084b8babca7ca8adc9bb83152a","name":"Reda\u00e7\u00e3o","url":"https:\/\/jornalvia.com\/piracicaba\/author\/jaquelineprates\/"}]}},"_links":{"self":[{"href":"https:\/\/jornalvia.com\/piracicaba\/wp-json\/wp\/v2\/posts\/15375","targetHints":{"allow":["GET"]}}],"collection":[{"href":"https:\/\/jornalvia.com\/piracicaba\/wp-json\/wp\/v2\/posts"}],"about":[{"href":"https:\/\/jornalvia.com\/piracicaba\/wp-json\/wp\/v2\/types\/post"}],"author":[{"embeddable":true,"href":"https:\/\/jornalvia.com\/piracicaba\/wp-json\/wp\/v2\/users\/9"}],"replies":[{"embeddable":true,"href":"https:\/\/jornalvia.com\/piracicaba\/wp-json\/wp\/v2\/comments?post=15375"}],"version-history":[{"count":0,"href":"https:\/\/jornalvia.com\/piracicaba\/wp-json\/wp\/v2\/posts\/15375\/revisions"}],"wp:featuredmedia":[{"embeddable":true,"href":"https:\/\/jornalvia.com\/piracicaba\/wp-json\/wp\/v2\/media\/15376"}],"wp:attachment":[{"href":"https:\/\/jornalvia.com\/piracicaba\/wp-json\/wp\/v2\/media?parent=15375"}],"wp:term":[{"taxonomy":"category","embeddable":true,"href":"https:\/\/jornalvia.com\/piracicaba\/wp-json\/wp\/v2\/categories?post=15375"},{"taxonomy":"post_tag","embeddable":true,"href":"https:\/\/jornalvia.com\/piracicaba\/wp-json\/wp\/v2\/tags?post=15375"}],"curies":[{"name":"wp","href":"https:\/\/api.w.org\/{rel}","templated":true}]}}