{"id":15363,"date":"2026-09-04T10:54:07","date_gmt":"2026-09-04T13:54:07","guid":{"rendered":"https:\/\/jornalvia.com\/piracicaba\/cidade\/congresso-aprova-medida-que-amplia-forca-tarefa-para-reduzir-filas-do-inss"},"modified":"2026-09-04T10:54:07","modified_gmt":"2026-09-04T13:54:07","slug":"congresso-aprova-medida-que-amplia-forca-tarefa-para-reduzir-filas-do-inss","status":"publish","type":"post","link":"https:\/\/jornalvia.com\/piracicaba\/brasil\/congresso-aprova-medida-que-amplia-forca-tarefa-para-reduzir-filas-do-inss\/","title":{"rendered":"Congresso aprova medida que amplia for\u00e7a tarefa para reduzir filas do INSS"},"content":{"rendered":"<p>O Congresso Nacional concluiu nesta quinta feira (3) a aprova\u00e7\u00e3o da Medida Provis\u00f3ria 1.369\/2026, que altera o Programa de Gerenciamento de Benef\u00edcios (PGB) e amplia a atua\u00e7\u00e3o da for\u00e7a tarefa destinada a reduzir o tempo de espera por benef\u00edcios do Instituto Nacional do Seguro Social (INSS) e da Per\u00edcia M\u00e9dica Federal. Como C\u00e2mara e Senado n\u00e3o modificaram o texto enviado pelo Executivo, a medida seguir\u00e1 para promulga\u00e7\u00e3o pelo Congresso.<\/p>\n<p>Uma das principais mudan\u00e7as \u00e9 a inclus\u00e3o dos processos de reconhecimento inicial de direitos entre os objetivos do programa. Na pr\u00e1tica, pedidos novos de aposentadoria, benef\u00edcios por incapacidade e outros benef\u00edcios previdenci\u00e1rios e assistenciais passam a fazer parte do esfor\u00e7o extraordin\u00e1rio de an\u00e1lise.<\/p>\n<p><strong>Prazo cai de 45 para 30 dias<\/strong><br \/>\nA MP tamb\u00e9m reduz de 45 para 30 dias o tempo de espera necess\u00e1rio para que processos e servi\u00e7os administrativos possam ser inclu\u00eddos no PGB.<\/p>\n<p>A inten\u00e7\u00e3o \u00e9 permitir que o programa atue mais cedo sobre os requerimentos, antes que se transformem em estoques de longa espera. Processos com prazo judicial expirado tamb\u00e9m permanecem contemplados pelas regras.<\/p>\n<p>\u00c9 importante destacar que a mudan\u00e7a n\u00e3o significa que todo benef\u00edcio do INSS dever\u00e1 obrigatoriamente ser concedido em at\u00e9 30 dias. O prazo \u00e9 o marco para inclus\u00e3o do processo no escopo do programa extraordin\u00e1rio de gerenciamento.<\/p>\n<p><strong>Programa prev\u00ea pagamento por atividade extraordin\u00e1ria<\/strong><br \/>\nO PGB foi criado em 2025 pela Lei 15.201 para aumentar a capacidade de an\u00e1lise do INSS e da Per\u00edcia M\u00e9dica Federal. O programa permite pagamento extraordin\u00e1rio aos servidores participantes pela execu\u00e7\u00e3o de determinadas atividades al\u00e9m da capacidade ordin\u00e1ria, conforme as regras estabelecidas para a iniciativa.<\/p>\n<p>A legisla\u00e7\u00e3o prev\u00ea atualmente que o programa funcione at\u00e9 31 de dezembro de 2026.<\/p>\n<p><strong>Estoque de processos diminuiu no primeiro semestre<\/strong><br \/>\nDurante a tramita\u00e7\u00e3o da medida, foram apresentados dados sobre a evolu\u00e7\u00e3o dos pedidos pendentes. Segundo informa\u00e7\u00f5es citadas pela relatora, senadora Zenaide Maia (PSD RN), o n\u00famero de processos que aguardavam an\u00e1lise ou per\u00edcia m\u00e9dica inicial caiu de 2,7 milh\u00f5es para 1,7 milh\u00e3o entre janeiro e junho de 2026.<\/p>\n<p>No mesmo per\u00edodo, os processos com espera superior a 45 dias teriam recuado de 1,7 milh\u00e3o para cerca de 557 mil.<\/p>\n<p>A redu\u00e7\u00e3o do estoque, entretanto, n\u00e3o significa que deixem de existir pedidos em an\u00e1lise. O INSS recebe continuamente novos requerimentos de aposentadorias, benef\u00edcios por incapacidade, benef\u00edcios assistenciais e outros servi\u00e7os.<\/p>\n<p>Para segurados de Piracicaba e de todo o pa\u00eds, a mudan\u00e7a pode alcan\u00e7ar principalmente quem aguarda a an\u00e1lise inicial de um benef\u00edcio, j\u00e1 que esses requerimentos passam a integrar expressamente o escopo do programa.<\/p>\n","protected":false},"excerpt":{"rendered":"<p>MP inclui novos pedidos de aposentadorias e benef\u00edcios no Programa de Gerenciamento de Benef\u00edcios e permite atua\u00e7\u00e3o sobre processos com mais de 30 dias de espera<\/p>\n","protected":false},"author":9,"featured_media":15364,"comment_status":"closed","ping_status":"closed","sticky":false,"template":"","format":"standard","meta":{"_acf_changed":false,"footnotes":""},"categories":[20],"tags":[],"class_list":["post-15363","post","type-post","status-publish","format-standard","has-post-thumbnail","hentry","category-brasil"],"acf":[],"yoast_head":"<!-- This site is optimized with the Yoast SEO plugin v27.2 - https:\/\/yoast.com\/product\/yoast-seo-wordpress\/ -->\n<title>Congresso aprova medida que amplia for\u00e7a tarefa para reduzir filas do INSS<\/title>\n<meta name=\"robots\" content=\"index, follow, max-snippet:-1, max-image-preview:large, max-video-preview:-1\" \/>\n<link rel=\"canonical\" href=\"https:\/\/jornalvia.com\/piracicaba\/brasil\/congresso-aprova-medida-que-amplia-forca-tarefa-para-reduzir-filas-do-inss\/\" \/>\n<meta property=\"og:locale\" content=\"pt_BR\" \/>\n<meta property=\"og:type\" content=\"article\" \/>\n<meta property=\"og:title\" content=\"Congresso aprova medida que amplia for\u00e7a tarefa para reduzir filas do INSS\" \/>\n<meta property=\"og:description\" content=\"MP inclui novos pedidos de aposentadorias e benef\u00edcios no Programa de Gerenciamento de Benef\u00edcios e permite atua\u00e7\u00e3o sobre processos com mais de 30 dias de espera\" \/>\n<meta property=\"og:url\" content=\"https:\/\/jornalvia.com\/piracicaba\/brasil\/congresso-aprova-medida-que-amplia-forca-tarefa-para-reduzir-filas-do-inss\/\" \/>\n<meta property=\"og:site_name\" content=\"Piracicaba\" \/>\n<meta property=\"article:published_time\" content=\"2026-09-04T13:54:07+00:00\" \/>\n<meta property=\"og:image\" content=\"https:\/\/jornalvia.com\/piracicaba\/wp-content\/uploads\/sites\/2\/2026\/09\/2026-09-04-ID1-001632.webp\" \/>\n\t<meta property=\"og:image:width\" content=\"848\" \/>\n\t<meta property=\"og:image:height\" content=\"477\" \/>\n\t<meta property=\"og:image:type\" content=\"image\/webp\" \/>\n<meta name=\"author\" content=\"Reda\u00e7\u00e3o\" \/>\n<meta name=\"twitter:card\" content=\"summary_large_image\" \/>\n<meta name=\"twitter:label1\" content=\"Escrito por\" \/>\n\t<meta name=\"twitter:data1\" content=\"Reda\u00e7\u00e3o\" \/>\n\t<meta name=\"twitter:label2\" content=\"Est. tempo de leitura\" \/>\n\t<meta name=\"twitter:data2\" content=\"2 minutos\" \/>\n<script type=\"application\/ld+json\" class=\"yoast-schema-graph\">{\"@context\":\"https:\/\/schema.org\",\"@graph\":[{\"@type\":\"Article\",\"@id\":\"https:\/\/jornalvia.com\/piracicaba\/brasil\/congresso-aprova-medida-que-amplia-forca-tarefa-para-reduzir-filas-do-inss\/#article\",\"isPartOf\":{\"@id\":\"https:\/\/jornalvia.com\/piracicaba\/brasil\/congresso-aprova-medida-que-amplia-forca-tarefa-para-reduzir-filas-do-inss\/\"},\"author\":{\"name\":\"Reda\u00e7\u00e3o\",\"@id\":\"https:\/\/jornalvia.com\/piracicaba\/#\/schema\/person\/672c24084b8babca7ca8adc9bb83152a\"},\"headline\":\"Congresso aprova medida que amplia for\u00e7a tarefa para reduzir filas do INSS\",\"datePublished\":\"2026-09-04T13:54:07+00:00\",\"mainEntityOfPage\":{\"@id\":\"https:\/\/jornalvia.com\/piracicaba\/brasil\/congresso-aprova-medida-que-amplia-forca-tarefa-para-reduzir-filas-do-inss\/\"},\"wordCount\":473,\"publisher\":{\"@id\":\"https:\/\/jornalvia.com\/piracicaba\/#organization\"},\"image\":{\"@id\":\"https:\/\/jornalvia.com\/piracicaba\/brasil\/congresso-aprova-medida-que-amplia-forca-tarefa-para-reduzir-filas-do-inss\/#primaryimage\"},\"thumbnailUrl\":\"https:\/\/jornalvia.com\/piracicaba\/wp-content\/uploads\/sites\/2\/2026\/09\/2026-09-04-ID1-001632.webp\",\"articleSection\":[\"Brasil\"],\"inLanguage\":\"pt-BR\"},{\"@type\":\"WebPage\",\"@id\":\"https:\/\/jornalvia.com\/piracicaba\/brasil\/congresso-aprova-medida-que-amplia-forca-tarefa-para-reduzir-filas-do-inss\/\",\"url\":\"https:\/\/jornalvia.com\/piracicaba\/brasil\/congresso-aprova-medida-que-amplia-forca-tarefa-para-reduzir-filas-do-inss\/\",\"name\":\"Congresso aprova medida que amplia for\u00e7a tarefa para reduzir filas do INSS\",\"isPartOf\":{\"@id\":\"https:\/\/jornalvia.com\/piracicaba\/#website\"},\"primaryImageOfPage\":{\"@id\":\"https:\/\/jornalvia.com\/piracicaba\/brasil\/congresso-aprova-medida-que-amplia-forca-tarefa-para-reduzir-filas-do-inss\/#primaryimage\"},\"image\":{\"@id\":\"https:\/\/jornalvia.com\/piracicaba\/brasil\/congresso-aprova-medida-que-amplia-forca-tarefa-para-reduzir-filas-do-inss\/#primaryimage\"},\"thumbnailUrl\":\"https:\/\/jornalvia.com\/piracicaba\/wp-content\/uploads\/sites\/2\/2026\/09\/2026-09-04-ID1-001632.webp\",\"datePublished\":\"2026-09-04T13:54:07+00:00\",\"breadcrumb\":{\"@id\":\"https:\/\/jornalvia.com\/piracicaba\/brasil\/congresso-aprova-medida-que-amplia-forca-tarefa-para-reduzir-filas-do-inss\/#breadcrumb\"},\"inLanguage\":\"pt-BR\",\"potentialAction\":[{\"@type\":\"ReadAction\",\"target\":[\"https:\/\/jornalvia.com\/piracicaba\/brasil\/congresso-aprova-medida-que-amplia-forca-tarefa-para-reduzir-filas-do-inss\/\"]}]},{\"@type\":\"ImageObject\",\"inLanguage\":\"pt-BR\",\"@id\":\"https:\/\/jornalvia.com\/piracicaba\/brasil\/congresso-aprova-medida-que-amplia-forca-tarefa-para-reduzir-filas-do-inss\/#primaryimage\",\"url\":\"https:\/\/jornalvia.com\/piracicaba\/wp-content\/uploads\/sites\/2\/2026\/09\/2026-09-04-ID1-001632.webp\",\"contentUrl\":\"https:\/\/jornalvia.com\/piracicaba\/wp-content\/uploads\/sites\/2\/2026\/09\/2026-09-04-ID1-001632.webp\",\"width\":848,\"height\":477,\"caption\":\"Foto: Divulga\u00e7\u00e3o\/INSS\"},{\"@type\":\"BreadcrumbList\",\"@id\":\"https:\/\/jornalvia.com\/piracicaba\/brasil\/congresso-aprova-medida-que-amplia-forca-tarefa-para-reduzir-filas-do-inss\/#breadcrumb\",\"itemListElement\":[{\"@type\":\"ListItem\",\"position\":1,\"name\":\"In\u00edcio\",\"item\":\"https:\/\/jornalvia.com\/piracicaba\/\"},{\"@type\":\"ListItem\",\"position\":2,\"name\":\"Congresso aprova medida que amplia for\u00e7a tarefa para reduzir filas do INSS\"}]},{\"@type\":\"WebSite\",\"@id\":\"https:\/\/jornalvia.com\/piracicaba\/#website\",\"url\":\"https:\/\/jornalvia.com\/piracicaba\/\",\"name\":\"Jornal VIA\",\"description\":\"Seu novo jornal de not\u00edcias em Piracicaba com informa\u00e7\u00f5es locais, do Brasil e do mundo\",\"publisher\":{\"@id\":\"https:\/\/jornalvia.com\/piracicaba\/#organization\"},\"alternateName\":\"Jornal VIA \u2022 Piracicaba\",\"potentialAction\":[{\"@type\":\"SearchAction\",\"target\":{\"@type\":\"EntryPoint\",\"urlTemplate\":\"https:\/\/jornalvia.com\/piracicaba\/?s={search_term_string}\"},\"query-input\":{\"@type\":\"PropertyValueSpecification\",\"valueRequired\":true,\"valueName\":\"search_term_string\"}}],\"inLanguage\":\"pt-BR\"},{\"@type\":\"Organization\",\"@id\":\"https:\/\/jornalvia.com\/piracicaba\/#organization\",\"name\":\"Jornal VIA\",\"url\":\"https:\/\/jornalvia.com\/piracicaba\/\",\"logo\":{\"@type\":\"ImageObject\",\"inLanguage\":\"pt-BR\",\"@id\":\"https:\/\/jornalvia.com\/piracicaba\/#\/schema\/logo\/image\/\",\"url\":\"https:\/\/jornalvia.com\/piracicaba\/wp-content\/uploads\/sites\/2\/2025\/09\/cropped-logo_site_5-1.png\",\"contentUrl\":\"https:\/\/jornalvia.com\/piracicaba\/wp-content\/uploads\/sites\/2\/2025\/09\/cropped-logo_site_5-1.png\",\"width\":512,\"height\":512,\"caption\":\"Jornal VIA\"},\"image\":{\"@id\":\"https:\/\/jornalvia.com\/piracicaba\/#\/schema\/logo\/image\/\"}},{\"@type\":\"Person\",\"@id\":\"https:\/\/jornalvia.com\/piracicaba\/#\/schema\/person\/672c24084b8babca7ca8adc9bb83152a\",\"name\":\"Reda\u00e7\u00e3o\",\"url\":\"https:\/\/jornalvia.com\/piracicaba\/author\/jaquelineprates\/\"}]}<\/script>\n<!-- \/ Yoast SEO plugin. -->","yoast_head_json":{"title":"Congresso aprova medida que amplia for\u00e7a tarefa para reduzir filas do INSS","robots":{"index":"index","follow":"follow","max-snippet":"max-snippet:-1","max-image-preview":"max-image-preview:large","max-video-preview":"max-video-preview:-1"},"canonical":"https:\/\/jornalvia.com\/piracicaba\/brasil\/congresso-aprova-medida-que-amplia-forca-tarefa-para-reduzir-filas-do-inss\/","og_locale":"pt_BR","og_type":"article","og_title":"Congresso aprova medida que amplia for\u00e7a tarefa para reduzir filas do INSS","og_description":"MP inclui novos pedidos de aposentadorias e benef\u00edcios no Programa de Gerenciamento de Benef\u00edcios e permite atua\u00e7\u00e3o sobre processos com mais de 30 dias de espera","og_url":"https:\/\/jornalvia.com\/piracicaba\/brasil\/congresso-aprova-medida-que-amplia-forca-tarefa-para-reduzir-filas-do-inss\/","og_site_name":"Piracicaba","article_published_time":"2026-09-04T13:54:07+00:00","og_image":[{"width":848,"height":477,"url":"https:\/\/jornalvia.com\/piracicaba\/wp-content\/uploads\/sites\/2\/2026\/09\/2026-09-04-ID1-001632.webp","type":"image\/webp"}],"author":"Reda\u00e7\u00e3o","twitter_card":"summary_large_image","twitter_misc":{"Escrito por":"Reda\u00e7\u00e3o","Est. tempo de leitura":"2 minutos"},"schema":{"@context":"https:\/\/schema.org","@graph":[{"@type":"Article","@id":"https:\/\/jornalvia.com\/piracicaba\/brasil\/congresso-aprova-medida-que-amplia-forca-tarefa-para-reduzir-filas-do-inss\/#article","isPartOf":{"@id":"https:\/\/jornalvia.com\/piracicaba\/brasil\/congresso-aprova-medida-que-amplia-forca-tarefa-para-reduzir-filas-do-inss\/"},"author":{"name":"Reda\u00e7\u00e3o","@id":"https:\/\/jornalvia.com\/piracicaba\/#\/schema\/person\/672c24084b8babca7ca8adc9bb83152a"},"headline":"Congresso aprova medida que amplia for\u00e7a tarefa para reduzir filas do INSS","datePublished":"2026-09-04T13:54:07+00:00","mainEntityOfPage":{"@id":"https:\/\/jornalvia.com\/piracicaba\/brasil\/congresso-aprova-medida-que-amplia-forca-tarefa-para-reduzir-filas-do-inss\/"},"wordCount":473,"publisher":{"@id":"https:\/\/jornalvia.com\/piracicaba\/#organization"},"image":{"@id":"https:\/\/jornalvia.com\/piracicaba\/brasil\/congresso-aprova-medida-que-amplia-forca-tarefa-para-reduzir-filas-do-inss\/#primaryimage"},"thumbnailUrl":"https:\/\/jornalvia.com\/piracicaba\/wp-content\/uploads\/sites\/2\/2026\/09\/2026-09-04-ID1-001632.webp","articleSection":["Brasil"],"inLanguage":"pt-BR"},{"@type":"WebPage","@id":"https:\/\/jornalvia.com\/piracicaba\/brasil\/congresso-aprova-medida-que-amplia-forca-tarefa-para-reduzir-filas-do-inss\/","url":"https:\/\/jornalvia.com\/piracicaba\/brasil\/congresso-aprova-medida-que-amplia-forca-tarefa-para-reduzir-filas-do-inss\/","name":"Congresso aprova medida que amplia for\u00e7a tarefa para reduzir filas do INSS","isPartOf":{"@id":"https:\/\/jornalvia.com\/piracicaba\/#website"},"primaryImageOfPage":{"@id":"https:\/\/jornalvia.com\/piracicaba\/brasil\/congresso-aprova-medida-que-amplia-forca-tarefa-para-reduzir-filas-do-inss\/#primaryimage"},"image":{"@id":"https:\/\/jornalvia.com\/piracicaba\/brasil\/congresso-aprova-medida-que-amplia-forca-tarefa-para-reduzir-filas-do-inss\/#primaryimage"},"thumbnailUrl":"https:\/\/jornalvia.com\/piracicaba\/wp-content\/uploads\/sites\/2\/2026\/09\/2026-09-04-ID1-001632.webp","datePublished":"2026-09-04T13:54:07+00:00","breadcrumb":{"@id":"https:\/\/jornalvia.com\/piracicaba\/brasil\/congresso-aprova-medida-que-amplia-forca-tarefa-para-reduzir-filas-do-inss\/#breadcrumb"},"inLanguage":"pt-BR","potentialAction":[{"@type":"ReadAction","target":["https:\/\/jornalvia.com\/piracicaba\/brasil\/congresso-aprova-medida-que-amplia-forca-tarefa-para-reduzir-filas-do-inss\/"]}]},{"@type":"ImageObject","inLanguage":"pt-BR","@id":"https:\/\/jornalvia.com\/piracicaba\/brasil\/congresso-aprova-medida-que-amplia-forca-tarefa-para-reduzir-filas-do-inss\/#primaryimage","url":"https:\/\/jornalvia.com\/piracicaba\/wp-content\/uploads\/sites\/2\/2026\/09\/2026-09-04-ID1-001632.webp","contentUrl":"https:\/\/jornalvia.com\/piracicaba\/wp-content\/uploads\/sites\/2\/2026\/09\/2026-09-04-ID1-001632.webp","width":848,"height":477,"caption":"Foto: Divulga\u00e7\u00e3o\/INSS"},{"@type":"BreadcrumbList","@id":"https:\/\/jornalvia.com\/piracicaba\/brasil\/congresso-aprova-medida-que-amplia-forca-tarefa-para-reduzir-filas-do-inss\/#breadcrumb","itemListElement":[{"@type":"ListItem","position":1,"name":"In\u00edcio","item":"https:\/\/jornalvia.com\/piracicaba\/"},{"@type":"ListItem","position":2,"name":"Congresso aprova medida que amplia for\u00e7a tarefa para reduzir filas do INSS"}]},{"@type":"WebSite","@id":"https:\/\/jornalvia.com\/piracicaba\/#website","url":"https:\/\/jornalvia.com\/piracicaba\/","name":"Jornal VIA","description":"Seu novo jornal de not\u00edcias em Piracicaba com informa\u00e7\u00f5es locais, do Brasil e do mundo","publisher":{"@id":"https:\/\/jornalvia.com\/piracicaba\/#organization"},"alternateName":"Jornal VIA \u2022 Piracicaba","potentialAction":[{"@type":"SearchAction","target":{"@type":"EntryPoint","urlTemplate":"https:\/\/jornalvia.com\/piracicaba\/?s={search_term_string}"},"query-input":{"@type":"PropertyValueSpecification","valueRequired":true,"valueName":"search_term_string"}}],"inLanguage":"pt-BR"},{"@type":"Organization","@id":"https:\/\/jornalvia.com\/piracicaba\/#organization","name":"Jornal VIA","url":"https:\/\/jornalvia.com\/piracicaba\/","logo":{"@type":"ImageObject","inLanguage":"pt-BR","@id":"https:\/\/jornalvia.com\/piracicaba\/#\/schema\/logo\/image\/","url":"https:\/\/jornalvia.com\/piracicaba\/wp-content\/uploads\/sites\/2\/2025\/09\/cropped-logo_site_5-1.png","contentUrl":"https:\/\/jornalvia.com\/piracicaba\/wp-content\/uploads\/sites\/2\/2025\/09\/cropped-logo_site_5-1.png","width":512,"height":512,"caption":"Jornal VIA"},"image":{"@id":"https:\/\/jornalvia.com\/piracicaba\/#\/schema\/logo\/image\/"}},{"@type":"Person","@id":"https:\/\/jornalvia.com\/piracicaba\/#\/schema\/person\/672c24084b8babca7ca8adc9bb83152a","name":"Reda\u00e7\u00e3o","url":"https:\/\/jornalvia.com\/piracicaba\/author\/jaquelineprates\/"}]}},"_links":{"self":[{"href":"https:\/\/jornalvia.com\/piracicaba\/wp-json\/wp\/v2\/posts\/15363","targetHints":{"allow":["GET"]}}],"collection":[{"href":"https:\/\/jornalvia.com\/piracicaba\/wp-json\/wp\/v2\/posts"}],"about":[{"href":"https:\/\/jornalvia.com\/piracicaba\/wp-json\/wp\/v2\/types\/post"}],"author":[{"embeddable":true,"href":"https:\/\/jornalvia.com\/piracicaba\/wp-json\/wp\/v2\/users\/9"}],"replies":[{"embeddable":true,"href":"https:\/\/jornalvia.com\/piracicaba\/wp-json\/wp\/v2\/comments?post=15363"}],"version-history":[{"count":0,"href":"https:\/\/jornalvia.com\/piracicaba\/wp-json\/wp\/v2\/posts\/15363\/revisions"}],"wp:featuredmedia":[{"embeddable":true,"href":"https:\/\/jornalvia.com\/piracicaba\/wp-json\/wp\/v2\/media\/15364"}],"wp:attachment":[{"href":"https:\/\/jornalvia.com\/piracicaba\/wp-json\/wp\/v2\/media?parent=15363"}],"wp:term":[{"taxonomy":"category","embeddable":true,"href":"https:\/\/jornalvia.com\/piracicaba\/wp-json\/wp\/v2\/categories?post=15363"},{"taxonomy":"post_tag","embeddable":true,"href":"https:\/\/jornalvia.com\/piracicaba\/wp-json\/wp\/v2\/tags?post=15363"}],"curies":[{"name":"wp","href":"https:\/\/api.w.org\/{rel}","templated":true}]}}