{"id":15289,"date":"2026-09-01T12:11:41","date_gmt":"2026-09-01T15:11:41","guid":{"rendered":"https:\/\/jornalvia.com\/piracicaba\/cidade\/empresas-tem-ate-30-de-setembro-para-optar-pelo-simples-nacional-para-2027"},"modified":"2026-09-01T12:11:41","modified_gmt":"2026-09-01T15:11:41","slug":"empresas-tem-ate-30-de-setembro-para-optar-pelo-simples-nacional-para-2027","status":"publish","type":"post","link":"https:\/\/jornalvia.com\/piracicaba\/economia\/empresas-tem-ate-30-de-setembro-para-optar-pelo-simples-nacional-para-2027\/","title":{"rendered":"Empresas t\u00eam at\u00e9 30 de setembro para optar pelo Simples Nacional para 2027"},"content":{"rendered":"<p>Microempresas (ME) e empresas de pequeno porte (EPP) que desejam optar pelo Simples Nacional para 2027 t\u00eam de 1\u00ba a 30 de setembro de 2026 para fazer a solicita\u00e7\u00e3o. A op\u00e7\u00e3o realizada neste per\u00edodo ter\u00e1 efeitos a partir de 1\u00ba de janeiro de 2027 e valer\u00e1 durante o pr\u00f3ximo ano.<\/p>\n<p>O novo calend\u00e1rio antecipa um procedimento que anteriormente era realizado em janeiro. A mudan\u00e7a tamb\u00e9m alcan\u00e7a empresas cuja exclus\u00e3o do Simples Nacional produzir\u00e1 efeitos a partir de 1\u00ba de janeiro de 2027 e que pretendam retornar ao regime.<\/p>\n<p><strong>Pend\u00eancias podem impedir entrada no Simples Nacional<\/strong><br \/>\nPara ter a op\u00e7\u00e3o aprovada, a empresa n\u00e3o pode apresentar pend\u00eancias impeditivas com a Receita Federal, estados ou munic\u00edpios, al\u00e9m de precisar estar com a situa\u00e7\u00e3o cadastral regular.<\/p>\n<p>A verifica\u00e7\u00e3o envolve os diferentes entes federativos. Dessa forma, d\u00e9bitos ou irregularidades podem impedir a aprova\u00e7\u00e3o do pedido.<\/p>\n<p>A solicita\u00e7\u00e3o deve ser formalizada pelo Portal do Simples Nacional, onde o contribuinte poder\u00e1 verificar a exist\u00eancia de pend\u00eancias antes de concluir o procedimento.<\/p>\n<p>Caso a op\u00e7\u00e3o seja apresentada com irregularidades, poder\u00e1 ser emitido um Termo de Indeferimento. A partir da ci\u00eancia do documento, o contribuinte ter\u00e1 30 dias para regularizar a situa\u00e7\u00e3o ou apresentar contesta\u00e7\u00e3o, conforme as regras do procedimento.<\/p>\n<p><strong>Novo prazo d\u00e1 mais tempo para regulariza\u00e7\u00e3o<\/strong><br \/>\nAntes da mudan\u00e7a, empresas interessadas em ingressar no Simples Nacional tinham at\u00e9 o \u00faltimo dia \u00fatil de janeiro para realizar a op\u00e7\u00e3o e resolver eventuais pend\u00eancias.<\/p>\n<p>Com a antecipa\u00e7\u00e3o para setembro, o contribuinte passa a ter mais tempo para identificar d\u00e9bitos ou problemas cadastrais antes do in\u00edcio do ano em que a op\u00e7\u00e3o produzir\u00e1 efeitos.<\/p>\n<p>Para empresas de Piracicaba, isso significa que eventuais pend\u00eancias municipais tamb\u00e9m precisam ser verificadas e regularizadas de acordo com os procedimentos adotados pelo munic\u00edpio.<\/p>\n<p><strong>Reforma Tribut\u00e1ria traz decis\u00e3o sobre IBS e CBS<\/strong><br \/>\nO calend\u00e1rio de 2026 tamb\u00e9m ganha import\u00e2ncia por causa das mudan\u00e7as previstas na Reforma Tribut\u00e1ria.<\/p>\n<p>A partir de 2027, empresas optantes pelo Simples Nacional poder\u00e3o escolher como recolher o Imposto sobre Bens e Servi\u00e7os (IBS) e a Contribui\u00e7\u00e3o sobre Bens e Servi\u00e7os (CBS).<\/p>\n<p>Pela sistem\u00e1tica padr\u00e3o, IBS e CBS permanecer\u00e3o dentro do Simples Nacional e ser\u00e3o recolhidos por meio do Documento de Arrecada\u00e7\u00e3o do Simples Nacional (DAS).<\/p>\n<p>Tamb\u00e9m haver\u00e1 a possibilidade de optar pelo recolhimento desses tributos fora do Simples, seguindo o regime regular. Nesse caso, as parcelas referentes ao IBS e \u00e0 CBS deixam de integrar o DAS.<\/p>\n<p>De acordo com as orienta\u00e7\u00f5es divulgadas, quem quiser fazer essa op\u00e7\u00e3o para 2027 tamb\u00e9m dever\u00e1 observar o prazo de 30 de setembro de 2026.<\/p>\n<p><strong>Prazo \u00e9 diferente para MEI<\/strong><br \/>\nA mudan\u00e7a no calend\u00e1rio n\u00e3o se aplica da mesma forma ao Microempreendedor Individual (MEI).<\/p>\n<p>Para essa categoria, a op\u00e7\u00e3o pelo Simei continua sendo realizada em janeiro. O prazo informado para 2027 vai at\u00e9 29 de janeiro.<\/p>\n<p>Por isso, microempreendedores individuais devem observar as regras espec\u00edficas da categoria e n\u00e3o confundir o calend\u00e1rio com aquele destinado \u00e0s microempresas e empresas de pequeno porte.<\/p>\n<p><strong>Servi\u00e7o<\/strong><br \/>\nProcedimento: op\u00e7\u00e3o pelo Simples Nacional para 2027<br \/>\nPer\u00edodo: de 1\u00ba a 30 de setembro de 2026<br \/>\nP\u00fablico: microempresas e empresas de pequeno porte que atendam aos requisitos do regime<br \/>\nValidade: op\u00e7\u00e3o ter\u00e1 efeitos a partir de 1\u00ba de janeiro de 2027<br \/>\nSolicita\u00e7\u00e3o: Portal do Simples Nacional<br \/>\nRegularidade: pend\u00eancias fiscais ou cadastrais podem impedir a aprova\u00e7\u00e3o<br \/>\nMEI: op\u00e7\u00e3o pelo Simei segue calend\u00e1rio pr\u00f3prio em janeiro<\/p>\n","protected":false},"excerpt":{"rendered":"<p>Prazo come\u00e7ou nesta ter\u00e7a feira (1\u00ba) e vale para microempresas e empresas de pequeno porte j\u00e1 constitu\u00eddas; empresas com pend\u00eancias fiscais ou cadastrais precisam regularizar a situa\u00e7\u00e3o<\/p>\n","protected":false},"author":9,"featured_media":15290,"comment_status":"closed","ping_status":"closed","sticky":false,"template":"","format":"standard","meta":{"_acf_changed":false,"footnotes":""},"categories":[14,31],"tags":[],"class_list":["post-15289","post","type-post","status-publish","format-standard","has-post-thumbnail","hentry","category-economia","category-noticias"],"acf":[],"yoast_head":"<!-- This site is optimized with the Yoast SEO plugin v27.2 - https:\/\/yoast.com\/product\/yoast-seo-wordpress\/ -->\n<title>Empresas t\u00eam at\u00e9 30 de setembro para optar pelo Simples Nacional para 2027<\/title>\n<meta name=\"robots\" content=\"index, follow, max-snippet:-1, max-image-preview:large, max-video-preview:-1\" \/>\n<link rel=\"canonical\" href=\"https:\/\/jornalvia.com\/piracicaba\/economia\/empresas-tem-ate-30-de-setembro-para-optar-pelo-simples-nacional-para-2027\/\" \/>\n<meta property=\"og:locale\" content=\"pt_BR\" \/>\n<meta property=\"og:type\" content=\"article\" \/>\n<meta property=\"og:title\" content=\"Empresas t\u00eam at\u00e9 30 de setembro para optar pelo Simples Nacional para 2027\" \/>\n<meta property=\"og:description\" content=\"Prazo come\u00e7ou nesta ter\u00e7a feira (1\u00ba) e vale para microempresas e empresas de pequeno porte j\u00e1 constitu\u00eddas; empresas com pend\u00eancias fiscais ou cadastrais precisam regularizar a situa\u00e7\u00e3o\" \/>\n<meta property=\"og:url\" content=\"https:\/\/jornalvia.com\/piracicaba\/economia\/empresas-tem-ate-30-de-setembro-para-optar-pelo-simples-nacional-para-2027\/\" \/>\n<meta property=\"og:site_name\" content=\"Piracicaba\" \/>\n<meta property=\"article:published_time\" content=\"2026-09-01T15:11:41+00:00\" \/>\n<meta property=\"og:image\" content=\"https:\/\/jornalvia.com\/piracicaba\/wp-content\/uploads\/sites\/2\/2026\/09\/2026-09-01-ID1-001615.webp\" \/>\n\t<meta property=\"og:image:width\" content=\"1280\" \/>\n\t<meta property=\"og:image:height\" content=\"800\" \/>\n\t<meta property=\"og:image:type\" content=\"image\/webp\" \/>\n<meta name=\"author\" content=\"Reda\u00e7\u00e3o\" \/>\n<meta name=\"twitter:card\" content=\"summary_large_image\" \/>\n<meta name=\"twitter:label1\" content=\"Escrito por\" \/>\n\t<meta name=\"twitter:data1\" content=\"Reda\u00e7\u00e3o\" \/>\n\t<meta name=\"twitter:label2\" content=\"Est. tempo de leitura\" \/>\n\t<meta name=\"twitter:data2\" content=\"3 minutos\" \/>\n<script type=\"application\/ld+json\" class=\"yoast-schema-graph\">{\"@context\":\"https:\/\/schema.org\",\"@graph\":[{\"@type\":\"Article\",\"@id\":\"https:\/\/jornalvia.com\/piracicaba\/economia\/empresas-tem-ate-30-de-setembro-para-optar-pelo-simples-nacional-para-2027\/#article\",\"isPartOf\":{\"@id\":\"https:\/\/jornalvia.com\/piracicaba\/economia\/empresas-tem-ate-30-de-setembro-para-optar-pelo-simples-nacional-para-2027\/\"},\"author\":{\"name\":\"Reda\u00e7\u00e3o\",\"@id\":\"https:\/\/jornalvia.com\/piracicaba\/#\/schema\/person\/672c24084b8babca7ca8adc9bb83152a\"},\"headline\":\"Empresas t\u00eam at\u00e9 30 de setembro para optar pelo Simples Nacional para 2027\",\"datePublished\":\"2026-09-01T15:11:41+00:00\",\"mainEntityOfPage\":{\"@id\":\"https:\/\/jornalvia.com\/piracicaba\/economia\/empresas-tem-ate-30-de-setembro-para-optar-pelo-simples-nacional-para-2027\/\"},\"wordCount\":615,\"publisher\":{\"@id\":\"https:\/\/jornalvia.com\/piracicaba\/#organization\"},\"image\":{\"@id\":\"https:\/\/jornalvia.com\/piracicaba\/economia\/empresas-tem-ate-30-de-setembro-para-optar-pelo-simples-nacional-para-2027\/#primaryimage\"},\"thumbnailUrl\":\"https:\/\/jornalvia.com\/piracicaba\/wp-content\/uploads\/sites\/2\/2026\/09\/2026-09-01-ID1-001615.webp\",\"articleSection\":[\"Economia\",\"Not\u00edcias\"],\"inLanguage\":\"pt-BR\"},{\"@type\":\"WebPage\",\"@id\":\"https:\/\/jornalvia.com\/piracicaba\/economia\/empresas-tem-ate-30-de-setembro-para-optar-pelo-simples-nacional-para-2027\/\",\"url\":\"https:\/\/jornalvia.com\/piracicaba\/economia\/empresas-tem-ate-30-de-setembro-para-optar-pelo-simples-nacional-para-2027\/\",\"name\":\"Empresas t\u00eam at\u00e9 30 de setembro para optar pelo Simples Nacional para 2027\",\"isPartOf\":{\"@id\":\"https:\/\/jornalvia.com\/piracicaba\/#website\"},\"primaryImageOfPage\":{\"@id\":\"https:\/\/jornalvia.com\/piracicaba\/economia\/empresas-tem-ate-30-de-setembro-para-optar-pelo-simples-nacional-para-2027\/#primaryimage\"},\"image\":{\"@id\":\"https:\/\/jornalvia.com\/piracicaba\/economia\/empresas-tem-ate-30-de-setembro-para-optar-pelo-simples-nacional-para-2027\/#primaryimage\"},\"thumbnailUrl\":\"https:\/\/jornalvia.com\/piracicaba\/wp-content\/uploads\/sites\/2\/2026\/09\/2026-09-01-ID1-001615.webp\",\"datePublished\":\"2026-09-01T15:11:41+00:00\",\"breadcrumb\":{\"@id\":\"https:\/\/jornalvia.com\/piracicaba\/economia\/empresas-tem-ate-30-de-setembro-para-optar-pelo-simples-nacional-para-2027\/#breadcrumb\"},\"inLanguage\":\"pt-BR\",\"potentialAction\":[{\"@type\":\"ReadAction\",\"target\":[\"https:\/\/jornalvia.com\/piracicaba\/economia\/empresas-tem-ate-30-de-setembro-para-optar-pelo-simples-nacional-para-2027\/\"]}]},{\"@type\":\"ImageObject\",\"inLanguage\":\"pt-BR\",\"@id\":\"https:\/\/jornalvia.com\/piracicaba\/economia\/empresas-tem-ate-30-de-setembro-para-optar-pelo-simples-nacional-para-2027\/#primaryimage\",\"url\":\"https:\/\/jornalvia.com\/piracicaba\/wp-content\/uploads\/sites\/2\/2026\/09\/2026-09-01-ID1-001615.webp\",\"contentUrl\":\"https:\/\/jornalvia.com\/piracicaba\/wp-content\/uploads\/sites\/2\/2026\/09\/2026-09-01-ID1-001615.webp\",\"width\":1280,\"height\":800,\"caption\":\"Foto: Banco de Imagens\"},{\"@type\":\"BreadcrumbList\",\"@id\":\"https:\/\/jornalvia.com\/piracicaba\/economia\/empresas-tem-ate-30-de-setembro-para-optar-pelo-simples-nacional-para-2027\/#breadcrumb\",\"itemListElement\":[{\"@type\":\"ListItem\",\"position\":1,\"name\":\"In\u00edcio\",\"item\":\"https:\/\/jornalvia.com\/piracicaba\/\"},{\"@type\":\"ListItem\",\"position\":2,\"name\":\"Empresas t\u00eam at\u00e9 30 de setembro para optar pelo Simples Nacional para 2027\"}]},{\"@type\":\"WebSite\",\"@id\":\"https:\/\/jornalvia.com\/piracicaba\/#website\",\"url\":\"https:\/\/jornalvia.com\/piracicaba\/\",\"name\":\"Jornal VIA\",\"description\":\"Seu novo jornal de not\u00edcias em Piracicaba com informa\u00e7\u00f5es locais, do Brasil e do mundo\",\"publisher\":{\"@id\":\"https:\/\/jornalvia.com\/piracicaba\/#organization\"},\"alternateName\":\"Jornal VIA \u2022 Piracicaba\",\"potentialAction\":[{\"@type\":\"SearchAction\",\"target\":{\"@type\":\"EntryPoint\",\"urlTemplate\":\"https:\/\/jornalvia.com\/piracicaba\/?s={search_term_string}\"},\"query-input\":{\"@type\":\"PropertyValueSpecification\",\"valueRequired\":true,\"valueName\":\"search_term_string\"}}],\"inLanguage\":\"pt-BR\"},{\"@type\":\"Organization\",\"@id\":\"https:\/\/jornalvia.com\/piracicaba\/#organization\",\"name\":\"Jornal VIA\",\"url\":\"https:\/\/jornalvia.com\/piracicaba\/\",\"logo\":{\"@type\":\"ImageObject\",\"inLanguage\":\"pt-BR\",\"@id\":\"https:\/\/jornalvia.com\/piracicaba\/#\/schema\/logo\/image\/\",\"url\":\"https:\/\/jornalvia.com\/piracicaba\/wp-content\/uploads\/sites\/2\/2025\/09\/cropped-logo_site_5-1.png\",\"contentUrl\":\"https:\/\/jornalvia.com\/piracicaba\/wp-content\/uploads\/sites\/2\/2025\/09\/cropped-logo_site_5-1.png\",\"width\":512,\"height\":512,\"caption\":\"Jornal VIA\"},\"image\":{\"@id\":\"https:\/\/jornalvia.com\/piracicaba\/#\/schema\/logo\/image\/\"}},{\"@type\":\"Person\",\"@id\":\"https:\/\/jornalvia.com\/piracicaba\/#\/schema\/person\/672c24084b8babca7ca8adc9bb83152a\",\"name\":\"Reda\u00e7\u00e3o\",\"url\":\"https:\/\/jornalvia.com\/piracicaba\/author\/jaquelineprates\/\"}]}<\/script>\n<!-- \/ Yoast SEO plugin. -->","yoast_head_json":{"title":"Empresas t\u00eam at\u00e9 30 de setembro para optar pelo Simples Nacional para 2027","robots":{"index":"index","follow":"follow","max-snippet":"max-snippet:-1","max-image-preview":"max-image-preview:large","max-video-preview":"max-video-preview:-1"},"canonical":"https:\/\/jornalvia.com\/piracicaba\/economia\/empresas-tem-ate-30-de-setembro-para-optar-pelo-simples-nacional-para-2027\/","og_locale":"pt_BR","og_type":"article","og_title":"Empresas t\u00eam at\u00e9 30 de setembro para optar pelo Simples Nacional para 2027","og_description":"Prazo come\u00e7ou nesta ter\u00e7a feira (1\u00ba) e vale para microempresas e empresas de pequeno porte j\u00e1 constitu\u00eddas; empresas com pend\u00eancias fiscais ou cadastrais precisam regularizar a situa\u00e7\u00e3o","og_url":"https:\/\/jornalvia.com\/piracicaba\/economia\/empresas-tem-ate-30-de-setembro-para-optar-pelo-simples-nacional-para-2027\/","og_site_name":"Piracicaba","article_published_time":"2026-09-01T15:11:41+00:00","og_image":[{"width":1280,"height":800,"url":"https:\/\/jornalvia.com\/piracicaba\/wp-content\/uploads\/sites\/2\/2026\/09\/2026-09-01-ID1-001615.webp","type":"image\/webp"}],"author":"Reda\u00e7\u00e3o","twitter_card":"summary_large_image","twitter_misc":{"Escrito por":"Reda\u00e7\u00e3o","Est. tempo de leitura":"3 minutos"},"schema":{"@context":"https:\/\/schema.org","@graph":[{"@type":"Article","@id":"https:\/\/jornalvia.com\/piracicaba\/economia\/empresas-tem-ate-30-de-setembro-para-optar-pelo-simples-nacional-para-2027\/#article","isPartOf":{"@id":"https:\/\/jornalvia.com\/piracicaba\/economia\/empresas-tem-ate-30-de-setembro-para-optar-pelo-simples-nacional-para-2027\/"},"author":{"name":"Reda\u00e7\u00e3o","@id":"https:\/\/jornalvia.com\/piracicaba\/#\/schema\/person\/672c24084b8babca7ca8adc9bb83152a"},"headline":"Empresas t\u00eam at\u00e9 30 de setembro para optar pelo Simples Nacional para 2027","datePublished":"2026-09-01T15:11:41+00:00","mainEntityOfPage":{"@id":"https:\/\/jornalvia.com\/piracicaba\/economia\/empresas-tem-ate-30-de-setembro-para-optar-pelo-simples-nacional-para-2027\/"},"wordCount":615,"publisher":{"@id":"https:\/\/jornalvia.com\/piracicaba\/#organization"},"image":{"@id":"https:\/\/jornalvia.com\/piracicaba\/economia\/empresas-tem-ate-30-de-setembro-para-optar-pelo-simples-nacional-para-2027\/#primaryimage"},"thumbnailUrl":"https:\/\/jornalvia.com\/piracicaba\/wp-content\/uploads\/sites\/2\/2026\/09\/2026-09-01-ID1-001615.webp","articleSection":["Economia","Not\u00edcias"],"inLanguage":"pt-BR"},{"@type":"WebPage","@id":"https:\/\/jornalvia.com\/piracicaba\/economia\/empresas-tem-ate-30-de-setembro-para-optar-pelo-simples-nacional-para-2027\/","url":"https:\/\/jornalvia.com\/piracicaba\/economia\/empresas-tem-ate-30-de-setembro-para-optar-pelo-simples-nacional-para-2027\/","name":"Empresas t\u00eam at\u00e9 30 de setembro para optar pelo Simples Nacional para 2027","isPartOf":{"@id":"https:\/\/jornalvia.com\/piracicaba\/#website"},"primaryImageOfPage":{"@id":"https:\/\/jornalvia.com\/piracicaba\/economia\/empresas-tem-ate-30-de-setembro-para-optar-pelo-simples-nacional-para-2027\/#primaryimage"},"image":{"@id":"https:\/\/jornalvia.com\/piracicaba\/economia\/empresas-tem-ate-30-de-setembro-para-optar-pelo-simples-nacional-para-2027\/#primaryimage"},"thumbnailUrl":"https:\/\/jornalvia.com\/piracicaba\/wp-content\/uploads\/sites\/2\/2026\/09\/2026-09-01-ID1-001615.webp","datePublished":"2026-09-01T15:11:41+00:00","breadcrumb":{"@id":"https:\/\/jornalvia.com\/piracicaba\/economia\/empresas-tem-ate-30-de-setembro-para-optar-pelo-simples-nacional-para-2027\/#breadcrumb"},"inLanguage":"pt-BR","potentialAction":[{"@type":"ReadAction","target":["https:\/\/jornalvia.com\/piracicaba\/economia\/empresas-tem-ate-30-de-setembro-para-optar-pelo-simples-nacional-para-2027\/"]}]},{"@type":"ImageObject","inLanguage":"pt-BR","@id":"https:\/\/jornalvia.com\/piracicaba\/economia\/empresas-tem-ate-30-de-setembro-para-optar-pelo-simples-nacional-para-2027\/#primaryimage","url":"https:\/\/jornalvia.com\/piracicaba\/wp-content\/uploads\/sites\/2\/2026\/09\/2026-09-01-ID1-001615.webp","contentUrl":"https:\/\/jornalvia.com\/piracicaba\/wp-content\/uploads\/sites\/2\/2026\/09\/2026-09-01-ID1-001615.webp","width":1280,"height":800,"caption":"Foto: Banco de Imagens"},{"@type":"BreadcrumbList","@id":"https:\/\/jornalvia.com\/piracicaba\/economia\/empresas-tem-ate-30-de-setembro-para-optar-pelo-simples-nacional-para-2027\/#breadcrumb","itemListElement":[{"@type":"ListItem","position":1,"name":"In\u00edcio","item":"https:\/\/jornalvia.com\/piracicaba\/"},{"@type":"ListItem","position":2,"name":"Empresas t\u00eam at\u00e9 30 de setembro para optar pelo Simples Nacional para 2027"}]},{"@type":"WebSite","@id":"https:\/\/jornalvia.com\/piracicaba\/#website","url":"https:\/\/jornalvia.com\/piracicaba\/","name":"Jornal VIA","description":"Seu novo jornal de not\u00edcias em Piracicaba com informa\u00e7\u00f5es locais, do Brasil e do mundo","publisher":{"@id":"https:\/\/jornalvia.com\/piracicaba\/#organization"},"alternateName":"Jornal VIA \u2022 Piracicaba","potentialAction":[{"@type":"SearchAction","target":{"@type":"EntryPoint","urlTemplate":"https:\/\/jornalvia.com\/piracicaba\/?s={search_term_string}"},"query-input":{"@type":"PropertyValueSpecification","valueRequired":true,"valueName":"search_term_string"}}],"inLanguage":"pt-BR"},{"@type":"Organization","@id":"https:\/\/jornalvia.com\/piracicaba\/#organization","name":"Jornal VIA","url":"https:\/\/jornalvia.com\/piracicaba\/","logo":{"@type":"ImageObject","inLanguage":"pt-BR","@id":"https:\/\/jornalvia.com\/piracicaba\/#\/schema\/logo\/image\/","url":"https:\/\/jornalvia.com\/piracicaba\/wp-content\/uploads\/sites\/2\/2025\/09\/cropped-logo_site_5-1.png","contentUrl":"https:\/\/jornalvia.com\/piracicaba\/wp-content\/uploads\/sites\/2\/2025\/09\/cropped-logo_site_5-1.png","width":512,"height":512,"caption":"Jornal VIA"},"image":{"@id":"https:\/\/jornalvia.com\/piracicaba\/#\/schema\/logo\/image\/"}},{"@type":"Person","@id":"https:\/\/jornalvia.com\/piracicaba\/#\/schema\/person\/672c24084b8babca7ca8adc9bb83152a","name":"Reda\u00e7\u00e3o","url":"https:\/\/jornalvia.com\/piracicaba\/author\/jaquelineprates\/"}]}},"_links":{"self":[{"href":"https:\/\/jornalvia.com\/piracicaba\/wp-json\/wp\/v2\/posts\/15289","targetHints":{"allow":["GET"]}}],"collection":[{"href":"https:\/\/jornalvia.com\/piracicaba\/wp-json\/wp\/v2\/posts"}],"about":[{"href":"https:\/\/jornalvia.com\/piracicaba\/wp-json\/wp\/v2\/types\/post"}],"author":[{"embeddable":true,"href":"https:\/\/jornalvia.com\/piracicaba\/wp-json\/wp\/v2\/users\/9"}],"replies":[{"embeddable":true,"href":"https:\/\/jornalvia.com\/piracicaba\/wp-json\/wp\/v2\/comments?post=15289"}],"version-history":[{"count":0,"href":"https:\/\/jornalvia.com\/piracicaba\/wp-json\/wp\/v2\/posts\/15289\/revisions"}],"wp:featuredmedia":[{"embeddable":true,"href":"https:\/\/jornalvia.com\/piracicaba\/wp-json\/wp\/v2\/media\/15290"}],"wp:attachment":[{"href":"https:\/\/jornalvia.com\/piracicaba\/wp-json\/wp\/v2\/media?parent=15289"}],"wp:term":[{"taxonomy":"category","embeddable":true,"href":"https:\/\/jornalvia.com\/piracicaba\/wp-json\/wp\/v2\/categories?post=15289"},{"taxonomy":"post_tag","embeddable":true,"href":"https:\/\/jornalvia.com\/piracicaba\/wp-json\/wp\/v2\/tags?post=15289"}],"curies":[{"name":"wp","href":"https:\/\/api.w.org\/{rel}","templated":true}]}}