{"id":15286,"date":"2026-09-01T11:40:07","date_gmt":"2026-09-01T14:40:07","guid":{"rendered":"https:\/\/jornalvia.com\/piracicaba\/?p=15286"},"modified":"2026-09-01T11:40:07","modified_gmt":"2026-09-01T14:40:07","slug":"entregadores-de-aplicativos-de-piracicaba-aderem-a-paralisacao-nacional-nesta-terca-feira","status":"publish","type":"post","link":"https:\/\/jornalvia.com\/piracicaba\/cidade\/entregadores-de-aplicativos-de-piracicaba-aderem-a-paralisacao-nacional-nesta-terca-feira\/","title":{"rendered":"Entregadores de aplicativos de Piracicaba aderem a paralisa\u00e7\u00e3o nacional nesta ter\u00e7a feira"},"content":{"rendered":"<p>Entregadores de aplicativos de Piracicaba aderem nesta ter\u00e7a feira (1\u00ba) a uma paralisa\u00e7\u00e3o nacional que reivindica mudan\u00e7as na remunera\u00e7\u00e3o e nas condi\u00e7\u00f5es de trabalho oferecidas pelas plataformas digitais.<\/p>\n<p>A mobiliza\u00e7\u00e3o, divulgada como Breque Geral dos Apps, orienta os entregadores a permanecerem desconectados dos aplicativos durante o protesto. Em Piracicaba, a organiza\u00e7\u00e3o do movimento come\u00e7ou a ganhar visibilidade em agosto, quando trabalhadores se reuniram em frente ao Shopping Piracicaba para divulgar a paralisa\u00e7\u00e3o e apresentar as reivindica\u00e7\u00f5es da categoria.<\/p>\n<p>At\u00e9 o momento, n\u00e3o h\u00e1 um levantamento consolidado sobre quantos entregadores aderiram ao movimento na cidade nem dados que permitam medir o impacto da paralisa\u00e7\u00e3o sobre os servi\u00e7os de entrega.<\/p>\n<p><strong>Entregadores reivindicam novos valores por corrida<\/strong><br \/>\nEntre as principais reivindica\u00e7\u00f5es divulgadas pelo movimento nacional est\u00e1 a defini\u00e7\u00e3o de R$ 10 como valor m\u00ednimo para corridas curtas e pagamento de R$ 2,50 por quil\u00f4metro rodado.<\/p>\n<p>Os trabalhadores tamb\u00e9m cobram maior transpar\u00eancia das empresas sobre os crit\u00e9rios utilizados para bloqueios e suspens\u00f5es de contas.<\/p>\n<p>Outra quest\u00e3o levantada pela categoria envolve modalidades de entrega que, segundo representantes do movimento, podem reduzir a remunera\u00e7\u00e3o recebida pelos trabalhadores.<\/p>\n<p><strong>Orienta\u00e7\u00e3o \u00e9 permanecer offline<\/strong><br \/>\nDurante a mobiliza\u00e7\u00e3o desta ter\u00e7a feira, a orienta\u00e7\u00e3o divulgada pelos organizadores \u00e9 para que os entregadores participantes permane\u00e7am offline, evitando aceitar pedidos pelas plataformas.<\/p>\n<p>A estrat\u00e9gia busca reduzir temporariamente a disponibilidade de trabalhadores nos aplicativos e chamar a aten\u00e7\u00e3o das empresas para as reivindica\u00e7\u00f5es apresentadas pela categoria.<\/p>\n<p>Apesar da ades\u00e3o anunciada em Piracicaba, ainda n\u00e3o \u00e9 poss\u00edvel afirmar que o servi\u00e7o de delivery esteja paralisado de maneira generalizada na cidade. O n\u00famero de trabalhadores que efetivamente deixaram de realizar entregas nesta ter\u00e7a ainda n\u00e3o foi divulgado.<\/p>\n<p><strong>Movimento foi divulgado em Piracicaba em agosto<\/strong><br \/>\nA mobiliza\u00e7\u00e3o local come\u00e7ou a ser divulgada com anteced\u00eancia. Em agosto, entregadores se reuniram em um ponto pr\u00f3ximo ao Shopping Piracicaba para informar outros trabalhadores sobre o movimento previsto para 1\u00ba de setembro.<\/p>\n<p>A paralisa\u00e7\u00e3o de Piracicaba faz parte de uma mobiliza\u00e7\u00e3o mais ampla, organizada por entregadores em diferentes cidades brasileiras.<\/p>\n<p>O movimento ocorre em meio ao debate nacional sobre remunera\u00e7\u00e3o, condi\u00e7\u00f5es de trabalho e regras aplicadas aos profissionais que atuam por meio de plataformas digitais.<\/p>\n<p><strong>Ades\u00e3o em Piracicaba ainda ser\u00e1 dimensionada<\/strong><br \/>\nUm dos pontos que dever\u00e1 ser acompanhado ao longo desta ter\u00e7a feira \u00e9 o tamanho efetivo da ades\u00e3o em Piracicaba e se a mobiliza\u00e7\u00e3o ter\u00e1 reflexos percept\u00edveis no tempo de espera ou na disponibilidade de entregadores.<\/p>\n<p>At\u00e9 a apura\u00e7\u00e3o realizada para esta publica\u00e7\u00e3o, tamb\u00e9m n\u00e3o havia um posicionamento espec\u00edfico das principais plataformas sobre os efeitos da paralisa\u00e7\u00e3o em Piracicaba.<\/p>\n","protected":false},"excerpt":{"rendered":"<p>Mobiliza\u00e7\u00e3o conhecida como Breque Geral dos Apps cobra aumento na remunera\u00e7\u00e3o e maior transpar\u00eancia das plataformas; ainda n\u00e3o h\u00e1 balan\u00e7o sobre a ades\u00e3o dos trabalhadores na cidade<\/p>\n","protected":false},"author":9,"featured_media":15287,"comment_status":"closed","ping_status":"closed","sticky":false,"template":"","format":"standard","meta":{"_acf_changed":false,"footnotes":""},"categories":[3],"tags":[],"class_list":["post-15286","post","type-post","status-publish","format-standard","has-post-thumbnail","hentry","category-cidade"],"acf":[],"yoast_head":"<!-- This site is optimized with the Yoast SEO plugin v27.2 - https:\/\/yoast.com\/product\/yoast-seo-wordpress\/ -->\n<title>Entregadores de aplicativos de Piracicaba aderem a paralisa\u00e7\u00e3o nacional nesta ter\u00e7a feira<\/title>\n<meta name=\"robots\" content=\"index, follow, max-snippet:-1, max-image-preview:large, max-video-preview:-1\" \/>\n<link rel=\"canonical\" href=\"https:\/\/jornalvia.com\/piracicaba\/cidade\/entregadores-de-aplicativos-de-piracicaba-aderem-a-paralisacao-nacional-nesta-terca-feira\/\" \/>\n<meta property=\"og:locale\" content=\"pt_BR\" \/>\n<meta property=\"og:type\" content=\"article\" \/>\n<meta property=\"og:title\" content=\"Entregadores de aplicativos de Piracicaba aderem a paralisa\u00e7\u00e3o nacional nesta ter\u00e7a feira\" \/>\n<meta property=\"og:description\" content=\"Mobiliza\u00e7\u00e3o conhecida como Breque Geral dos Apps cobra aumento na remunera\u00e7\u00e3o e maior transpar\u00eancia das plataformas; ainda n\u00e3o h\u00e1 balan\u00e7o sobre a ades\u00e3o dos trabalhadores na cidade\" \/>\n<meta property=\"og:url\" content=\"https:\/\/jornalvia.com\/piracicaba\/cidade\/entregadores-de-aplicativos-de-piracicaba-aderem-a-paralisacao-nacional-nesta-terca-feira\/\" \/>\n<meta property=\"og:site_name\" content=\"Piracicaba\" \/>\n<meta property=\"article:published_time\" content=\"2026-09-01T14:40:07+00:00\" \/>\n<meta property=\"og:image\" content=\"https:\/\/jornalvia.com\/piracicaba\/wp-content\/uploads\/sites\/2\/2026\/09\/2026-09-01-ID2-001676.webp\" \/>\n\t<meta property=\"og:image:width\" content=\"800\" \/>\n\t<meta property=\"og:image:height\" content=\"523\" \/>\n\t<meta property=\"og:image:type\" content=\"image\/webp\" \/>\n<meta name=\"author\" content=\"Reda\u00e7\u00e3o\" \/>\n<meta name=\"twitter:card\" content=\"summary_large_image\" \/>\n<meta name=\"twitter:label1\" content=\"Escrito por\" \/>\n\t<meta name=\"twitter:data1\" content=\"Reda\u00e7\u00e3o\" \/>\n\t<meta name=\"twitter:label2\" content=\"Est. tempo de leitura\" \/>\n\t<meta name=\"twitter:data2\" content=\"2 minutos\" \/>\n<script type=\"application\/ld+json\" class=\"yoast-schema-graph\">{\"@context\":\"https:\/\/schema.org\",\"@graph\":[{\"@type\":\"Article\",\"@id\":\"https:\/\/jornalvia.com\/piracicaba\/cidade\/entregadores-de-aplicativos-de-piracicaba-aderem-a-paralisacao-nacional-nesta-terca-feira\/#article\",\"isPartOf\":{\"@id\":\"https:\/\/jornalvia.com\/piracicaba\/cidade\/entregadores-de-aplicativos-de-piracicaba-aderem-a-paralisacao-nacional-nesta-terca-feira\/\"},\"author\":{\"name\":\"Reda\u00e7\u00e3o\",\"@id\":\"https:\/\/jornalvia.com\/piracicaba\/#\/schema\/person\/672c24084b8babca7ca8adc9bb83152a\"},\"headline\":\"Entregadores de aplicativos de Piracicaba aderem a paralisa\u00e7\u00e3o nacional nesta ter\u00e7a feira\",\"datePublished\":\"2026-09-01T14:40:07+00:00\",\"mainEntityOfPage\":{\"@id\":\"https:\/\/jornalvia.com\/piracicaba\/cidade\/entregadores-de-aplicativos-de-piracicaba-aderem-a-paralisacao-nacional-nesta-terca-feira\/\"},\"wordCount\":482,\"publisher\":{\"@id\":\"https:\/\/jornalvia.com\/piracicaba\/#organization\"},\"image\":{\"@id\":\"https:\/\/jornalvia.com\/piracicaba\/cidade\/entregadores-de-aplicativos-de-piracicaba-aderem-a-paralisacao-nacional-nesta-terca-feira\/#primaryimage\"},\"thumbnailUrl\":\"https:\/\/jornalvia.com\/piracicaba\/wp-content\/uploads\/sites\/2\/2026\/09\/2026-09-01-ID2-001676.webp\",\"articleSection\":[\"Cidade\"],\"inLanguage\":\"pt-BR\"},{\"@type\":\"WebPage\",\"@id\":\"https:\/\/jornalvia.com\/piracicaba\/cidade\/entregadores-de-aplicativos-de-piracicaba-aderem-a-paralisacao-nacional-nesta-terca-feira\/\",\"url\":\"https:\/\/jornalvia.com\/piracicaba\/cidade\/entregadores-de-aplicativos-de-piracicaba-aderem-a-paralisacao-nacional-nesta-terca-feira\/\",\"name\":\"Entregadores de aplicativos de Piracicaba aderem a paralisa\u00e7\u00e3o nacional nesta ter\u00e7a feira\",\"isPartOf\":{\"@id\":\"https:\/\/jornalvia.com\/piracicaba\/#website\"},\"primaryImageOfPage\":{\"@id\":\"https:\/\/jornalvia.com\/piracicaba\/cidade\/entregadores-de-aplicativos-de-piracicaba-aderem-a-paralisacao-nacional-nesta-terca-feira\/#primaryimage\"},\"image\":{\"@id\":\"https:\/\/jornalvia.com\/piracicaba\/cidade\/entregadores-de-aplicativos-de-piracicaba-aderem-a-paralisacao-nacional-nesta-terca-feira\/#primaryimage\"},\"thumbnailUrl\":\"https:\/\/jornalvia.com\/piracicaba\/wp-content\/uploads\/sites\/2\/2026\/09\/2026-09-01-ID2-001676.webp\",\"datePublished\":\"2026-09-01T14:40:07+00:00\",\"breadcrumb\":{\"@id\":\"https:\/\/jornalvia.com\/piracicaba\/cidade\/entregadores-de-aplicativos-de-piracicaba-aderem-a-paralisacao-nacional-nesta-terca-feira\/#breadcrumb\"},\"inLanguage\":\"pt-BR\",\"potentialAction\":[{\"@type\":\"ReadAction\",\"target\":[\"https:\/\/jornalvia.com\/piracicaba\/cidade\/entregadores-de-aplicativos-de-piracicaba-aderem-a-paralisacao-nacional-nesta-terca-feira\/\"]}]},{\"@type\":\"ImageObject\",\"inLanguage\":\"pt-BR\",\"@id\":\"https:\/\/jornalvia.com\/piracicaba\/cidade\/entregadores-de-aplicativos-de-piracicaba-aderem-a-paralisacao-nacional-nesta-terca-feira\/#primaryimage\",\"url\":\"https:\/\/jornalvia.com\/piracicaba\/wp-content\/uploads\/sites\/2\/2026\/09\/2026-09-01-ID2-001676.webp\",\"contentUrl\":\"https:\/\/jornalvia.com\/piracicaba\/wp-content\/uploads\/sites\/2\/2026\/09\/2026-09-01-ID2-001676.webp\",\"width\":800,\"height\":523,\"caption\":\"Foto: Reprodu\u00e7\u00e3o\"},{\"@type\":\"BreadcrumbList\",\"@id\":\"https:\/\/jornalvia.com\/piracicaba\/cidade\/entregadores-de-aplicativos-de-piracicaba-aderem-a-paralisacao-nacional-nesta-terca-feira\/#breadcrumb\",\"itemListElement\":[{\"@type\":\"ListItem\",\"position\":1,\"name\":\"In\u00edcio\",\"item\":\"https:\/\/jornalvia.com\/piracicaba\/\"},{\"@type\":\"ListItem\",\"position\":2,\"name\":\"Entregadores de aplicativos de Piracicaba aderem a paralisa\u00e7\u00e3o nacional nesta ter\u00e7a feira\"}]},{\"@type\":\"WebSite\",\"@id\":\"https:\/\/jornalvia.com\/piracicaba\/#website\",\"url\":\"https:\/\/jornalvia.com\/piracicaba\/\",\"name\":\"Jornal VIA\",\"description\":\"Seu novo jornal de not\u00edcias em Piracicaba com informa\u00e7\u00f5es locais, do Brasil e do mundo\",\"publisher\":{\"@id\":\"https:\/\/jornalvia.com\/piracicaba\/#organization\"},\"alternateName\":\"Jornal VIA \u2022 Piracicaba\",\"potentialAction\":[{\"@type\":\"SearchAction\",\"target\":{\"@type\":\"EntryPoint\",\"urlTemplate\":\"https:\/\/jornalvia.com\/piracicaba\/?s={search_term_string}\"},\"query-input\":{\"@type\":\"PropertyValueSpecification\",\"valueRequired\":true,\"valueName\":\"search_term_string\"}}],\"inLanguage\":\"pt-BR\"},{\"@type\":\"Organization\",\"@id\":\"https:\/\/jornalvia.com\/piracicaba\/#organization\",\"name\":\"Jornal VIA\",\"url\":\"https:\/\/jornalvia.com\/piracicaba\/\",\"logo\":{\"@type\":\"ImageObject\",\"inLanguage\":\"pt-BR\",\"@id\":\"https:\/\/jornalvia.com\/piracicaba\/#\/schema\/logo\/image\/\",\"url\":\"https:\/\/jornalvia.com\/piracicaba\/wp-content\/uploads\/sites\/2\/2025\/09\/cropped-logo_site_5-1.png\",\"contentUrl\":\"https:\/\/jornalvia.com\/piracicaba\/wp-content\/uploads\/sites\/2\/2025\/09\/cropped-logo_site_5-1.png\",\"width\":512,\"height\":512,\"caption\":\"Jornal VIA\"},\"image\":{\"@id\":\"https:\/\/jornalvia.com\/piracicaba\/#\/schema\/logo\/image\/\"}},{\"@type\":\"Person\",\"@id\":\"https:\/\/jornalvia.com\/piracicaba\/#\/schema\/person\/672c24084b8babca7ca8adc9bb83152a\",\"name\":\"Reda\u00e7\u00e3o\",\"url\":\"https:\/\/jornalvia.com\/piracicaba\/author\/jaquelineprates\/\"}]}<\/script>\n<!-- \/ Yoast SEO plugin. -->","yoast_head_json":{"title":"Entregadores de aplicativos de Piracicaba aderem a paralisa\u00e7\u00e3o nacional nesta ter\u00e7a feira","robots":{"index":"index","follow":"follow","max-snippet":"max-snippet:-1","max-image-preview":"max-image-preview:large","max-video-preview":"max-video-preview:-1"},"canonical":"https:\/\/jornalvia.com\/piracicaba\/cidade\/entregadores-de-aplicativos-de-piracicaba-aderem-a-paralisacao-nacional-nesta-terca-feira\/","og_locale":"pt_BR","og_type":"article","og_title":"Entregadores de aplicativos de Piracicaba aderem a paralisa\u00e7\u00e3o nacional nesta ter\u00e7a feira","og_description":"Mobiliza\u00e7\u00e3o conhecida como Breque Geral dos Apps cobra aumento na remunera\u00e7\u00e3o e maior transpar\u00eancia das plataformas; ainda n\u00e3o h\u00e1 balan\u00e7o sobre a ades\u00e3o dos trabalhadores na cidade","og_url":"https:\/\/jornalvia.com\/piracicaba\/cidade\/entregadores-de-aplicativos-de-piracicaba-aderem-a-paralisacao-nacional-nesta-terca-feira\/","og_site_name":"Piracicaba","article_published_time":"2026-09-01T14:40:07+00:00","og_image":[{"width":800,"height":523,"url":"https:\/\/jornalvia.com\/piracicaba\/wp-content\/uploads\/sites\/2\/2026\/09\/2026-09-01-ID2-001676.webp","type":"image\/webp"}],"author":"Reda\u00e7\u00e3o","twitter_card":"summary_large_image","twitter_misc":{"Escrito por":"Reda\u00e7\u00e3o","Est. tempo de leitura":"2 minutos"},"schema":{"@context":"https:\/\/schema.org","@graph":[{"@type":"Article","@id":"https:\/\/jornalvia.com\/piracicaba\/cidade\/entregadores-de-aplicativos-de-piracicaba-aderem-a-paralisacao-nacional-nesta-terca-feira\/#article","isPartOf":{"@id":"https:\/\/jornalvia.com\/piracicaba\/cidade\/entregadores-de-aplicativos-de-piracicaba-aderem-a-paralisacao-nacional-nesta-terca-feira\/"},"author":{"name":"Reda\u00e7\u00e3o","@id":"https:\/\/jornalvia.com\/piracicaba\/#\/schema\/person\/672c24084b8babca7ca8adc9bb83152a"},"headline":"Entregadores de aplicativos de Piracicaba aderem a paralisa\u00e7\u00e3o nacional nesta ter\u00e7a feira","datePublished":"2026-09-01T14:40:07+00:00","mainEntityOfPage":{"@id":"https:\/\/jornalvia.com\/piracicaba\/cidade\/entregadores-de-aplicativos-de-piracicaba-aderem-a-paralisacao-nacional-nesta-terca-feira\/"},"wordCount":482,"publisher":{"@id":"https:\/\/jornalvia.com\/piracicaba\/#organization"},"image":{"@id":"https:\/\/jornalvia.com\/piracicaba\/cidade\/entregadores-de-aplicativos-de-piracicaba-aderem-a-paralisacao-nacional-nesta-terca-feira\/#primaryimage"},"thumbnailUrl":"https:\/\/jornalvia.com\/piracicaba\/wp-content\/uploads\/sites\/2\/2026\/09\/2026-09-01-ID2-001676.webp","articleSection":["Cidade"],"inLanguage":"pt-BR"},{"@type":"WebPage","@id":"https:\/\/jornalvia.com\/piracicaba\/cidade\/entregadores-de-aplicativos-de-piracicaba-aderem-a-paralisacao-nacional-nesta-terca-feira\/","url":"https:\/\/jornalvia.com\/piracicaba\/cidade\/entregadores-de-aplicativos-de-piracicaba-aderem-a-paralisacao-nacional-nesta-terca-feira\/","name":"Entregadores de aplicativos de Piracicaba aderem a paralisa\u00e7\u00e3o nacional nesta ter\u00e7a feira","isPartOf":{"@id":"https:\/\/jornalvia.com\/piracicaba\/#website"},"primaryImageOfPage":{"@id":"https:\/\/jornalvia.com\/piracicaba\/cidade\/entregadores-de-aplicativos-de-piracicaba-aderem-a-paralisacao-nacional-nesta-terca-feira\/#primaryimage"},"image":{"@id":"https:\/\/jornalvia.com\/piracicaba\/cidade\/entregadores-de-aplicativos-de-piracicaba-aderem-a-paralisacao-nacional-nesta-terca-feira\/#primaryimage"},"thumbnailUrl":"https:\/\/jornalvia.com\/piracicaba\/wp-content\/uploads\/sites\/2\/2026\/09\/2026-09-01-ID2-001676.webp","datePublished":"2026-09-01T14:40:07+00:00","breadcrumb":{"@id":"https:\/\/jornalvia.com\/piracicaba\/cidade\/entregadores-de-aplicativos-de-piracicaba-aderem-a-paralisacao-nacional-nesta-terca-feira\/#breadcrumb"},"inLanguage":"pt-BR","potentialAction":[{"@type":"ReadAction","target":["https:\/\/jornalvia.com\/piracicaba\/cidade\/entregadores-de-aplicativos-de-piracicaba-aderem-a-paralisacao-nacional-nesta-terca-feira\/"]}]},{"@type":"ImageObject","inLanguage":"pt-BR","@id":"https:\/\/jornalvia.com\/piracicaba\/cidade\/entregadores-de-aplicativos-de-piracicaba-aderem-a-paralisacao-nacional-nesta-terca-feira\/#primaryimage","url":"https:\/\/jornalvia.com\/piracicaba\/wp-content\/uploads\/sites\/2\/2026\/09\/2026-09-01-ID2-001676.webp","contentUrl":"https:\/\/jornalvia.com\/piracicaba\/wp-content\/uploads\/sites\/2\/2026\/09\/2026-09-01-ID2-001676.webp","width":800,"height":523,"caption":"Foto: Reprodu\u00e7\u00e3o"},{"@type":"BreadcrumbList","@id":"https:\/\/jornalvia.com\/piracicaba\/cidade\/entregadores-de-aplicativos-de-piracicaba-aderem-a-paralisacao-nacional-nesta-terca-feira\/#breadcrumb","itemListElement":[{"@type":"ListItem","position":1,"name":"In\u00edcio","item":"https:\/\/jornalvia.com\/piracicaba\/"},{"@type":"ListItem","position":2,"name":"Entregadores de aplicativos de Piracicaba aderem a paralisa\u00e7\u00e3o nacional nesta ter\u00e7a feira"}]},{"@type":"WebSite","@id":"https:\/\/jornalvia.com\/piracicaba\/#website","url":"https:\/\/jornalvia.com\/piracicaba\/","name":"Jornal VIA","description":"Seu novo jornal de not\u00edcias em Piracicaba com informa\u00e7\u00f5es locais, do Brasil e do mundo","publisher":{"@id":"https:\/\/jornalvia.com\/piracicaba\/#organization"},"alternateName":"Jornal VIA \u2022 Piracicaba","potentialAction":[{"@type":"SearchAction","target":{"@type":"EntryPoint","urlTemplate":"https:\/\/jornalvia.com\/piracicaba\/?s={search_term_string}"},"query-input":{"@type":"PropertyValueSpecification","valueRequired":true,"valueName":"search_term_string"}}],"inLanguage":"pt-BR"},{"@type":"Organization","@id":"https:\/\/jornalvia.com\/piracicaba\/#organization","name":"Jornal VIA","url":"https:\/\/jornalvia.com\/piracicaba\/","logo":{"@type":"ImageObject","inLanguage":"pt-BR","@id":"https:\/\/jornalvia.com\/piracicaba\/#\/schema\/logo\/image\/","url":"https:\/\/jornalvia.com\/piracicaba\/wp-content\/uploads\/sites\/2\/2025\/09\/cropped-logo_site_5-1.png","contentUrl":"https:\/\/jornalvia.com\/piracicaba\/wp-content\/uploads\/sites\/2\/2025\/09\/cropped-logo_site_5-1.png","width":512,"height":512,"caption":"Jornal VIA"},"image":{"@id":"https:\/\/jornalvia.com\/piracicaba\/#\/schema\/logo\/image\/"}},{"@type":"Person","@id":"https:\/\/jornalvia.com\/piracicaba\/#\/schema\/person\/672c24084b8babca7ca8adc9bb83152a","name":"Reda\u00e7\u00e3o","url":"https:\/\/jornalvia.com\/piracicaba\/author\/jaquelineprates\/"}]}},"_links":{"self":[{"href":"https:\/\/jornalvia.com\/piracicaba\/wp-json\/wp\/v2\/posts\/15286","targetHints":{"allow":["GET"]}}],"collection":[{"href":"https:\/\/jornalvia.com\/piracicaba\/wp-json\/wp\/v2\/posts"}],"about":[{"href":"https:\/\/jornalvia.com\/piracicaba\/wp-json\/wp\/v2\/types\/post"}],"author":[{"embeddable":true,"href":"https:\/\/jornalvia.com\/piracicaba\/wp-json\/wp\/v2\/users\/9"}],"replies":[{"embeddable":true,"href":"https:\/\/jornalvia.com\/piracicaba\/wp-json\/wp\/v2\/comments?post=15286"}],"version-history":[{"count":1,"href":"https:\/\/jornalvia.com\/piracicaba\/wp-json\/wp\/v2\/posts\/15286\/revisions"}],"predecessor-version":[{"id":15288,"href":"https:\/\/jornalvia.com\/piracicaba\/wp-json\/wp\/v2\/posts\/15286\/revisions\/15288"}],"wp:featuredmedia":[{"embeddable":true,"href":"https:\/\/jornalvia.com\/piracicaba\/wp-json\/wp\/v2\/media\/15287"}],"wp:attachment":[{"href":"https:\/\/jornalvia.com\/piracicaba\/wp-json\/wp\/v2\/media?parent=15286"}],"wp:term":[{"taxonomy":"category","embeddable":true,"href":"https:\/\/jornalvia.com\/piracicaba\/wp-json\/wp\/v2\/categories?post=15286"},{"taxonomy":"post_tag","embeddable":true,"href":"https:\/\/jornalvia.com\/piracicaba\/wp-json\/wp\/v2\/tags?post=15286"}],"curies":[{"name":"wp","href":"https:\/\/api.w.org\/{rel}","templated":true}]}}