{"id":15283,"date":"2026-09-01T08:00:12","date_gmt":"2026-09-01T11:00:12","guid":{"rendered":"https:\/\/jornalvia.com\/piracicaba\/?p=15283"},"modified":"2026-08-31T23:06:03","modified_gmt":"2026-09-01T02:06:03","slug":"paixao-pelo-futebol-sera-tema-do-desfile-civico-de-7-de-setembro-em-piracicaba","status":"publish","type":"post","link":"https:\/\/jornalvia.com\/piracicaba\/cidade\/paixao-pelo-futebol-sera-tema-do-desfile-civico-de-7-de-setembro-em-piracicaba\/","title":{"rendered":"Paix\u00e3o pelo futebol ser\u00e1 tema do Desfile C\u00edvico de 7 de Setembro em Piracicaba"},"content":{"rendered":"<p>Piracicaba realiza na pr\u00f3xima segunda feira (7) o tradicional Desfile C\u00edvico Militar de 7 de Setembro, em comemora\u00e7\u00e3o \u00e0 Independ\u00eancia do Brasil. A programa\u00e7\u00e3o come\u00e7a \u00e0s 8h15, na rua Boa Morte, e deve reunir aproximadamente 4.500 participantes de 96 entidades.<\/p>\n<p>Neste ano, o desfile ter\u00e1 como tema \u201cIndepend\u00eancia e Paix\u00e3o Nacional: do Brasil \u00e0 Copa, do povo ao XV\u201d, relacionando as comemora\u00e7\u00f5es da Independ\u00eancia \u00e0 liga\u00e7\u00e3o dos brasileiros com o futebol. Em Piracicaba, a programa\u00e7\u00e3o tamb\u00e9m far\u00e1 refer\u00eancia ao XV de Piracicaba e \u00e0 presen\u00e7a do clube na hist\u00f3ria da cidade.<\/p>\n<p>Entre os participantes estar\u00e3o representantes do Ex\u00e9rcito Brasileiro de Campinas, Tiro de Guerra de Piracicaba, Pol\u00edcia Militar, Corpo de Bombeiros e Guarda Civil, al\u00e9m de escolas das redes municipal e estadual e outras institui\u00e7\u00f5es.<\/p>\n<p><strong>Desfile come\u00e7a \u00e0s 8h15<\/strong><br \/>\nA concentra\u00e7\u00e3o das delega\u00e7\u00f5es ser\u00e1 na regi\u00e3o entre as ruas Jos\u00e9 Ferraz de Carvalho e Riachuelo, no trecho compreendido entre as ruas Governador Pedro de Toledo e Alferes Jos\u00e9 Caetano.<\/p>\n<p>O in\u00edcio do percurso ser\u00e1 na altura da rua Floriano Peixoto, seguindo pela rua Boa Morte, com dispers\u00e3o na pra\u00e7a Jos\u00e9 Bonif\u00e1cio.<\/p>\n<p>A estrutura preparada para o evento ter\u00e1 banheiros dispon\u00edveis no Posto de Sa\u00fade Central e no Mercado Municipal.<\/p>\n<p>Equipes do Setor de Sa\u00fade do Escolar estar\u00e3o posicionadas em pontos do percurso, com apoio do Servi\u00e7o de Atendimento M\u00f3vel de Urg\u00eancia (Samu). O evento tamb\u00e9m ter\u00e1 policiamento a p\u00e9 e motorizado e atua\u00e7\u00e3o de 17 brigadistas.<\/p>\n<p><strong>\u00d4nibus ser\u00e3o gratuitos at\u00e9 as 14h<\/strong><br \/>\nPara facilitar o acesso da popula\u00e7\u00e3o ao Centro, o transporte coletivo municipal ser\u00e1 gratuito das 6h \u00e0s 14h na segunda feira (7).<\/p>\n<p>Para utilizar a gratuidade, ser\u00e1 necess\u00e1rio apresentar o cart\u00e3o Pira Mobilidade no momento do embarque. Segundo a Prefeitura, nenhum cr\u00e9dito ser\u00e1 descontado.<\/p>\n<p>O uso do cart\u00e3o continuar\u00e1 sendo registrado para contabilizar a quantidade de passageiros transportados durante o per\u00edodo.<\/p>\n<p><strong>Ruas do Centro ter\u00e3o interdi\u00e7\u00f5es<\/strong><br \/>\nA realiza\u00e7\u00e3o do desfile provocar\u00e1 altera\u00e7\u00f5es tempor\u00e1rias no tr\u00e2nsito da regi\u00e3o central.<\/p>\n<p>As mudan\u00e7as atingir\u00e3o trechos das ruas Jos\u00e9 Ferraz de Carvalho, Gomes Carneiro, Floriano Peixoto, Riachuelo, Ipiranga, Dom Pedro I, Dom Pedro II, Rangel Pestana, XV de Novembro, Moraes Barros, S\u00e3o Jos\u00e9 e Prudente de Moraes, entre as ruas Governador Pedro de Toledo e Alferes Jos\u00e9 Caetano.<\/p>\n<p>A orienta\u00e7\u00e3o \u00e9 para que motoristas antecipem os deslocamentos, respeitem a sinaliza\u00e7\u00e3o e evitem estacionar nas vias que estar\u00e3o sujeitas \u00e0s interdi\u00e7\u00f5es.<\/p>\n<p><strong>Com\u00e9rcio poder\u00e1 funcionar durante o feriado<\/strong><br \/>\nOs estabelecimentos comerciais da regi\u00e3o central poder\u00e3o permanecer abertos durante o feriado, mesmo com as mudan\u00e7as tempor\u00e1rias na circula\u00e7\u00e3o de ve\u00edculos.<\/p>\n<p>O acesso de clientes ser\u00e1 mantido de acordo com as condi\u00e7\u00f5es de tr\u00e2nsito e as orienta\u00e7\u00f5es de seguran\u00e7a durante o desfile.<\/p>\n<p><strong>Organiza\u00e7\u00e3o estabelece regras para participantes<\/strong><br \/>\nDe acordo com as orienta\u00e7\u00f5es divulgadas pela comiss\u00e3o organizadora, durante o desfile n\u00e3o ser\u00e3o permitidas manifesta\u00e7\u00f5es religiosas, pessoas portando placas, distribui\u00e7\u00e3o de materiais de partidos pol\u00edticos ou evolu\u00e7\u00f5es em frente ao palco das autoridades.<\/p>\n<p>Segundo a organiza\u00e7\u00e3o, as regras buscam evitar atrasos diante do n\u00famero elevado de participantes, entre os quais est\u00e3o crian\u00e7as.<\/p>\n<p>Servi\u00e7o<br \/>\nEvento: Desfile C\u00edvico Militar de 7 de Setembro<br \/>\nData: segunda feira, 7 de setembro<br \/>\nHor\u00e1rio: a partir das 8h15<br \/>\nLocal: rua Boa Morte, regi\u00e3o central de Piracicaba<br \/>\nDispers\u00e3o: pra\u00e7a Jos\u00e9 Bonif\u00e1cio<br \/>\nParticipa\u00e7\u00e3o prevista: aproximadamente 4.500 pessoas de 96 entidades<br \/>\nTransporte coletivo: gratuito das 6h \u00e0s 14h, mediante apresenta\u00e7\u00e3o do cart\u00e3o Pira Mobilidade<\/p>\n","protected":false},"excerpt":{"rendered":"<p>Programa\u00e7\u00e3o come\u00e7a \u00e0s 8h15, na rua Boa Morte, e deve reunir cerca de 4.500 participantes; transporte coletivo ser\u00e1 gratuito das 6h \u00e0s 14h<\/p>\n","protected":false},"author":9,"featured_media":15284,"comment_status":"closed","ping_status":"closed","sticky":false,"template":"","format":"standard","meta":{"_acf_changed":false,"footnotes":""},"categories":[3],"tags":[],"class_list":["post-15283","post","type-post","status-publish","format-standard","has-post-thumbnail","hentry","category-cidade"],"acf":[],"yoast_head":"<!-- This site is optimized with the Yoast SEO plugin v27.2 - https:\/\/yoast.com\/product\/yoast-seo-wordpress\/ -->\n<title>Paix\u00e3o pelo futebol ser\u00e1 tema do Desfile C\u00edvico de 7 de Setembro em Piracicaba<\/title>\n<meta name=\"robots\" content=\"index, follow, max-snippet:-1, max-image-preview:large, max-video-preview:-1\" \/>\n<link rel=\"canonical\" href=\"https:\/\/jornalvia.com\/piracicaba\/cidade\/paixao-pelo-futebol-sera-tema-do-desfile-civico-de-7-de-setembro-em-piracicaba\/\" \/>\n<meta property=\"og:locale\" content=\"pt_BR\" \/>\n<meta property=\"og:type\" content=\"article\" \/>\n<meta property=\"og:title\" content=\"Paix\u00e3o pelo futebol ser\u00e1 tema do Desfile C\u00edvico de 7 de Setembro em Piracicaba\" \/>\n<meta property=\"og:description\" content=\"Programa\u00e7\u00e3o come\u00e7a \u00e0s 8h15, na rua Boa Morte, e deve reunir cerca de 4.500 participantes; transporte coletivo ser\u00e1 gratuito das 6h \u00e0s 14h\" \/>\n<meta property=\"og:url\" content=\"https:\/\/jornalvia.com\/piracicaba\/cidade\/paixao-pelo-futebol-sera-tema-do-desfile-civico-de-7-de-setembro-em-piracicaba\/\" \/>\n<meta property=\"og:site_name\" content=\"Piracicaba\" \/>\n<meta property=\"article:published_time\" content=\"2026-09-01T11:00:12+00:00\" \/>\n<meta property=\"og:image\" content=\"https:\/\/jornalvia.com\/piracicaba\/wp-content\/uploads\/sites\/2\/2026\/08\/2026-08-31-ID2-001675.webp\" \/>\n\t<meta property=\"og:image:width\" content=\"1600\" \/>\n\t<meta property=\"og:image:height\" content=\"1066\" \/>\n\t<meta property=\"og:image:type\" content=\"image\/webp\" \/>\n<meta name=\"author\" content=\"Reda\u00e7\u00e3o\" \/>\n<meta name=\"twitter:card\" content=\"summary_large_image\" \/>\n<meta name=\"twitter:label1\" content=\"Escrito por\" \/>\n\t<meta name=\"twitter:data1\" content=\"Reda\u00e7\u00e3o\" \/>\n\t<meta name=\"twitter:label2\" content=\"Est. tempo de leitura\" \/>\n\t<meta name=\"twitter:data2\" content=\"3 minutos\" \/>\n<script type=\"application\/ld+json\" class=\"yoast-schema-graph\">{\"@context\":\"https:\/\/schema.org\",\"@graph\":[{\"@type\":\"Article\",\"@id\":\"https:\/\/jornalvia.com\/piracicaba\/cidade\/paixao-pelo-futebol-sera-tema-do-desfile-civico-de-7-de-setembro-em-piracicaba\/#article\",\"isPartOf\":{\"@id\":\"https:\/\/jornalvia.com\/piracicaba\/cidade\/paixao-pelo-futebol-sera-tema-do-desfile-civico-de-7-de-setembro-em-piracicaba\/\"},\"author\":{\"name\":\"Reda\u00e7\u00e3o\",\"@id\":\"https:\/\/jornalvia.com\/piracicaba\/#\/schema\/person\/672c24084b8babca7ca8adc9bb83152a\"},\"headline\":\"Paix\u00e3o pelo futebol ser\u00e1 tema do Desfile C\u00edvico de 7 de Setembro em Piracicaba\",\"datePublished\":\"2026-09-01T11:00:12+00:00\",\"mainEntityOfPage\":{\"@id\":\"https:\/\/jornalvia.com\/piracicaba\/cidade\/paixao-pelo-futebol-sera-tema-do-desfile-civico-de-7-de-setembro-em-piracicaba\/\"},\"wordCount\":640,\"publisher\":{\"@id\":\"https:\/\/jornalvia.com\/piracicaba\/#organization\"},\"image\":{\"@id\":\"https:\/\/jornalvia.com\/piracicaba\/cidade\/paixao-pelo-futebol-sera-tema-do-desfile-civico-de-7-de-setembro-em-piracicaba\/#primaryimage\"},\"thumbnailUrl\":\"https:\/\/jornalvia.com\/piracicaba\/wp-content\/uploads\/sites\/2\/2026\/08\/2026-08-31-ID2-001675.webp\",\"articleSection\":[\"Cidade\"],\"inLanguage\":\"pt-BR\"},{\"@type\":\"WebPage\",\"@id\":\"https:\/\/jornalvia.com\/piracicaba\/cidade\/paixao-pelo-futebol-sera-tema-do-desfile-civico-de-7-de-setembro-em-piracicaba\/\",\"url\":\"https:\/\/jornalvia.com\/piracicaba\/cidade\/paixao-pelo-futebol-sera-tema-do-desfile-civico-de-7-de-setembro-em-piracicaba\/\",\"name\":\"Paix\u00e3o pelo futebol ser\u00e1 tema do Desfile C\u00edvico de 7 de Setembro em Piracicaba\",\"isPartOf\":{\"@id\":\"https:\/\/jornalvia.com\/piracicaba\/#website\"},\"primaryImageOfPage\":{\"@id\":\"https:\/\/jornalvia.com\/piracicaba\/cidade\/paixao-pelo-futebol-sera-tema-do-desfile-civico-de-7-de-setembro-em-piracicaba\/#primaryimage\"},\"image\":{\"@id\":\"https:\/\/jornalvia.com\/piracicaba\/cidade\/paixao-pelo-futebol-sera-tema-do-desfile-civico-de-7-de-setembro-em-piracicaba\/#primaryimage\"},\"thumbnailUrl\":\"https:\/\/jornalvia.com\/piracicaba\/wp-content\/uploads\/sites\/2\/2026\/08\/2026-08-31-ID2-001675.webp\",\"datePublished\":\"2026-09-01T11:00:12+00:00\",\"breadcrumb\":{\"@id\":\"https:\/\/jornalvia.com\/piracicaba\/cidade\/paixao-pelo-futebol-sera-tema-do-desfile-civico-de-7-de-setembro-em-piracicaba\/#breadcrumb\"},\"inLanguage\":\"pt-BR\",\"potentialAction\":[{\"@type\":\"ReadAction\",\"target\":[\"https:\/\/jornalvia.com\/piracicaba\/cidade\/paixao-pelo-futebol-sera-tema-do-desfile-civico-de-7-de-setembro-em-piracicaba\/\"]}]},{\"@type\":\"ImageObject\",\"inLanguage\":\"pt-BR\",\"@id\":\"https:\/\/jornalvia.com\/piracicaba\/cidade\/paixao-pelo-futebol-sera-tema-do-desfile-civico-de-7-de-setembro-em-piracicaba\/#primaryimage\",\"url\":\"https:\/\/jornalvia.com\/piracicaba\/wp-content\/uploads\/sites\/2\/2026\/08\/2026-08-31-ID2-001675.webp\",\"contentUrl\":\"https:\/\/jornalvia.com\/piracicaba\/wp-content\/uploads\/sites\/2\/2026\/08\/2026-08-31-ID2-001675.webp\",\"width\":1600,\"height\":1066,\"caption\":\"Foto: Divulga\u00e7\u00e3o\"},{\"@type\":\"BreadcrumbList\",\"@id\":\"https:\/\/jornalvia.com\/piracicaba\/cidade\/paixao-pelo-futebol-sera-tema-do-desfile-civico-de-7-de-setembro-em-piracicaba\/#breadcrumb\",\"itemListElement\":[{\"@type\":\"ListItem\",\"position\":1,\"name\":\"In\u00edcio\",\"item\":\"https:\/\/jornalvia.com\/piracicaba\/\"},{\"@type\":\"ListItem\",\"position\":2,\"name\":\"Paix\u00e3o pelo futebol ser\u00e1 tema do Desfile C\u00edvico de 7 de Setembro em Piracicaba\"}]},{\"@type\":\"WebSite\",\"@id\":\"https:\/\/jornalvia.com\/piracicaba\/#website\",\"url\":\"https:\/\/jornalvia.com\/piracicaba\/\",\"name\":\"Jornal VIA\",\"description\":\"Seu novo jornal de not\u00edcias em Piracicaba com informa\u00e7\u00f5es locais, do Brasil e do mundo\",\"publisher\":{\"@id\":\"https:\/\/jornalvia.com\/piracicaba\/#organization\"},\"alternateName\":\"Jornal VIA \u2022 Piracicaba\",\"potentialAction\":[{\"@type\":\"SearchAction\",\"target\":{\"@type\":\"EntryPoint\",\"urlTemplate\":\"https:\/\/jornalvia.com\/piracicaba\/?s={search_term_string}\"},\"query-input\":{\"@type\":\"PropertyValueSpecification\",\"valueRequired\":true,\"valueName\":\"search_term_string\"}}],\"inLanguage\":\"pt-BR\"},{\"@type\":\"Organization\",\"@id\":\"https:\/\/jornalvia.com\/piracicaba\/#organization\",\"name\":\"Jornal VIA\",\"url\":\"https:\/\/jornalvia.com\/piracicaba\/\",\"logo\":{\"@type\":\"ImageObject\",\"inLanguage\":\"pt-BR\",\"@id\":\"https:\/\/jornalvia.com\/piracicaba\/#\/schema\/logo\/image\/\",\"url\":\"https:\/\/jornalvia.com\/piracicaba\/wp-content\/uploads\/sites\/2\/2025\/09\/cropped-logo_site_5-1.png\",\"contentUrl\":\"https:\/\/jornalvia.com\/piracicaba\/wp-content\/uploads\/sites\/2\/2025\/09\/cropped-logo_site_5-1.png\",\"width\":512,\"height\":512,\"caption\":\"Jornal VIA\"},\"image\":{\"@id\":\"https:\/\/jornalvia.com\/piracicaba\/#\/schema\/logo\/image\/\"}},{\"@type\":\"Person\",\"@id\":\"https:\/\/jornalvia.com\/piracicaba\/#\/schema\/person\/672c24084b8babca7ca8adc9bb83152a\",\"name\":\"Reda\u00e7\u00e3o\",\"url\":\"https:\/\/jornalvia.com\/piracicaba\/author\/jaquelineprates\/\"}]}<\/script>\n<!-- \/ Yoast SEO plugin. -->","yoast_head_json":{"title":"Paix\u00e3o pelo futebol ser\u00e1 tema do Desfile C\u00edvico de 7 de Setembro em Piracicaba","robots":{"index":"index","follow":"follow","max-snippet":"max-snippet:-1","max-image-preview":"max-image-preview:large","max-video-preview":"max-video-preview:-1"},"canonical":"https:\/\/jornalvia.com\/piracicaba\/cidade\/paixao-pelo-futebol-sera-tema-do-desfile-civico-de-7-de-setembro-em-piracicaba\/","og_locale":"pt_BR","og_type":"article","og_title":"Paix\u00e3o pelo futebol ser\u00e1 tema do Desfile C\u00edvico de 7 de Setembro em Piracicaba","og_description":"Programa\u00e7\u00e3o come\u00e7a \u00e0s 8h15, na rua Boa Morte, e deve reunir cerca de 4.500 participantes; transporte coletivo ser\u00e1 gratuito das 6h \u00e0s 14h","og_url":"https:\/\/jornalvia.com\/piracicaba\/cidade\/paixao-pelo-futebol-sera-tema-do-desfile-civico-de-7-de-setembro-em-piracicaba\/","og_site_name":"Piracicaba","article_published_time":"2026-09-01T11:00:12+00:00","og_image":[{"width":1600,"height":1066,"url":"https:\/\/jornalvia.com\/piracicaba\/wp-content\/uploads\/sites\/2\/2026\/08\/2026-08-31-ID2-001675.webp","type":"image\/webp"}],"author":"Reda\u00e7\u00e3o","twitter_card":"summary_large_image","twitter_misc":{"Escrito por":"Reda\u00e7\u00e3o","Est. tempo de leitura":"3 minutos"},"schema":{"@context":"https:\/\/schema.org","@graph":[{"@type":"Article","@id":"https:\/\/jornalvia.com\/piracicaba\/cidade\/paixao-pelo-futebol-sera-tema-do-desfile-civico-de-7-de-setembro-em-piracicaba\/#article","isPartOf":{"@id":"https:\/\/jornalvia.com\/piracicaba\/cidade\/paixao-pelo-futebol-sera-tema-do-desfile-civico-de-7-de-setembro-em-piracicaba\/"},"author":{"name":"Reda\u00e7\u00e3o","@id":"https:\/\/jornalvia.com\/piracicaba\/#\/schema\/person\/672c24084b8babca7ca8adc9bb83152a"},"headline":"Paix\u00e3o pelo futebol ser\u00e1 tema do Desfile C\u00edvico de 7 de Setembro em Piracicaba","datePublished":"2026-09-01T11:00:12+00:00","mainEntityOfPage":{"@id":"https:\/\/jornalvia.com\/piracicaba\/cidade\/paixao-pelo-futebol-sera-tema-do-desfile-civico-de-7-de-setembro-em-piracicaba\/"},"wordCount":640,"publisher":{"@id":"https:\/\/jornalvia.com\/piracicaba\/#organization"},"image":{"@id":"https:\/\/jornalvia.com\/piracicaba\/cidade\/paixao-pelo-futebol-sera-tema-do-desfile-civico-de-7-de-setembro-em-piracicaba\/#primaryimage"},"thumbnailUrl":"https:\/\/jornalvia.com\/piracicaba\/wp-content\/uploads\/sites\/2\/2026\/08\/2026-08-31-ID2-001675.webp","articleSection":["Cidade"],"inLanguage":"pt-BR"},{"@type":"WebPage","@id":"https:\/\/jornalvia.com\/piracicaba\/cidade\/paixao-pelo-futebol-sera-tema-do-desfile-civico-de-7-de-setembro-em-piracicaba\/","url":"https:\/\/jornalvia.com\/piracicaba\/cidade\/paixao-pelo-futebol-sera-tema-do-desfile-civico-de-7-de-setembro-em-piracicaba\/","name":"Paix\u00e3o pelo futebol ser\u00e1 tema do Desfile C\u00edvico de 7 de Setembro em Piracicaba","isPartOf":{"@id":"https:\/\/jornalvia.com\/piracicaba\/#website"},"primaryImageOfPage":{"@id":"https:\/\/jornalvia.com\/piracicaba\/cidade\/paixao-pelo-futebol-sera-tema-do-desfile-civico-de-7-de-setembro-em-piracicaba\/#primaryimage"},"image":{"@id":"https:\/\/jornalvia.com\/piracicaba\/cidade\/paixao-pelo-futebol-sera-tema-do-desfile-civico-de-7-de-setembro-em-piracicaba\/#primaryimage"},"thumbnailUrl":"https:\/\/jornalvia.com\/piracicaba\/wp-content\/uploads\/sites\/2\/2026\/08\/2026-08-31-ID2-001675.webp","datePublished":"2026-09-01T11:00:12+00:00","breadcrumb":{"@id":"https:\/\/jornalvia.com\/piracicaba\/cidade\/paixao-pelo-futebol-sera-tema-do-desfile-civico-de-7-de-setembro-em-piracicaba\/#breadcrumb"},"inLanguage":"pt-BR","potentialAction":[{"@type":"ReadAction","target":["https:\/\/jornalvia.com\/piracicaba\/cidade\/paixao-pelo-futebol-sera-tema-do-desfile-civico-de-7-de-setembro-em-piracicaba\/"]}]},{"@type":"ImageObject","inLanguage":"pt-BR","@id":"https:\/\/jornalvia.com\/piracicaba\/cidade\/paixao-pelo-futebol-sera-tema-do-desfile-civico-de-7-de-setembro-em-piracicaba\/#primaryimage","url":"https:\/\/jornalvia.com\/piracicaba\/wp-content\/uploads\/sites\/2\/2026\/08\/2026-08-31-ID2-001675.webp","contentUrl":"https:\/\/jornalvia.com\/piracicaba\/wp-content\/uploads\/sites\/2\/2026\/08\/2026-08-31-ID2-001675.webp","width":1600,"height":1066,"caption":"Foto: Divulga\u00e7\u00e3o"},{"@type":"BreadcrumbList","@id":"https:\/\/jornalvia.com\/piracicaba\/cidade\/paixao-pelo-futebol-sera-tema-do-desfile-civico-de-7-de-setembro-em-piracicaba\/#breadcrumb","itemListElement":[{"@type":"ListItem","position":1,"name":"In\u00edcio","item":"https:\/\/jornalvia.com\/piracicaba\/"},{"@type":"ListItem","position":2,"name":"Paix\u00e3o pelo futebol ser\u00e1 tema do Desfile C\u00edvico de 7 de Setembro em Piracicaba"}]},{"@type":"WebSite","@id":"https:\/\/jornalvia.com\/piracicaba\/#website","url":"https:\/\/jornalvia.com\/piracicaba\/","name":"Jornal VIA","description":"Seu novo jornal de not\u00edcias em Piracicaba com informa\u00e7\u00f5es locais, do Brasil e do mundo","publisher":{"@id":"https:\/\/jornalvia.com\/piracicaba\/#organization"},"alternateName":"Jornal VIA \u2022 Piracicaba","potentialAction":[{"@type":"SearchAction","target":{"@type":"EntryPoint","urlTemplate":"https:\/\/jornalvia.com\/piracicaba\/?s={search_term_string}"},"query-input":{"@type":"PropertyValueSpecification","valueRequired":true,"valueName":"search_term_string"}}],"inLanguage":"pt-BR"},{"@type":"Organization","@id":"https:\/\/jornalvia.com\/piracicaba\/#organization","name":"Jornal VIA","url":"https:\/\/jornalvia.com\/piracicaba\/","logo":{"@type":"ImageObject","inLanguage":"pt-BR","@id":"https:\/\/jornalvia.com\/piracicaba\/#\/schema\/logo\/image\/","url":"https:\/\/jornalvia.com\/piracicaba\/wp-content\/uploads\/sites\/2\/2025\/09\/cropped-logo_site_5-1.png","contentUrl":"https:\/\/jornalvia.com\/piracicaba\/wp-content\/uploads\/sites\/2\/2025\/09\/cropped-logo_site_5-1.png","width":512,"height":512,"caption":"Jornal VIA"},"image":{"@id":"https:\/\/jornalvia.com\/piracicaba\/#\/schema\/logo\/image\/"}},{"@type":"Person","@id":"https:\/\/jornalvia.com\/piracicaba\/#\/schema\/person\/672c24084b8babca7ca8adc9bb83152a","name":"Reda\u00e7\u00e3o","url":"https:\/\/jornalvia.com\/piracicaba\/author\/jaquelineprates\/"}]}},"_links":{"self":[{"href":"https:\/\/jornalvia.com\/piracicaba\/wp-json\/wp\/v2\/posts\/15283","targetHints":{"allow":["GET"]}}],"collection":[{"href":"https:\/\/jornalvia.com\/piracicaba\/wp-json\/wp\/v2\/posts"}],"about":[{"href":"https:\/\/jornalvia.com\/piracicaba\/wp-json\/wp\/v2\/types\/post"}],"author":[{"embeddable":true,"href":"https:\/\/jornalvia.com\/piracicaba\/wp-json\/wp\/v2\/users\/9"}],"replies":[{"embeddable":true,"href":"https:\/\/jornalvia.com\/piracicaba\/wp-json\/wp\/v2\/comments?post=15283"}],"version-history":[{"count":1,"href":"https:\/\/jornalvia.com\/piracicaba\/wp-json\/wp\/v2\/posts\/15283\/revisions"}],"predecessor-version":[{"id":15285,"href":"https:\/\/jornalvia.com\/piracicaba\/wp-json\/wp\/v2\/posts\/15283\/revisions\/15285"}],"wp:featuredmedia":[{"embeddable":true,"href":"https:\/\/jornalvia.com\/piracicaba\/wp-json\/wp\/v2\/media\/15284"}],"wp:attachment":[{"href":"https:\/\/jornalvia.com\/piracicaba\/wp-json\/wp\/v2\/media?parent=15283"}],"wp:term":[{"taxonomy":"category","embeddable":true,"href":"https:\/\/jornalvia.com\/piracicaba\/wp-json\/wp\/v2\/categories?post=15283"},{"taxonomy":"post_tag","embeddable":true,"href":"https:\/\/jornalvia.com\/piracicaba\/wp-json\/wp\/v2\/tags?post=15283"}],"curies":[{"name":"wp","href":"https:\/\/api.w.org\/{rel}","templated":true}]}}