{"id":15277,"date":"2026-09-01T07:45:53","date_gmt":"2026-09-01T10:45:53","guid":{"rendered":"https:\/\/jornalvia.com\/piracicaba\/?p=15277"},"modified":"2026-08-31T22:48:34","modified_gmt":"2026-09-01T01:48:34","slug":"festival-de-circo-sp-comeca-nesta-quinta-feira-em-piracicaba-com-mais-de-100-atracoes-gratuitas","status":"publish","type":"post","link":"https:\/\/jornalvia.com\/piracicaba\/cidade\/festival-de-circo-sp-comeca-nesta-quinta-feira-em-piracicaba-com-mais-de-100-atracoes-gratuitas\/","title":{"rendered":"Festival de Circo SP come\u00e7a nesta quinta feira em Piracicaba com mais de 100 atra\u00e7\u00f5es gratuitas"},"content":{"rendered":"<p>O 19\u00ba Festival de Circo SP come\u00e7a nesta quinta feira (3), em Piracicaba, com mais de 100 atividades gratuitas no Parque do Engenho Central. A programa\u00e7\u00e3o segue at\u00e9 segunda feira (7) e re\u00fane artistas e grupos circenses em tr\u00eas lonas, dois palcos e outros espa\u00e7os do complexo cultural.<\/p>\n<p>Nos dois primeiros dias, quinta (3) e sexta feira (4), as atividades ser\u00e3o destinadas exclusivamente a escolas p\u00fablicas e institui\u00e7\u00f5es assistenciais. A partir de s\u00e1bado (5), o festival abre a programa\u00e7\u00e3o ao p\u00fablico em geral, com apresenta\u00e7\u00f5es tamb\u00e9m no domingo (6) e no feriado de segunda feira (7).<\/p>\n<p>A expectativa da organiza\u00e7\u00e3o \u00e9 beneficiar cerca de 10 mil crian\u00e7as durante a edi\u00e7\u00e3o deste ano.<\/p>\n<p><strong>Programa\u00e7\u00e3o aberta ao p\u00fablico come\u00e7a no s\u00e1bado<\/strong><br \/>\nA partir de s\u00e1bado, o Engenho Central recebe apresenta\u00e7\u00f5es de palha\u00e7aria, acrobacia, malabarismo, contorcionismo, ilusionismo, n\u00fameros a\u00e9reos, m\u00edmica, teatro de sombras, circo teatro, esquetes c\u00f4micos e outras manifesta\u00e7\u00f5es da arte circense.<\/p>\n<p>As atra\u00e7\u00f5es ser\u00e3o distribu\u00eddas pelas lonas Piolin, Pimentinha e Arrelia, pelo Teatro Municipal Erotides de Campos, o Teatro do Engenho, al\u00e9m de \u00e1reas externas e espa\u00e7os de conviv\u00eancia.<\/p>\n<p>Para os espet\u00e1culos realizados nas tr\u00eas lonas e no Teatro do Engenho, os ingressos ser\u00e3o gratuitos e distribu\u00eddos por ordem de chegada, uma hora antes de cada apresenta\u00e7\u00e3o.<\/p>\n<p><strong>S\u00e1bado ter\u00e1 atra\u00e7\u00f5es a partir das 14h30<\/strong><br \/>\nNo primeiro dia aberto ao p\u00fablico, s\u00e1bado (5), a programa\u00e7\u00e3o come\u00e7a \u00e0s 14h30, com \u201cDupla de Dois\u201d, da Cia. Circo de Trapo.<\/p>\n<p>\u00c0s 15h, tr\u00eas espet\u00e1culos acontecem simultaneamente: \u201cUma Tarde de Circo\u201d, da Usinarte, na Lona Piolin; \u201cVidrado\u201d, de Guilherme Torres, na Lona Arrelia; e \u201cFam\u00edlia Gelli e Convidados\u201d, na Lona Pimentinha.<\/p>\n<p>Ao longo da tarde e da noite tamb\u00e9m ser\u00e3o apresentados \u201cImp\u00e9rio Circus\u201d, \u201cCharivari Circo\u201d, \u201cHarmonia do Diferente\u201d, \u201cCirco Charanga\u201d e \u201cAipim, o Palha\u00e7o das Pernas de Pau\u201d, entre outras atra\u00e7\u00f5es.<\/p>\n<p>No Teatro do Engenho, o p\u00fablico poder\u00e1 acompanhar \u201cPesadelo da M\u00e1gica\u201d, \u00e0s 18h, e \u201cGerinfonsa\u201d, \u00e0s 20h.<\/p>\n<p><strong>Domingo tem programa\u00e7\u00e3o a partir das 14h<\/strong><br \/>\nNo domingo (6), as atividades come\u00e7am \u00e0s 14h, com \u201cShow dos Becker\u201d, na Lona Pimentinha; \u201cO Picadeiro do Tempo\u201d, na Lona Arrelia; e \u201cCaravana Circo Vox\u201d, na Lona Piolin.<\/p>\n<p>A programa\u00e7\u00e3o segue durante a tarde com apresenta\u00e7\u00f5es em diferentes espa\u00e7os e inclui atra\u00e7\u00f5es como \u201cMagia do Circo\u201d, \u201cLalai\u00e1\u201d, \u201cCabar\u00e9zin da Nega\u201d, \u201cHumanas Diversas\u201d, \u201cVida Boa\u201d e \u201cMimicalado Show\u201d.<\/p>\n<p>O Teatro do Engenho recebe \u201cWakatta\u201d, \u00e0s 18h, e \u201cLabel Show\u201d, \u00e0s 20h.<\/p>\n<p><strong>Festival segue durante o feriado de 7 de setembro<\/strong><br \/>\nNa segunda feira (7), \u00faltimo dia do festival, a programa\u00e7\u00e3o come\u00e7a \u00e0s 14h com tr\u00eas apresenta\u00e7\u00f5es simult\u00e2neas: \u201cProezas &amp; Perip\u00e9cias\u201d, dos Irm\u00e3os Figura; \u201cChalupa Circus: Entre Risos e Afetos\u201d, da Cia Chalupa; e \u201cCirco da Cuesta\u201d, da Cia Beira Serra.<\/p>\n<p>Durante o dia tamb\u00e9m haver\u00e1 atra\u00e7\u00f5es como \u201cBanho de Livros\u201d, \u201cTem Montanha no Circo\u201d, \u201cMalabarindo\u201d, \u201cO Abrazo Girafa\u201d e \u201cPicadeiro Ef\u00eamero\u201d.<\/p>\n<p>\u00c0 noite, a programa\u00e7\u00e3o inclui \u201cEsperanza\u201d, no Teatro do Engenho, \u00e0s 19h, e, \u00e0s 20h, \u201cHumberto Circus\u201d, \u201cTubinho Contra o Lobisomem\u201d e \u201cTrapa\u00e7a Honesta\u201d, al\u00e9m de \u201cLuta Livre\u201d no espa\u00e7o de conviv\u00eancia.<\/p>\n<p><strong>Festival re\u00fane circo tradicional e contempor\u00e2neo<\/strong><br \/>\nA edi\u00e7\u00e3o de 2026 re\u00fane diferentes express\u00f5es do circo tradicional e contempor\u00e2neo e busca promover o encontro entre artistas, companhias e p\u00fablico.<\/p>\n<p>O evento tamb\u00e9m tem como objetivo ampliar o acesso \u00e0 cultura, especialmente entre crian\u00e7as atendidas pela rede p\u00fablica de ensino e por institui\u00e7\u00f5es assistenciais.<\/p>\n<p>O Festival de Circo SP \u00e9 uma iniciativa do Governo do Estado de S\u00e3o Paulo, por meio da Secretaria da Cultura, Economia e Ind\u00fastria Criativas, com gest\u00e3o e produ\u00e7\u00e3o da Associa\u00e7\u00e3o Paulista dos Amigos da Arte (APAA). Em Piracicaba, a realiza\u00e7\u00e3o ocorre em parceria com a Prefeitura, por meio da Secretaria Municipal de Cultura.<\/p>\n<p><strong>Servi\u00e7o<\/strong><br \/>\nEvento: 19\u00ba Festival de Circo SP<br \/>\nData: de 3 a 7 de setembro<br \/>\nLocal: Parque do Engenho Central, avenida Maurice Allain, 454, Vila Rezende, Piracicaba<br \/>\nDias 3 e 4: atividades exclusivas para escolas p\u00fablicas e institui\u00e7\u00f5es assistenciais<br \/>\nDias 5, 6 e 7: programa\u00e7\u00e3o aberta ao p\u00fablico<br \/>\nEntrada: gratuita<br \/>\nIngressos para as lonas e Teatro do Engenho: distribu\u00eddos por ordem de chegada, uma hora antes de cada apresenta\u00e7\u00e3o<\/p>\n","protected":false},"excerpt":{"rendered":"<p>19\u00aa edi\u00e7\u00e3o ocupa o Parque do Engenho Central de 3 a 7 de setembro; programa\u00e7\u00e3o aberta ao p\u00fablico come\u00e7a no s\u00e1bado (5)<\/p>\n","protected":false},"author":9,"featured_media":15278,"comment_status":"closed","ping_status":"closed","sticky":false,"template":"","format":"standard","meta":{"_acf_changed":false,"footnotes":""},"categories":[3],"tags":[],"class_list":["post-15277","post","type-post","status-publish","format-standard","has-post-thumbnail","hentry","category-cidade"],"acf":[],"yoast_head":"<!-- This site is optimized with the Yoast SEO plugin v27.2 - https:\/\/yoast.com\/product\/yoast-seo-wordpress\/ -->\n<title>Festival de Circo SP come\u00e7a nesta quinta feira em Piracicaba com mais de 100 atra\u00e7\u00f5es gratuitas<\/title>\n<meta name=\"robots\" content=\"index, follow, max-snippet:-1, max-image-preview:large, max-video-preview:-1\" \/>\n<link rel=\"canonical\" href=\"https:\/\/jornalvia.com\/piracicaba\/cidade\/festival-de-circo-sp-comeca-nesta-quinta-feira-em-piracicaba-com-mais-de-100-atracoes-gratuitas\/\" \/>\n<meta property=\"og:locale\" content=\"pt_BR\" \/>\n<meta property=\"og:type\" content=\"article\" \/>\n<meta property=\"og:title\" content=\"Festival de Circo SP come\u00e7a nesta quinta feira em Piracicaba com mais de 100 atra\u00e7\u00f5es gratuitas\" \/>\n<meta property=\"og:description\" content=\"19\u00aa edi\u00e7\u00e3o ocupa o Parque do Engenho Central de 3 a 7 de setembro; programa\u00e7\u00e3o aberta ao p\u00fablico come\u00e7a no s\u00e1bado (5)\" \/>\n<meta property=\"og:url\" content=\"https:\/\/jornalvia.com\/piracicaba\/cidade\/festival-de-circo-sp-comeca-nesta-quinta-feira-em-piracicaba-com-mais-de-100-atracoes-gratuitas\/\" \/>\n<meta property=\"og:site_name\" content=\"Piracicaba\" \/>\n<meta property=\"article:published_time\" content=\"2026-09-01T10:45:53+00:00\" \/>\n<meta property=\"og:image\" content=\"https:\/\/jornalvia.com\/piracicaba\/wp-content\/uploads\/sites\/2\/2026\/08\/2026-08-31-ID2-001673.webp\" \/>\n\t<meta property=\"og:image:width\" content=\"2047\" \/>\n\t<meta property=\"og:image:height\" content=\"1364\" \/>\n\t<meta property=\"og:image:type\" content=\"image\/webp\" \/>\n<meta name=\"author\" content=\"Reda\u00e7\u00e3o\" \/>\n<meta name=\"twitter:card\" content=\"summary_large_image\" \/>\n<meta name=\"twitter:label1\" content=\"Escrito por\" \/>\n\t<meta name=\"twitter:data1\" content=\"Reda\u00e7\u00e3o\" \/>\n\t<meta name=\"twitter:label2\" content=\"Est. tempo de leitura\" \/>\n\t<meta name=\"twitter:data2\" content=\"4 minutos\" \/>\n<script type=\"application\/ld+json\" class=\"yoast-schema-graph\">{\"@context\":\"https:\/\/schema.org\",\"@graph\":[{\"@type\":\"Article\",\"@id\":\"https:\/\/jornalvia.com\/piracicaba\/cidade\/festival-de-circo-sp-comeca-nesta-quinta-feira-em-piracicaba-com-mais-de-100-atracoes-gratuitas\/#article\",\"isPartOf\":{\"@id\":\"https:\/\/jornalvia.com\/piracicaba\/cidade\/festival-de-circo-sp-comeca-nesta-quinta-feira-em-piracicaba-com-mais-de-100-atracoes-gratuitas\/\"},\"author\":{\"name\":\"Reda\u00e7\u00e3o\",\"@id\":\"https:\/\/jornalvia.com\/piracicaba\/#\/schema\/person\/672c24084b8babca7ca8adc9bb83152a\"},\"headline\":\"Festival de Circo SP come\u00e7a nesta quinta feira em Piracicaba com mais de 100 atra\u00e7\u00f5es gratuitas\",\"datePublished\":\"2026-09-01T10:45:53+00:00\",\"mainEntityOfPage\":{\"@id\":\"https:\/\/jornalvia.com\/piracicaba\/cidade\/festival-de-circo-sp-comeca-nesta-quinta-feira-em-piracicaba-com-mais-de-100-atracoes-gratuitas\/\"},\"wordCount\":756,\"publisher\":{\"@id\":\"https:\/\/jornalvia.com\/piracicaba\/#organization\"},\"image\":{\"@id\":\"https:\/\/jornalvia.com\/piracicaba\/cidade\/festival-de-circo-sp-comeca-nesta-quinta-feira-em-piracicaba-com-mais-de-100-atracoes-gratuitas\/#primaryimage\"},\"thumbnailUrl\":\"https:\/\/jornalvia.com\/piracicaba\/wp-content\/uploads\/sites\/2\/2026\/08\/2026-08-31-ID2-001673.webp\",\"articleSection\":[\"Cidade\"],\"inLanguage\":\"pt-BR\"},{\"@type\":\"WebPage\",\"@id\":\"https:\/\/jornalvia.com\/piracicaba\/cidade\/festival-de-circo-sp-comeca-nesta-quinta-feira-em-piracicaba-com-mais-de-100-atracoes-gratuitas\/\",\"url\":\"https:\/\/jornalvia.com\/piracicaba\/cidade\/festival-de-circo-sp-comeca-nesta-quinta-feira-em-piracicaba-com-mais-de-100-atracoes-gratuitas\/\",\"name\":\"Festival de Circo SP come\u00e7a nesta quinta feira em Piracicaba com mais de 100 atra\u00e7\u00f5es gratuitas\",\"isPartOf\":{\"@id\":\"https:\/\/jornalvia.com\/piracicaba\/#website\"},\"primaryImageOfPage\":{\"@id\":\"https:\/\/jornalvia.com\/piracicaba\/cidade\/festival-de-circo-sp-comeca-nesta-quinta-feira-em-piracicaba-com-mais-de-100-atracoes-gratuitas\/#primaryimage\"},\"image\":{\"@id\":\"https:\/\/jornalvia.com\/piracicaba\/cidade\/festival-de-circo-sp-comeca-nesta-quinta-feira-em-piracicaba-com-mais-de-100-atracoes-gratuitas\/#primaryimage\"},\"thumbnailUrl\":\"https:\/\/jornalvia.com\/piracicaba\/wp-content\/uploads\/sites\/2\/2026\/08\/2026-08-31-ID2-001673.webp\",\"datePublished\":\"2026-09-01T10:45:53+00:00\",\"breadcrumb\":{\"@id\":\"https:\/\/jornalvia.com\/piracicaba\/cidade\/festival-de-circo-sp-comeca-nesta-quinta-feira-em-piracicaba-com-mais-de-100-atracoes-gratuitas\/#breadcrumb\"},\"inLanguage\":\"pt-BR\",\"potentialAction\":[{\"@type\":\"ReadAction\",\"target\":[\"https:\/\/jornalvia.com\/piracicaba\/cidade\/festival-de-circo-sp-comeca-nesta-quinta-feira-em-piracicaba-com-mais-de-100-atracoes-gratuitas\/\"]}]},{\"@type\":\"ImageObject\",\"inLanguage\":\"pt-BR\",\"@id\":\"https:\/\/jornalvia.com\/piracicaba\/cidade\/festival-de-circo-sp-comeca-nesta-quinta-feira-em-piracicaba-com-mais-de-100-atracoes-gratuitas\/#primaryimage\",\"url\":\"https:\/\/jornalvia.com\/piracicaba\/wp-content\/uploads\/sites\/2\/2026\/08\/2026-08-31-ID2-001673.webp\",\"contentUrl\":\"https:\/\/jornalvia.com\/piracicaba\/wp-content\/uploads\/sites\/2\/2026\/08\/2026-08-31-ID2-001673.webp\",\"width\":2047,\"height\":1364,\"caption\":\"Foto: Divulga\u00e7\u00e3o\"},{\"@type\":\"BreadcrumbList\",\"@id\":\"https:\/\/jornalvia.com\/piracicaba\/cidade\/festival-de-circo-sp-comeca-nesta-quinta-feira-em-piracicaba-com-mais-de-100-atracoes-gratuitas\/#breadcrumb\",\"itemListElement\":[{\"@type\":\"ListItem\",\"position\":1,\"name\":\"In\u00edcio\",\"item\":\"https:\/\/jornalvia.com\/piracicaba\/\"},{\"@type\":\"ListItem\",\"position\":2,\"name\":\"Festival de Circo SP come\u00e7a nesta quinta feira em Piracicaba com mais de 100 atra\u00e7\u00f5es gratuitas\"}]},{\"@type\":\"WebSite\",\"@id\":\"https:\/\/jornalvia.com\/piracicaba\/#website\",\"url\":\"https:\/\/jornalvia.com\/piracicaba\/\",\"name\":\"Jornal VIA\",\"description\":\"Seu novo jornal de not\u00edcias em Piracicaba com informa\u00e7\u00f5es locais, do Brasil e do mundo\",\"publisher\":{\"@id\":\"https:\/\/jornalvia.com\/piracicaba\/#organization\"},\"alternateName\":\"Jornal VIA \u2022 Piracicaba\",\"potentialAction\":[{\"@type\":\"SearchAction\",\"target\":{\"@type\":\"EntryPoint\",\"urlTemplate\":\"https:\/\/jornalvia.com\/piracicaba\/?s={search_term_string}\"},\"query-input\":{\"@type\":\"PropertyValueSpecification\",\"valueRequired\":true,\"valueName\":\"search_term_string\"}}],\"inLanguage\":\"pt-BR\"},{\"@type\":\"Organization\",\"@id\":\"https:\/\/jornalvia.com\/piracicaba\/#organization\",\"name\":\"Jornal VIA\",\"url\":\"https:\/\/jornalvia.com\/piracicaba\/\",\"logo\":{\"@type\":\"ImageObject\",\"inLanguage\":\"pt-BR\",\"@id\":\"https:\/\/jornalvia.com\/piracicaba\/#\/schema\/logo\/image\/\",\"url\":\"https:\/\/jornalvia.com\/piracicaba\/wp-content\/uploads\/sites\/2\/2025\/09\/cropped-logo_site_5-1.png\",\"contentUrl\":\"https:\/\/jornalvia.com\/piracicaba\/wp-content\/uploads\/sites\/2\/2025\/09\/cropped-logo_site_5-1.png\",\"width\":512,\"height\":512,\"caption\":\"Jornal VIA\"},\"image\":{\"@id\":\"https:\/\/jornalvia.com\/piracicaba\/#\/schema\/logo\/image\/\"}},{\"@type\":\"Person\",\"@id\":\"https:\/\/jornalvia.com\/piracicaba\/#\/schema\/person\/672c24084b8babca7ca8adc9bb83152a\",\"name\":\"Reda\u00e7\u00e3o\",\"url\":\"https:\/\/jornalvia.com\/piracicaba\/author\/jaquelineprates\/\"}]}<\/script>\n<!-- \/ Yoast SEO plugin. -->","yoast_head_json":{"title":"Festival de Circo SP come\u00e7a nesta quinta feira em Piracicaba com mais de 100 atra\u00e7\u00f5es gratuitas","robots":{"index":"index","follow":"follow","max-snippet":"max-snippet:-1","max-image-preview":"max-image-preview:large","max-video-preview":"max-video-preview:-1"},"canonical":"https:\/\/jornalvia.com\/piracicaba\/cidade\/festival-de-circo-sp-comeca-nesta-quinta-feira-em-piracicaba-com-mais-de-100-atracoes-gratuitas\/","og_locale":"pt_BR","og_type":"article","og_title":"Festival de Circo SP come\u00e7a nesta quinta feira em Piracicaba com mais de 100 atra\u00e7\u00f5es gratuitas","og_description":"19\u00aa edi\u00e7\u00e3o ocupa o Parque do Engenho Central de 3 a 7 de setembro; programa\u00e7\u00e3o aberta ao p\u00fablico come\u00e7a no s\u00e1bado (5)","og_url":"https:\/\/jornalvia.com\/piracicaba\/cidade\/festival-de-circo-sp-comeca-nesta-quinta-feira-em-piracicaba-com-mais-de-100-atracoes-gratuitas\/","og_site_name":"Piracicaba","article_published_time":"2026-09-01T10:45:53+00:00","og_image":[{"width":2047,"height":1364,"url":"https:\/\/jornalvia.com\/piracicaba\/wp-content\/uploads\/sites\/2\/2026\/08\/2026-08-31-ID2-001673.webp","type":"image\/webp"}],"author":"Reda\u00e7\u00e3o","twitter_card":"summary_large_image","twitter_misc":{"Escrito por":"Reda\u00e7\u00e3o","Est. tempo de leitura":"4 minutos"},"schema":{"@context":"https:\/\/schema.org","@graph":[{"@type":"Article","@id":"https:\/\/jornalvia.com\/piracicaba\/cidade\/festival-de-circo-sp-comeca-nesta-quinta-feira-em-piracicaba-com-mais-de-100-atracoes-gratuitas\/#article","isPartOf":{"@id":"https:\/\/jornalvia.com\/piracicaba\/cidade\/festival-de-circo-sp-comeca-nesta-quinta-feira-em-piracicaba-com-mais-de-100-atracoes-gratuitas\/"},"author":{"name":"Reda\u00e7\u00e3o","@id":"https:\/\/jornalvia.com\/piracicaba\/#\/schema\/person\/672c24084b8babca7ca8adc9bb83152a"},"headline":"Festival de Circo SP come\u00e7a nesta quinta feira em Piracicaba com mais de 100 atra\u00e7\u00f5es gratuitas","datePublished":"2026-09-01T10:45:53+00:00","mainEntityOfPage":{"@id":"https:\/\/jornalvia.com\/piracicaba\/cidade\/festival-de-circo-sp-comeca-nesta-quinta-feira-em-piracicaba-com-mais-de-100-atracoes-gratuitas\/"},"wordCount":756,"publisher":{"@id":"https:\/\/jornalvia.com\/piracicaba\/#organization"},"image":{"@id":"https:\/\/jornalvia.com\/piracicaba\/cidade\/festival-de-circo-sp-comeca-nesta-quinta-feira-em-piracicaba-com-mais-de-100-atracoes-gratuitas\/#primaryimage"},"thumbnailUrl":"https:\/\/jornalvia.com\/piracicaba\/wp-content\/uploads\/sites\/2\/2026\/08\/2026-08-31-ID2-001673.webp","articleSection":["Cidade"],"inLanguage":"pt-BR"},{"@type":"WebPage","@id":"https:\/\/jornalvia.com\/piracicaba\/cidade\/festival-de-circo-sp-comeca-nesta-quinta-feira-em-piracicaba-com-mais-de-100-atracoes-gratuitas\/","url":"https:\/\/jornalvia.com\/piracicaba\/cidade\/festival-de-circo-sp-comeca-nesta-quinta-feira-em-piracicaba-com-mais-de-100-atracoes-gratuitas\/","name":"Festival de Circo SP come\u00e7a nesta quinta feira em Piracicaba com mais de 100 atra\u00e7\u00f5es gratuitas","isPartOf":{"@id":"https:\/\/jornalvia.com\/piracicaba\/#website"},"primaryImageOfPage":{"@id":"https:\/\/jornalvia.com\/piracicaba\/cidade\/festival-de-circo-sp-comeca-nesta-quinta-feira-em-piracicaba-com-mais-de-100-atracoes-gratuitas\/#primaryimage"},"image":{"@id":"https:\/\/jornalvia.com\/piracicaba\/cidade\/festival-de-circo-sp-comeca-nesta-quinta-feira-em-piracicaba-com-mais-de-100-atracoes-gratuitas\/#primaryimage"},"thumbnailUrl":"https:\/\/jornalvia.com\/piracicaba\/wp-content\/uploads\/sites\/2\/2026\/08\/2026-08-31-ID2-001673.webp","datePublished":"2026-09-01T10:45:53+00:00","breadcrumb":{"@id":"https:\/\/jornalvia.com\/piracicaba\/cidade\/festival-de-circo-sp-comeca-nesta-quinta-feira-em-piracicaba-com-mais-de-100-atracoes-gratuitas\/#breadcrumb"},"inLanguage":"pt-BR","potentialAction":[{"@type":"ReadAction","target":["https:\/\/jornalvia.com\/piracicaba\/cidade\/festival-de-circo-sp-comeca-nesta-quinta-feira-em-piracicaba-com-mais-de-100-atracoes-gratuitas\/"]}]},{"@type":"ImageObject","inLanguage":"pt-BR","@id":"https:\/\/jornalvia.com\/piracicaba\/cidade\/festival-de-circo-sp-comeca-nesta-quinta-feira-em-piracicaba-com-mais-de-100-atracoes-gratuitas\/#primaryimage","url":"https:\/\/jornalvia.com\/piracicaba\/wp-content\/uploads\/sites\/2\/2026\/08\/2026-08-31-ID2-001673.webp","contentUrl":"https:\/\/jornalvia.com\/piracicaba\/wp-content\/uploads\/sites\/2\/2026\/08\/2026-08-31-ID2-001673.webp","width":2047,"height":1364,"caption":"Foto: Divulga\u00e7\u00e3o"},{"@type":"BreadcrumbList","@id":"https:\/\/jornalvia.com\/piracicaba\/cidade\/festival-de-circo-sp-comeca-nesta-quinta-feira-em-piracicaba-com-mais-de-100-atracoes-gratuitas\/#breadcrumb","itemListElement":[{"@type":"ListItem","position":1,"name":"In\u00edcio","item":"https:\/\/jornalvia.com\/piracicaba\/"},{"@type":"ListItem","position":2,"name":"Festival de Circo SP come\u00e7a nesta quinta feira em Piracicaba com mais de 100 atra\u00e7\u00f5es gratuitas"}]},{"@type":"WebSite","@id":"https:\/\/jornalvia.com\/piracicaba\/#website","url":"https:\/\/jornalvia.com\/piracicaba\/","name":"Jornal VIA","description":"Seu novo jornal de not\u00edcias em Piracicaba com informa\u00e7\u00f5es locais, do Brasil e do mundo","publisher":{"@id":"https:\/\/jornalvia.com\/piracicaba\/#organization"},"alternateName":"Jornal VIA \u2022 Piracicaba","potentialAction":[{"@type":"SearchAction","target":{"@type":"EntryPoint","urlTemplate":"https:\/\/jornalvia.com\/piracicaba\/?s={search_term_string}"},"query-input":{"@type":"PropertyValueSpecification","valueRequired":true,"valueName":"search_term_string"}}],"inLanguage":"pt-BR"},{"@type":"Organization","@id":"https:\/\/jornalvia.com\/piracicaba\/#organization","name":"Jornal VIA","url":"https:\/\/jornalvia.com\/piracicaba\/","logo":{"@type":"ImageObject","inLanguage":"pt-BR","@id":"https:\/\/jornalvia.com\/piracicaba\/#\/schema\/logo\/image\/","url":"https:\/\/jornalvia.com\/piracicaba\/wp-content\/uploads\/sites\/2\/2025\/09\/cropped-logo_site_5-1.png","contentUrl":"https:\/\/jornalvia.com\/piracicaba\/wp-content\/uploads\/sites\/2\/2025\/09\/cropped-logo_site_5-1.png","width":512,"height":512,"caption":"Jornal VIA"},"image":{"@id":"https:\/\/jornalvia.com\/piracicaba\/#\/schema\/logo\/image\/"}},{"@type":"Person","@id":"https:\/\/jornalvia.com\/piracicaba\/#\/schema\/person\/672c24084b8babca7ca8adc9bb83152a","name":"Reda\u00e7\u00e3o","url":"https:\/\/jornalvia.com\/piracicaba\/author\/jaquelineprates\/"}]}},"_links":{"self":[{"href":"https:\/\/jornalvia.com\/piracicaba\/wp-json\/wp\/v2\/posts\/15277","targetHints":{"allow":["GET"]}}],"collection":[{"href":"https:\/\/jornalvia.com\/piracicaba\/wp-json\/wp\/v2\/posts"}],"about":[{"href":"https:\/\/jornalvia.com\/piracicaba\/wp-json\/wp\/v2\/types\/post"}],"author":[{"embeddable":true,"href":"https:\/\/jornalvia.com\/piracicaba\/wp-json\/wp\/v2\/users\/9"}],"replies":[{"embeddable":true,"href":"https:\/\/jornalvia.com\/piracicaba\/wp-json\/wp\/v2\/comments?post=15277"}],"version-history":[{"count":1,"href":"https:\/\/jornalvia.com\/piracicaba\/wp-json\/wp\/v2\/posts\/15277\/revisions"}],"predecessor-version":[{"id":15279,"href":"https:\/\/jornalvia.com\/piracicaba\/wp-json\/wp\/v2\/posts\/15277\/revisions\/15279"}],"wp:featuredmedia":[{"embeddable":true,"href":"https:\/\/jornalvia.com\/piracicaba\/wp-json\/wp\/v2\/media\/15278"}],"wp:attachment":[{"href":"https:\/\/jornalvia.com\/piracicaba\/wp-json\/wp\/v2\/media?parent=15277"}],"wp:term":[{"taxonomy":"category","embeddable":true,"href":"https:\/\/jornalvia.com\/piracicaba\/wp-json\/wp\/v2\/categories?post=15277"},{"taxonomy":"post_tag","embeddable":true,"href":"https:\/\/jornalvia.com\/piracicaba\/wp-json\/wp\/v2\/tags?post=15277"}],"curies":[{"name":"wp","href":"https:\/\/api.w.org\/{rel}","templated":true}]}}