{"id":15274,"date":"2026-09-01T07:30:09","date_gmt":"2026-09-01T10:30:09","guid":{"rendered":"https:\/\/jornalvia.com\/piracicaba\/?p=15274"},"modified":"2026-08-31T22:32:25","modified_gmt":"2026-09-01T01:32:25","slug":"100-milhas-piracicaba-arrecada-duas-toneladas-de-alimentos-para-o-fundo-social","status":"publish","type":"post","link":"https:\/\/jornalvia.com\/piracicaba\/comunidade\/100-milhas-piracicaba-arrecada-duas-toneladas-de-alimentos-para-o-fundo-social\/","title":{"rendered":"100 Milhas Piracicaba arrecada duas toneladas de alimentos para o Fundo Social"},"content":{"rendered":"<p>A 37\u00aa edi\u00e7\u00e3o das 100 Milhas Piracicaba arrecadou duas toneladas de alimentos que ser\u00e3o destinadas ao Fundo Social de Solidariedade do munic\u00edpio. A prova automobil\u00edstica foi realizada em 22 de agosto, no Esporte Clube Piracicabano de Automobilismo (ECPA), e integrou o calend\u00e1rio de comemora\u00e7\u00f5es pelos 259 anos de Piracicaba.<\/p>\n<p>Os alimentos foram arrecadados por meio da troca de mantimentos por ingressos para acompanhar a programa\u00e7\u00e3o no aut\u00f3dromo.<\/p>\n<p>Segundo a organiza\u00e7\u00e3o, o volume obtido nesta edi\u00e7\u00e3o superou o registrado em anos anteriores.<\/p>\n<p><strong>Alimentos ser\u00e3o destinados ao Fundo Social<\/strong><br \/>\nAs duas toneladas de mantimentos ser\u00e3o integralmente repassadas ao Fundo Social de Solidariedade de Piracicaba.<\/p>\n<p>De acordo com as informa\u00e7\u00f5es divulgadas pela organiza\u00e7\u00e3o do evento, a destina\u00e7\u00e3o dos itens ser\u00e1 coordenada pelas equipes assistenciais do munic\u00edpio nas pr\u00f3ximas semanas.<\/p>\n<p>O Fundo Social mant\u00e9m a\u00e7\u00f5es de atendimento \u00e0 popula\u00e7\u00e3o em situa\u00e7\u00e3o de vulnerabilidade, incluindo a distribui\u00e7\u00e3o de alimentos.<\/p>\n<p><strong>P\u00fablico contribuiu durante evento automobil\u00edstico<\/strong><br \/>\nA propriet\u00e1ria do ECPA, Daniella Giannetti, destacou a participa\u00e7\u00e3o do p\u00fablico na campanha realizada durante as 100 Milhas.<\/p>\n<blockquote><p>\u201cSuperar a marca dos anos anteriores e atingir duas toneladas de mantimentos nesta edi\u00e7\u00e3o refor\u00e7a que o automobilismo regional possui uma for\u00e7a comunit\u00e1ria gigante\u201d, afirmou.<\/p><\/blockquote>\n<p>A arrecada\u00e7\u00e3o associou a realiza\u00e7\u00e3o de uma das tradicionais provas do automobilismo de Piracicaba a uma iniciativa de car\u00e1ter social.<\/p>\n<p>Realizada anualmente, a edi\u00e7\u00e3o de 2026 das 100 Milhas Piracicaba fez parte da programa\u00e7\u00e3o oficial de anivers\u00e1rio da cidade.<\/p>\n","protected":false},"excerpt":{"rendered":"<p>Mantimentos foram recebidos em troca de ingressos durante a 37\u00aa edi\u00e7\u00e3o da prova e ser\u00e3o destinados ao atendimento de fam\u00edlias em situa\u00e7\u00e3o de vulnerabilidade<\/p>\n","protected":false},"author":9,"featured_media":15275,"comment_status":"closed","ping_status":"closed","sticky":false,"template":"","format":"standard","meta":{"_acf_changed":false,"footnotes":""},"categories":[46],"tags":[],"class_list":["post-15274","post","type-post","status-publish","format-standard","has-post-thumbnail","hentry","category-comunidade"],"acf":[],"yoast_head":"<!-- This site is optimized with the Yoast SEO plugin v27.2 - https:\/\/yoast.com\/product\/yoast-seo-wordpress\/ -->\n<title>100 Milhas Piracicaba arrecada duas toneladas de alimentos para o Fundo Social<\/title>\n<meta name=\"robots\" content=\"index, follow, max-snippet:-1, max-image-preview:large, max-video-preview:-1\" \/>\n<link rel=\"canonical\" href=\"https:\/\/jornalvia.com\/piracicaba\/comunidade\/100-milhas-piracicaba-arrecada-duas-toneladas-de-alimentos-para-o-fundo-social\/\" \/>\n<meta property=\"og:locale\" content=\"pt_BR\" \/>\n<meta property=\"og:type\" content=\"article\" \/>\n<meta property=\"og:title\" content=\"100 Milhas Piracicaba arrecada duas toneladas de alimentos para o Fundo Social\" \/>\n<meta property=\"og:description\" content=\"Mantimentos foram recebidos em troca de ingressos durante a 37\u00aa edi\u00e7\u00e3o da prova e ser\u00e3o destinados ao atendimento de fam\u00edlias em situa\u00e7\u00e3o de vulnerabilidade\" \/>\n<meta property=\"og:url\" content=\"https:\/\/jornalvia.com\/piracicaba\/comunidade\/100-milhas-piracicaba-arrecada-duas-toneladas-de-alimentos-para-o-fundo-social\/\" \/>\n<meta property=\"og:site_name\" content=\"Piracicaba\" \/>\n<meta property=\"article:published_time\" content=\"2026-09-01T10:30:09+00:00\" \/>\n<meta property=\"og:image\" content=\"https:\/\/jornalvia.com\/piracicaba\/wp-content\/uploads\/sites\/2\/2026\/08\/2026-08-31-ID2-001672.webp\" \/>\n\t<meta property=\"og:image:width\" content=\"1200\" \/>\n\t<meta property=\"og:image:height\" content=\"1324\" \/>\n\t<meta property=\"og:image:type\" content=\"image\/webp\" \/>\n<meta name=\"author\" content=\"Reda\u00e7\u00e3o\" \/>\n<meta name=\"twitter:card\" content=\"summary_large_image\" \/>\n<meta name=\"twitter:label1\" content=\"Escrito por\" \/>\n\t<meta name=\"twitter:data1\" content=\"Reda\u00e7\u00e3o\" \/>\n\t<meta name=\"twitter:label2\" content=\"Est. tempo de leitura\" \/>\n\t<meta name=\"twitter:data2\" content=\"1 minuto\" \/>\n<script type=\"application\/ld+json\" class=\"yoast-schema-graph\">{\"@context\":\"https:\/\/schema.org\",\"@graph\":[{\"@type\":\"Article\",\"@id\":\"https:\/\/jornalvia.com\/piracicaba\/comunidade\/100-milhas-piracicaba-arrecada-duas-toneladas-de-alimentos-para-o-fundo-social\/#article\",\"isPartOf\":{\"@id\":\"https:\/\/jornalvia.com\/piracicaba\/comunidade\/100-milhas-piracicaba-arrecada-duas-toneladas-de-alimentos-para-o-fundo-social\/\"},\"author\":{\"name\":\"Reda\u00e7\u00e3o\",\"@id\":\"https:\/\/jornalvia.com\/piracicaba\/#\/schema\/person\/672c24084b8babca7ca8adc9bb83152a\"},\"headline\":\"100 Milhas Piracicaba arrecada duas toneladas de alimentos para o Fundo Social\",\"datePublished\":\"2026-09-01T10:30:09+00:00\",\"mainEntityOfPage\":{\"@id\":\"https:\/\/jornalvia.com\/piracicaba\/comunidade\/100-milhas-piracicaba-arrecada-duas-toneladas-de-alimentos-para-o-fundo-social\/\"},\"wordCount\":271,\"publisher\":{\"@id\":\"https:\/\/jornalvia.com\/piracicaba\/#organization\"},\"image\":{\"@id\":\"https:\/\/jornalvia.com\/piracicaba\/comunidade\/100-milhas-piracicaba-arrecada-duas-toneladas-de-alimentos-para-o-fundo-social\/#primaryimage\"},\"thumbnailUrl\":\"https:\/\/jornalvia.com\/piracicaba\/wp-content\/uploads\/sites\/2\/2026\/08\/2026-08-31-ID2-001672.webp\",\"articleSection\":[\"Comunidade\"],\"inLanguage\":\"pt-BR\"},{\"@type\":\"WebPage\",\"@id\":\"https:\/\/jornalvia.com\/piracicaba\/comunidade\/100-milhas-piracicaba-arrecada-duas-toneladas-de-alimentos-para-o-fundo-social\/\",\"url\":\"https:\/\/jornalvia.com\/piracicaba\/comunidade\/100-milhas-piracicaba-arrecada-duas-toneladas-de-alimentos-para-o-fundo-social\/\",\"name\":\"100 Milhas Piracicaba arrecada duas toneladas de alimentos para o Fundo Social\",\"isPartOf\":{\"@id\":\"https:\/\/jornalvia.com\/piracicaba\/#website\"},\"primaryImageOfPage\":{\"@id\":\"https:\/\/jornalvia.com\/piracicaba\/comunidade\/100-milhas-piracicaba-arrecada-duas-toneladas-de-alimentos-para-o-fundo-social\/#primaryimage\"},\"image\":{\"@id\":\"https:\/\/jornalvia.com\/piracicaba\/comunidade\/100-milhas-piracicaba-arrecada-duas-toneladas-de-alimentos-para-o-fundo-social\/#primaryimage\"},\"thumbnailUrl\":\"https:\/\/jornalvia.com\/piracicaba\/wp-content\/uploads\/sites\/2\/2026\/08\/2026-08-31-ID2-001672.webp\",\"datePublished\":\"2026-09-01T10:30:09+00:00\",\"breadcrumb\":{\"@id\":\"https:\/\/jornalvia.com\/piracicaba\/comunidade\/100-milhas-piracicaba-arrecada-duas-toneladas-de-alimentos-para-o-fundo-social\/#breadcrumb\"},\"inLanguage\":\"pt-BR\",\"potentialAction\":[{\"@type\":\"ReadAction\",\"target\":[\"https:\/\/jornalvia.com\/piracicaba\/comunidade\/100-milhas-piracicaba-arrecada-duas-toneladas-de-alimentos-para-o-fundo-social\/\"]}]},{\"@type\":\"ImageObject\",\"inLanguage\":\"pt-BR\",\"@id\":\"https:\/\/jornalvia.com\/piracicaba\/comunidade\/100-milhas-piracicaba-arrecada-duas-toneladas-de-alimentos-para-o-fundo-social\/#primaryimage\",\"url\":\"https:\/\/jornalvia.com\/piracicaba\/wp-content\/uploads\/sites\/2\/2026\/08\/2026-08-31-ID2-001672.webp\",\"contentUrl\":\"https:\/\/jornalvia.com\/piracicaba\/wp-content\/uploads\/sites\/2\/2026\/08\/2026-08-31-ID2-001672.webp\",\"width\":1200,\"height\":1324,\"caption\":\"Foto: Divulg\u00e7\u00e3o\"},{\"@type\":\"BreadcrumbList\",\"@id\":\"https:\/\/jornalvia.com\/piracicaba\/comunidade\/100-milhas-piracicaba-arrecada-duas-toneladas-de-alimentos-para-o-fundo-social\/#breadcrumb\",\"itemListElement\":[{\"@type\":\"ListItem\",\"position\":1,\"name\":\"In\u00edcio\",\"item\":\"https:\/\/jornalvia.com\/piracicaba\/\"},{\"@type\":\"ListItem\",\"position\":2,\"name\":\"100 Milhas Piracicaba arrecada duas toneladas de alimentos para o Fundo Social\"}]},{\"@type\":\"WebSite\",\"@id\":\"https:\/\/jornalvia.com\/piracicaba\/#website\",\"url\":\"https:\/\/jornalvia.com\/piracicaba\/\",\"name\":\"Jornal VIA\",\"description\":\"Seu novo jornal de not\u00edcias em Piracicaba com informa\u00e7\u00f5es locais, do Brasil e do mundo\",\"publisher\":{\"@id\":\"https:\/\/jornalvia.com\/piracicaba\/#organization\"},\"alternateName\":\"Jornal VIA \u2022 Piracicaba\",\"potentialAction\":[{\"@type\":\"SearchAction\",\"target\":{\"@type\":\"EntryPoint\",\"urlTemplate\":\"https:\/\/jornalvia.com\/piracicaba\/?s={search_term_string}\"},\"query-input\":{\"@type\":\"PropertyValueSpecification\",\"valueRequired\":true,\"valueName\":\"search_term_string\"}}],\"inLanguage\":\"pt-BR\"},{\"@type\":\"Organization\",\"@id\":\"https:\/\/jornalvia.com\/piracicaba\/#organization\",\"name\":\"Jornal VIA\",\"url\":\"https:\/\/jornalvia.com\/piracicaba\/\",\"logo\":{\"@type\":\"ImageObject\",\"inLanguage\":\"pt-BR\",\"@id\":\"https:\/\/jornalvia.com\/piracicaba\/#\/schema\/logo\/image\/\",\"url\":\"https:\/\/jornalvia.com\/piracicaba\/wp-content\/uploads\/sites\/2\/2025\/09\/cropped-logo_site_5-1.png\",\"contentUrl\":\"https:\/\/jornalvia.com\/piracicaba\/wp-content\/uploads\/sites\/2\/2025\/09\/cropped-logo_site_5-1.png\",\"width\":512,\"height\":512,\"caption\":\"Jornal VIA\"},\"image\":{\"@id\":\"https:\/\/jornalvia.com\/piracicaba\/#\/schema\/logo\/image\/\"}},{\"@type\":\"Person\",\"@id\":\"https:\/\/jornalvia.com\/piracicaba\/#\/schema\/person\/672c24084b8babca7ca8adc9bb83152a\",\"name\":\"Reda\u00e7\u00e3o\",\"url\":\"https:\/\/jornalvia.com\/piracicaba\/author\/jaquelineprates\/\"}]}<\/script>\n<!-- \/ Yoast SEO plugin. -->","yoast_head_json":{"title":"100 Milhas Piracicaba arrecada duas toneladas de alimentos para o Fundo Social","robots":{"index":"index","follow":"follow","max-snippet":"max-snippet:-1","max-image-preview":"max-image-preview:large","max-video-preview":"max-video-preview:-1"},"canonical":"https:\/\/jornalvia.com\/piracicaba\/comunidade\/100-milhas-piracicaba-arrecada-duas-toneladas-de-alimentos-para-o-fundo-social\/","og_locale":"pt_BR","og_type":"article","og_title":"100 Milhas Piracicaba arrecada duas toneladas de alimentos para o Fundo Social","og_description":"Mantimentos foram recebidos em troca de ingressos durante a 37\u00aa edi\u00e7\u00e3o da prova e ser\u00e3o destinados ao atendimento de fam\u00edlias em situa\u00e7\u00e3o de vulnerabilidade","og_url":"https:\/\/jornalvia.com\/piracicaba\/comunidade\/100-milhas-piracicaba-arrecada-duas-toneladas-de-alimentos-para-o-fundo-social\/","og_site_name":"Piracicaba","article_published_time":"2026-09-01T10:30:09+00:00","og_image":[{"width":1200,"height":1324,"url":"https:\/\/jornalvia.com\/piracicaba\/wp-content\/uploads\/sites\/2\/2026\/08\/2026-08-31-ID2-001672.webp","type":"image\/webp"}],"author":"Reda\u00e7\u00e3o","twitter_card":"summary_large_image","twitter_misc":{"Escrito por":"Reda\u00e7\u00e3o","Est. tempo de leitura":"1 minuto"},"schema":{"@context":"https:\/\/schema.org","@graph":[{"@type":"Article","@id":"https:\/\/jornalvia.com\/piracicaba\/comunidade\/100-milhas-piracicaba-arrecada-duas-toneladas-de-alimentos-para-o-fundo-social\/#article","isPartOf":{"@id":"https:\/\/jornalvia.com\/piracicaba\/comunidade\/100-milhas-piracicaba-arrecada-duas-toneladas-de-alimentos-para-o-fundo-social\/"},"author":{"name":"Reda\u00e7\u00e3o","@id":"https:\/\/jornalvia.com\/piracicaba\/#\/schema\/person\/672c24084b8babca7ca8adc9bb83152a"},"headline":"100 Milhas Piracicaba arrecada duas toneladas de alimentos para o Fundo Social","datePublished":"2026-09-01T10:30:09+00:00","mainEntityOfPage":{"@id":"https:\/\/jornalvia.com\/piracicaba\/comunidade\/100-milhas-piracicaba-arrecada-duas-toneladas-de-alimentos-para-o-fundo-social\/"},"wordCount":271,"publisher":{"@id":"https:\/\/jornalvia.com\/piracicaba\/#organization"},"image":{"@id":"https:\/\/jornalvia.com\/piracicaba\/comunidade\/100-milhas-piracicaba-arrecada-duas-toneladas-de-alimentos-para-o-fundo-social\/#primaryimage"},"thumbnailUrl":"https:\/\/jornalvia.com\/piracicaba\/wp-content\/uploads\/sites\/2\/2026\/08\/2026-08-31-ID2-001672.webp","articleSection":["Comunidade"],"inLanguage":"pt-BR"},{"@type":"WebPage","@id":"https:\/\/jornalvia.com\/piracicaba\/comunidade\/100-milhas-piracicaba-arrecada-duas-toneladas-de-alimentos-para-o-fundo-social\/","url":"https:\/\/jornalvia.com\/piracicaba\/comunidade\/100-milhas-piracicaba-arrecada-duas-toneladas-de-alimentos-para-o-fundo-social\/","name":"100 Milhas Piracicaba arrecada duas toneladas de alimentos para o Fundo Social","isPartOf":{"@id":"https:\/\/jornalvia.com\/piracicaba\/#website"},"primaryImageOfPage":{"@id":"https:\/\/jornalvia.com\/piracicaba\/comunidade\/100-milhas-piracicaba-arrecada-duas-toneladas-de-alimentos-para-o-fundo-social\/#primaryimage"},"image":{"@id":"https:\/\/jornalvia.com\/piracicaba\/comunidade\/100-milhas-piracicaba-arrecada-duas-toneladas-de-alimentos-para-o-fundo-social\/#primaryimage"},"thumbnailUrl":"https:\/\/jornalvia.com\/piracicaba\/wp-content\/uploads\/sites\/2\/2026\/08\/2026-08-31-ID2-001672.webp","datePublished":"2026-09-01T10:30:09+00:00","breadcrumb":{"@id":"https:\/\/jornalvia.com\/piracicaba\/comunidade\/100-milhas-piracicaba-arrecada-duas-toneladas-de-alimentos-para-o-fundo-social\/#breadcrumb"},"inLanguage":"pt-BR","potentialAction":[{"@type":"ReadAction","target":["https:\/\/jornalvia.com\/piracicaba\/comunidade\/100-milhas-piracicaba-arrecada-duas-toneladas-de-alimentos-para-o-fundo-social\/"]}]},{"@type":"ImageObject","inLanguage":"pt-BR","@id":"https:\/\/jornalvia.com\/piracicaba\/comunidade\/100-milhas-piracicaba-arrecada-duas-toneladas-de-alimentos-para-o-fundo-social\/#primaryimage","url":"https:\/\/jornalvia.com\/piracicaba\/wp-content\/uploads\/sites\/2\/2026\/08\/2026-08-31-ID2-001672.webp","contentUrl":"https:\/\/jornalvia.com\/piracicaba\/wp-content\/uploads\/sites\/2\/2026\/08\/2026-08-31-ID2-001672.webp","width":1200,"height":1324,"caption":"Foto: Divulg\u00e7\u00e3o"},{"@type":"BreadcrumbList","@id":"https:\/\/jornalvia.com\/piracicaba\/comunidade\/100-milhas-piracicaba-arrecada-duas-toneladas-de-alimentos-para-o-fundo-social\/#breadcrumb","itemListElement":[{"@type":"ListItem","position":1,"name":"In\u00edcio","item":"https:\/\/jornalvia.com\/piracicaba\/"},{"@type":"ListItem","position":2,"name":"100 Milhas Piracicaba arrecada duas toneladas de alimentos para o Fundo Social"}]},{"@type":"WebSite","@id":"https:\/\/jornalvia.com\/piracicaba\/#website","url":"https:\/\/jornalvia.com\/piracicaba\/","name":"Jornal VIA","description":"Seu novo jornal de not\u00edcias em Piracicaba com informa\u00e7\u00f5es locais, do Brasil e do mundo","publisher":{"@id":"https:\/\/jornalvia.com\/piracicaba\/#organization"},"alternateName":"Jornal VIA \u2022 Piracicaba","potentialAction":[{"@type":"SearchAction","target":{"@type":"EntryPoint","urlTemplate":"https:\/\/jornalvia.com\/piracicaba\/?s={search_term_string}"},"query-input":{"@type":"PropertyValueSpecification","valueRequired":true,"valueName":"search_term_string"}}],"inLanguage":"pt-BR"},{"@type":"Organization","@id":"https:\/\/jornalvia.com\/piracicaba\/#organization","name":"Jornal VIA","url":"https:\/\/jornalvia.com\/piracicaba\/","logo":{"@type":"ImageObject","inLanguage":"pt-BR","@id":"https:\/\/jornalvia.com\/piracicaba\/#\/schema\/logo\/image\/","url":"https:\/\/jornalvia.com\/piracicaba\/wp-content\/uploads\/sites\/2\/2025\/09\/cropped-logo_site_5-1.png","contentUrl":"https:\/\/jornalvia.com\/piracicaba\/wp-content\/uploads\/sites\/2\/2025\/09\/cropped-logo_site_5-1.png","width":512,"height":512,"caption":"Jornal VIA"},"image":{"@id":"https:\/\/jornalvia.com\/piracicaba\/#\/schema\/logo\/image\/"}},{"@type":"Person","@id":"https:\/\/jornalvia.com\/piracicaba\/#\/schema\/person\/672c24084b8babca7ca8adc9bb83152a","name":"Reda\u00e7\u00e3o","url":"https:\/\/jornalvia.com\/piracicaba\/author\/jaquelineprates\/"}]}},"_links":{"self":[{"href":"https:\/\/jornalvia.com\/piracicaba\/wp-json\/wp\/v2\/posts\/15274","targetHints":{"allow":["GET"]}}],"collection":[{"href":"https:\/\/jornalvia.com\/piracicaba\/wp-json\/wp\/v2\/posts"}],"about":[{"href":"https:\/\/jornalvia.com\/piracicaba\/wp-json\/wp\/v2\/types\/post"}],"author":[{"embeddable":true,"href":"https:\/\/jornalvia.com\/piracicaba\/wp-json\/wp\/v2\/users\/9"}],"replies":[{"embeddable":true,"href":"https:\/\/jornalvia.com\/piracicaba\/wp-json\/wp\/v2\/comments?post=15274"}],"version-history":[{"count":1,"href":"https:\/\/jornalvia.com\/piracicaba\/wp-json\/wp\/v2\/posts\/15274\/revisions"}],"predecessor-version":[{"id":15276,"href":"https:\/\/jornalvia.com\/piracicaba\/wp-json\/wp\/v2\/posts\/15274\/revisions\/15276"}],"wp:featuredmedia":[{"embeddable":true,"href":"https:\/\/jornalvia.com\/piracicaba\/wp-json\/wp\/v2\/media\/15275"}],"wp:attachment":[{"href":"https:\/\/jornalvia.com\/piracicaba\/wp-json\/wp\/v2\/media?parent=15274"}],"wp:term":[{"taxonomy":"category","embeddable":true,"href":"https:\/\/jornalvia.com\/piracicaba\/wp-json\/wp\/v2\/categories?post=15274"},{"taxonomy":"post_tag","embeddable":true,"href":"https:\/\/jornalvia.com\/piracicaba\/wp-json\/wp\/v2\/tags?post=15274"}],"curies":[{"name":"wp","href":"https:\/\/api.w.org\/{rel}","templated":true}]}}