{"id":15271,"date":"2026-09-01T07:30:17","date_gmt":"2026-09-01T10:30:17","guid":{"rendered":"https:\/\/jornalvia.com\/piracicaba\/?p=15271"},"modified":"2026-08-31T22:27:38","modified_gmt":"2026-09-01T01:27:38","slug":"curso-gratuito-de-paes-abre-50-vagas-em-piracicaba-inscricoes-vao-ate-quinta","status":"publish","type":"post","link":"https:\/\/jornalvia.com\/piracicaba\/oportunidade\/curso-gratuito-de-paes-abre-50-vagas-em-piracicaba-inscricoes-vao-ate-quinta\/","title":{"rendered":"Curso gratuito de p\u00e3es abre 50 vagas em Piracicaba; inscri\u00e7\u00f5es v\u00e3o at\u00e9 quinta"},"content":{"rendered":"<p>Quem busca aprender t\u00e9cnicas de panifica\u00e7\u00e3o ou adquirir conhecimentos que possam ajudar na gera\u00e7\u00e3o de renda ter\u00e1 uma oportunidade gratuita em Piracicaba. O projeto Cozinhalimento vai oferecer um curso de produ\u00e7\u00e3o de p\u00e3es com 50 vagas, dividido em duas turmas.<\/p>\n<p>As inscri\u00e7\u00f5es ficam abertas at\u00e9 quinta feira (3) e as vagas ser\u00e3o preenchidas por ordem de inscri\u00e7\u00e3o. A capacita\u00e7\u00e3o ser\u00e1 realizada entre os dias 8 e 11 de setembro, na pra\u00e7a Jos\u00e9 Bonif\u00e1cio, regi\u00e3o central da cidade.<\/p>\n<p>Cada turma ter\u00e1 25 participantes.<\/p>\n<p><strong>Curso ter\u00e1 aulas pr\u00e1ticas de panifica\u00e7\u00e3o<\/strong><br \/>\nA primeira turma far\u00e1 o curso nos dias 8 e 9 de setembro. A segunda ter\u00e1 aulas nos dias 10 e 11.<\/p>\n<p>A capacita\u00e7\u00e3o ser\u00e1 dividida em quatro m\u00f3dulos, com atividades pela manh\u00e3, das 8h \u00e0s 12h, e \u00e0 tarde, das 13h \u00e0s 17h.<\/p>\n<p>Durante as aulas, profissionais v\u00e3o ensinar a produ\u00e7\u00e3o de diferentes tipos de p\u00e3es, passando pelas t\u00e9cnicas de preparo e pelos cuidados necess\u00e1rios para a manipula\u00e7\u00e3o segura dos alimentos.<\/p>\n<p>Al\u00e9m do uso dom\u00e9stico, o conhecimento adquirido poder\u00e1 ser aplicado por quem pretende produzir alimentos para venda e buscar uma fonte de renda.<\/p>\n<p><strong>Aulas acontecem dentro de cozinha m\u00f3vel<\/strong><br \/>\nO curso ser\u00e1 realizado em uma unidade m\u00f3vel de capacita\u00e7\u00e3o instalada na pra\u00e7a Jos\u00e9 Bonif\u00e1cio.<\/p>\n<p>A estrutura funciona como uma cozinha profissional sobre rodas e percorre munic\u00edpios paulistas oferecendo atividades de educa\u00e7\u00e3o alimentar, seguran\u00e7a dos alimentos e qualifica\u00e7\u00e3o profissional.<\/p>\n<p>O projeto Cozinhalimento \u00e9 desenvolvido pela Secretaria de Agricultura e Abastecimento do Estado de S\u00e3o Paulo. Em Piracicaba, a a\u00e7\u00e3o conta com participa\u00e7\u00e3o da Secretaria Municipal de Agricultura, Abastecimento e Meio Ambiente e do Fundo Social de Solidariedade.<\/p>\n<p><strong>Servi\u00e7o<\/strong><br \/>\nCurso: Produ\u00e7\u00e3o de p\u00e3es pelo projeto Cozinhalimento<br \/>\nPrimeira turma: 8 e 9 de setembro<br \/>\nSegunda turma: 10 e 11 de setembro<br \/>\nHor\u00e1rios: das 8h \u00e0s 12h e das 13h \u00e0s 17h<br \/>\nLocal: pra\u00e7a Jos\u00e9 Bonif\u00e1cio, Piracicaba<br \/>\nVagas: 50, sendo 25 por turma<br \/>\nValor: gratuito<br \/>\nInscri\u00e7\u00f5es: at\u00e9 3 de setembro<br \/>\nCrit\u00e9rio: vagas preenchidas por ordem de inscri\u00e7\u00e3o<\/p>\n","protected":false},"excerpt":{"rendered":"<p>Capacita\u00e7\u00e3o do projeto Cozinhalimento ser\u00e1 realizada entre 8 e 11 de setembro, na pra\u00e7a Jos\u00e9 Bonif\u00e1cio, com aulas pr\u00e1ticas em cozinha profissional m\u00f3vel<\/p>\n","protected":false},"author":9,"featured_media":15272,"comment_status":"closed","ping_status":"closed","sticky":false,"template":"","format":"standard","meta":{"_acf_changed":false,"footnotes":""},"categories":[82],"tags":[],"class_list":["post-15271","post","type-post","status-publish","format-standard","has-post-thumbnail","hentry","category-oportunidade"],"acf":[],"yoast_head":"<!-- This site is optimized with the Yoast SEO plugin v27.2 - https:\/\/yoast.com\/product\/yoast-seo-wordpress\/ -->\n<title>Curso gratuito de p\u00e3es abre 50 vagas em Piracicaba; inscri\u00e7\u00f5es v\u00e3o at\u00e9 quinta<\/title>\n<meta name=\"robots\" content=\"index, follow, max-snippet:-1, max-image-preview:large, max-video-preview:-1\" \/>\n<link rel=\"canonical\" href=\"https:\/\/jornalvia.com\/piracicaba\/oportunidade\/curso-gratuito-de-paes-abre-50-vagas-em-piracicaba-inscricoes-vao-ate-quinta\/\" \/>\n<meta property=\"og:locale\" content=\"pt_BR\" \/>\n<meta property=\"og:type\" content=\"article\" \/>\n<meta property=\"og:title\" content=\"Curso gratuito de p\u00e3es abre 50 vagas em Piracicaba; inscri\u00e7\u00f5es v\u00e3o at\u00e9 quinta\" \/>\n<meta property=\"og:description\" content=\"Capacita\u00e7\u00e3o do projeto Cozinhalimento ser\u00e1 realizada entre 8 e 11 de setembro, na pra\u00e7a Jos\u00e9 Bonif\u00e1cio, com aulas pr\u00e1ticas em cozinha profissional m\u00f3vel\" \/>\n<meta property=\"og:url\" content=\"https:\/\/jornalvia.com\/piracicaba\/oportunidade\/curso-gratuito-de-paes-abre-50-vagas-em-piracicaba-inscricoes-vao-ate-quinta\/\" \/>\n<meta property=\"og:site_name\" content=\"Piracicaba\" \/>\n<meta property=\"article:published_time\" content=\"2026-09-01T10:30:17+00:00\" \/>\n<meta property=\"og:image\" content=\"https:\/\/jornalvia.com\/piracicaba\/wp-content\/uploads\/sites\/2\/2026\/08\/2026-08-31-ID2-001671.webp\" \/>\n\t<meta property=\"og:image:width\" content=\"1200\" \/>\n\t<meta property=\"og:image:height\" content=\"800\" \/>\n\t<meta property=\"og:image:type\" content=\"image\/webp\" \/>\n<meta name=\"author\" content=\"Reda\u00e7\u00e3o\" \/>\n<meta name=\"twitter:card\" content=\"summary_large_image\" \/>\n<meta name=\"twitter:label1\" content=\"Escrito por\" \/>\n\t<meta name=\"twitter:data1\" content=\"Reda\u00e7\u00e3o\" \/>\n\t<meta name=\"twitter:label2\" content=\"Est. tempo de leitura\" \/>\n\t<meta name=\"twitter:data2\" content=\"2 minutos\" \/>\n<script type=\"application\/ld+json\" class=\"yoast-schema-graph\">{\"@context\":\"https:\/\/schema.org\",\"@graph\":[{\"@type\":\"Article\",\"@id\":\"https:\/\/jornalvia.com\/piracicaba\/oportunidade\/curso-gratuito-de-paes-abre-50-vagas-em-piracicaba-inscricoes-vao-ate-quinta\/#article\",\"isPartOf\":{\"@id\":\"https:\/\/jornalvia.com\/piracicaba\/oportunidade\/curso-gratuito-de-paes-abre-50-vagas-em-piracicaba-inscricoes-vao-ate-quinta\/\"},\"author\":{\"name\":\"Reda\u00e7\u00e3o\",\"@id\":\"https:\/\/jornalvia.com\/piracicaba\/#\/schema\/person\/672c24084b8babca7ca8adc9bb83152a\"},\"headline\":\"Curso gratuito de p\u00e3es abre 50 vagas em Piracicaba; inscri\u00e7\u00f5es v\u00e3o at\u00e9 quinta\",\"datePublished\":\"2026-09-01T10:30:17+00:00\",\"mainEntityOfPage\":{\"@id\":\"https:\/\/jornalvia.com\/piracicaba\/oportunidade\/curso-gratuito-de-paes-abre-50-vagas-em-piracicaba-inscricoes-vao-ate-quinta\/\"},\"wordCount\":365,\"publisher\":{\"@id\":\"https:\/\/jornalvia.com\/piracicaba\/#organization\"},\"image\":{\"@id\":\"https:\/\/jornalvia.com\/piracicaba\/oportunidade\/curso-gratuito-de-paes-abre-50-vagas-em-piracicaba-inscricoes-vao-ate-quinta\/#primaryimage\"},\"thumbnailUrl\":\"https:\/\/jornalvia.com\/piracicaba\/wp-content\/uploads\/sites\/2\/2026\/08\/2026-08-31-ID2-001671.webp\",\"articleSection\":[\"Oportunidade\"],\"inLanguage\":\"pt-BR\"},{\"@type\":\"WebPage\",\"@id\":\"https:\/\/jornalvia.com\/piracicaba\/oportunidade\/curso-gratuito-de-paes-abre-50-vagas-em-piracicaba-inscricoes-vao-ate-quinta\/\",\"url\":\"https:\/\/jornalvia.com\/piracicaba\/oportunidade\/curso-gratuito-de-paes-abre-50-vagas-em-piracicaba-inscricoes-vao-ate-quinta\/\",\"name\":\"Curso gratuito de p\u00e3es abre 50 vagas em Piracicaba; inscri\u00e7\u00f5es v\u00e3o at\u00e9 quinta\",\"isPartOf\":{\"@id\":\"https:\/\/jornalvia.com\/piracicaba\/#website\"},\"primaryImageOfPage\":{\"@id\":\"https:\/\/jornalvia.com\/piracicaba\/oportunidade\/curso-gratuito-de-paes-abre-50-vagas-em-piracicaba-inscricoes-vao-ate-quinta\/#primaryimage\"},\"image\":{\"@id\":\"https:\/\/jornalvia.com\/piracicaba\/oportunidade\/curso-gratuito-de-paes-abre-50-vagas-em-piracicaba-inscricoes-vao-ate-quinta\/#primaryimage\"},\"thumbnailUrl\":\"https:\/\/jornalvia.com\/piracicaba\/wp-content\/uploads\/sites\/2\/2026\/08\/2026-08-31-ID2-001671.webp\",\"datePublished\":\"2026-09-01T10:30:17+00:00\",\"breadcrumb\":{\"@id\":\"https:\/\/jornalvia.com\/piracicaba\/oportunidade\/curso-gratuito-de-paes-abre-50-vagas-em-piracicaba-inscricoes-vao-ate-quinta\/#breadcrumb\"},\"inLanguage\":\"pt-BR\",\"potentialAction\":[{\"@type\":\"ReadAction\",\"target\":[\"https:\/\/jornalvia.com\/piracicaba\/oportunidade\/curso-gratuito-de-paes-abre-50-vagas-em-piracicaba-inscricoes-vao-ate-quinta\/\"]}]},{\"@type\":\"ImageObject\",\"inLanguage\":\"pt-BR\",\"@id\":\"https:\/\/jornalvia.com\/piracicaba\/oportunidade\/curso-gratuito-de-paes-abre-50-vagas-em-piracicaba-inscricoes-vao-ate-quinta\/#primaryimage\",\"url\":\"https:\/\/jornalvia.com\/piracicaba\/wp-content\/uploads\/sites\/2\/2026\/08\/2026-08-31-ID2-001671.webp\",\"contentUrl\":\"https:\/\/jornalvia.com\/piracicaba\/wp-content\/uploads\/sites\/2\/2026\/08\/2026-08-31-ID2-001671.webp\",\"width\":1200,\"height\":800,\"caption\":\"As aulas ser\u00e3o realizadas na unidade m\u00f3vel de capacita\u00e7\u00e3o, uma carreta que percorre munic\u00edpios paulistas com cursos e oficinas. Foto: Divulga\u00e7\u00e3o\"},{\"@type\":\"BreadcrumbList\",\"@id\":\"https:\/\/jornalvia.com\/piracicaba\/oportunidade\/curso-gratuito-de-paes-abre-50-vagas-em-piracicaba-inscricoes-vao-ate-quinta\/#breadcrumb\",\"itemListElement\":[{\"@type\":\"ListItem\",\"position\":1,\"name\":\"In\u00edcio\",\"item\":\"https:\/\/jornalvia.com\/piracicaba\/\"},{\"@type\":\"ListItem\",\"position\":2,\"name\":\"Curso gratuito de p\u00e3es abre 50 vagas em Piracicaba; inscri\u00e7\u00f5es v\u00e3o at\u00e9 quinta\"}]},{\"@type\":\"WebSite\",\"@id\":\"https:\/\/jornalvia.com\/piracicaba\/#website\",\"url\":\"https:\/\/jornalvia.com\/piracicaba\/\",\"name\":\"Jornal VIA\",\"description\":\"Seu novo jornal de not\u00edcias em Piracicaba com informa\u00e7\u00f5es locais, do Brasil e do mundo\",\"publisher\":{\"@id\":\"https:\/\/jornalvia.com\/piracicaba\/#organization\"},\"alternateName\":\"Jornal VIA \u2022 Piracicaba\",\"potentialAction\":[{\"@type\":\"SearchAction\",\"target\":{\"@type\":\"EntryPoint\",\"urlTemplate\":\"https:\/\/jornalvia.com\/piracicaba\/?s={search_term_string}\"},\"query-input\":{\"@type\":\"PropertyValueSpecification\",\"valueRequired\":true,\"valueName\":\"search_term_string\"}}],\"inLanguage\":\"pt-BR\"},{\"@type\":\"Organization\",\"@id\":\"https:\/\/jornalvia.com\/piracicaba\/#organization\",\"name\":\"Jornal VIA\",\"url\":\"https:\/\/jornalvia.com\/piracicaba\/\",\"logo\":{\"@type\":\"ImageObject\",\"inLanguage\":\"pt-BR\",\"@id\":\"https:\/\/jornalvia.com\/piracicaba\/#\/schema\/logo\/image\/\",\"url\":\"https:\/\/jornalvia.com\/piracicaba\/wp-content\/uploads\/sites\/2\/2025\/09\/cropped-logo_site_5-1.png\",\"contentUrl\":\"https:\/\/jornalvia.com\/piracicaba\/wp-content\/uploads\/sites\/2\/2025\/09\/cropped-logo_site_5-1.png\",\"width\":512,\"height\":512,\"caption\":\"Jornal VIA\"},\"image\":{\"@id\":\"https:\/\/jornalvia.com\/piracicaba\/#\/schema\/logo\/image\/\"}},{\"@type\":\"Person\",\"@id\":\"https:\/\/jornalvia.com\/piracicaba\/#\/schema\/person\/672c24084b8babca7ca8adc9bb83152a\",\"name\":\"Reda\u00e7\u00e3o\",\"url\":\"https:\/\/jornalvia.com\/piracicaba\/author\/jaquelineprates\/\"}]}<\/script>\n<!-- \/ Yoast SEO plugin. -->","yoast_head_json":{"title":"Curso gratuito de p\u00e3es abre 50 vagas em Piracicaba; inscri\u00e7\u00f5es v\u00e3o at\u00e9 quinta","robots":{"index":"index","follow":"follow","max-snippet":"max-snippet:-1","max-image-preview":"max-image-preview:large","max-video-preview":"max-video-preview:-1"},"canonical":"https:\/\/jornalvia.com\/piracicaba\/oportunidade\/curso-gratuito-de-paes-abre-50-vagas-em-piracicaba-inscricoes-vao-ate-quinta\/","og_locale":"pt_BR","og_type":"article","og_title":"Curso gratuito de p\u00e3es abre 50 vagas em Piracicaba; inscri\u00e7\u00f5es v\u00e3o at\u00e9 quinta","og_description":"Capacita\u00e7\u00e3o do projeto Cozinhalimento ser\u00e1 realizada entre 8 e 11 de setembro, na pra\u00e7a Jos\u00e9 Bonif\u00e1cio, com aulas pr\u00e1ticas em cozinha profissional m\u00f3vel","og_url":"https:\/\/jornalvia.com\/piracicaba\/oportunidade\/curso-gratuito-de-paes-abre-50-vagas-em-piracicaba-inscricoes-vao-ate-quinta\/","og_site_name":"Piracicaba","article_published_time":"2026-09-01T10:30:17+00:00","og_image":[{"width":1200,"height":800,"url":"https:\/\/jornalvia.com\/piracicaba\/wp-content\/uploads\/sites\/2\/2026\/08\/2026-08-31-ID2-001671.webp","type":"image\/webp"}],"author":"Reda\u00e7\u00e3o","twitter_card":"summary_large_image","twitter_misc":{"Escrito por":"Reda\u00e7\u00e3o","Est. tempo de leitura":"2 minutos"},"schema":{"@context":"https:\/\/schema.org","@graph":[{"@type":"Article","@id":"https:\/\/jornalvia.com\/piracicaba\/oportunidade\/curso-gratuito-de-paes-abre-50-vagas-em-piracicaba-inscricoes-vao-ate-quinta\/#article","isPartOf":{"@id":"https:\/\/jornalvia.com\/piracicaba\/oportunidade\/curso-gratuito-de-paes-abre-50-vagas-em-piracicaba-inscricoes-vao-ate-quinta\/"},"author":{"name":"Reda\u00e7\u00e3o","@id":"https:\/\/jornalvia.com\/piracicaba\/#\/schema\/person\/672c24084b8babca7ca8adc9bb83152a"},"headline":"Curso gratuito de p\u00e3es abre 50 vagas em Piracicaba; inscri\u00e7\u00f5es v\u00e3o at\u00e9 quinta","datePublished":"2026-09-01T10:30:17+00:00","mainEntityOfPage":{"@id":"https:\/\/jornalvia.com\/piracicaba\/oportunidade\/curso-gratuito-de-paes-abre-50-vagas-em-piracicaba-inscricoes-vao-ate-quinta\/"},"wordCount":365,"publisher":{"@id":"https:\/\/jornalvia.com\/piracicaba\/#organization"},"image":{"@id":"https:\/\/jornalvia.com\/piracicaba\/oportunidade\/curso-gratuito-de-paes-abre-50-vagas-em-piracicaba-inscricoes-vao-ate-quinta\/#primaryimage"},"thumbnailUrl":"https:\/\/jornalvia.com\/piracicaba\/wp-content\/uploads\/sites\/2\/2026\/08\/2026-08-31-ID2-001671.webp","articleSection":["Oportunidade"],"inLanguage":"pt-BR"},{"@type":"WebPage","@id":"https:\/\/jornalvia.com\/piracicaba\/oportunidade\/curso-gratuito-de-paes-abre-50-vagas-em-piracicaba-inscricoes-vao-ate-quinta\/","url":"https:\/\/jornalvia.com\/piracicaba\/oportunidade\/curso-gratuito-de-paes-abre-50-vagas-em-piracicaba-inscricoes-vao-ate-quinta\/","name":"Curso gratuito de p\u00e3es abre 50 vagas em Piracicaba; inscri\u00e7\u00f5es v\u00e3o at\u00e9 quinta","isPartOf":{"@id":"https:\/\/jornalvia.com\/piracicaba\/#website"},"primaryImageOfPage":{"@id":"https:\/\/jornalvia.com\/piracicaba\/oportunidade\/curso-gratuito-de-paes-abre-50-vagas-em-piracicaba-inscricoes-vao-ate-quinta\/#primaryimage"},"image":{"@id":"https:\/\/jornalvia.com\/piracicaba\/oportunidade\/curso-gratuito-de-paes-abre-50-vagas-em-piracicaba-inscricoes-vao-ate-quinta\/#primaryimage"},"thumbnailUrl":"https:\/\/jornalvia.com\/piracicaba\/wp-content\/uploads\/sites\/2\/2026\/08\/2026-08-31-ID2-001671.webp","datePublished":"2026-09-01T10:30:17+00:00","breadcrumb":{"@id":"https:\/\/jornalvia.com\/piracicaba\/oportunidade\/curso-gratuito-de-paes-abre-50-vagas-em-piracicaba-inscricoes-vao-ate-quinta\/#breadcrumb"},"inLanguage":"pt-BR","potentialAction":[{"@type":"ReadAction","target":["https:\/\/jornalvia.com\/piracicaba\/oportunidade\/curso-gratuito-de-paes-abre-50-vagas-em-piracicaba-inscricoes-vao-ate-quinta\/"]}]},{"@type":"ImageObject","inLanguage":"pt-BR","@id":"https:\/\/jornalvia.com\/piracicaba\/oportunidade\/curso-gratuito-de-paes-abre-50-vagas-em-piracicaba-inscricoes-vao-ate-quinta\/#primaryimage","url":"https:\/\/jornalvia.com\/piracicaba\/wp-content\/uploads\/sites\/2\/2026\/08\/2026-08-31-ID2-001671.webp","contentUrl":"https:\/\/jornalvia.com\/piracicaba\/wp-content\/uploads\/sites\/2\/2026\/08\/2026-08-31-ID2-001671.webp","width":1200,"height":800,"caption":"As aulas ser\u00e3o realizadas na unidade m\u00f3vel de capacita\u00e7\u00e3o, uma carreta que percorre munic\u00edpios paulistas com cursos e oficinas. Foto: Divulga\u00e7\u00e3o"},{"@type":"BreadcrumbList","@id":"https:\/\/jornalvia.com\/piracicaba\/oportunidade\/curso-gratuito-de-paes-abre-50-vagas-em-piracicaba-inscricoes-vao-ate-quinta\/#breadcrumb","itemListElement":[{"@type":"ListItem","position":1,"name":"In\u00edcio","item":"https:\/\/jornalvia.com\/piracicaba\/"},{"@type":"ListItem","position":2,"name":"Curso gratuito de p\u00e3es abre 50 vagas em Piracicaba; inscri\u00e7\u00f5es v\u00e3o at\u00e9 quinta"}]},{"@type":"WebSite","@id":"https:\/\/jornalvia.com\/piracicaba\/#website","url":"https:\/\/jornalvia.com\/piracicaba\/","name":"Jornal VIA","description":"Seu novo jornal de not\u00edcias em Piracicaba com informa\u00e7\u00f5es locais, do Brasil e do mundo","publisher":{"@id":"https:\/\/jornalvia.com\/piracicaba\/#organization"},"alternateName":"Jornal VIA \u2022 Piracicaba","potentialAction":[{"@type":"SearchAction","target":{"@type":"EntryPoint","urlTemplate":"https:\/\/jornalvia.com\/piracicaba\/?s={search_term_string}"},"query-input":{"@type":"PropertyValueSpecification","valueRequired":true,"valueName":"search_term_string"}}],"inLanguage":"pt-BR"},{"@type":"Organization","@id":"https:\/\/jornalvia.com\/piracicaba\/#organization","name":"Jornal VIA","url":"https:\/\/jornalvia.com\/piracicaba\/","logo":{"@type":"ImageObject","inLanguage":"pt-BR","@id":"https:\/\/jornalvia.com\/piracicaba\/#\/schema\/logo\/image\/","url":"https:\/\/jornalvia.com\/piracicaba\/wp-content\/uploads\/sites\/2\/2025\/09\/cropped-logo_site_5-1.png","contentUrl":"https:\/\/jornalvia.com\/piracicaba\/wp-content\/uploads\/sites\/2\/2025\/09\/cropped-logo_site_5-1.png","width":512,"height":512,"caption":"Jornal VIA"},"image":{"@id":"https:\/\/jornalvia.com\/piracicaba\/#\/schema\/logo\/image\/"}},{"@type":"Person","@id":"https:\/\/jornalvia.com\/piracicaba\/#\/schema\/person\/672c24084b8babca7ca8adc9bb83152a","name":"Reda\u00e7\u00e3o","url":"https:\/\/jornalvia.com\/piracicaba\/author\/jaquelineprates\/"}]}},"_links":{"self":[{"href":"https:\/\/jornalvia.com\/piracicaba\/wp-json\/wp\/v2\/posts\/15271","targetHints":{"allow":["GET"]}}],"collection":[{"href":"https:\/\/jornalvia.com\/piracicaba\/wp-json\/wp\/v2\/posts"}],"about":[{"href":"https:\/\/jornalvia.com\/piracicaba\/wp-json\/wp\/v2\/types\/post"}],"author":[{"embeddable":true,"href":"https:\/\/jornalvia.com\/piracicaba\/wp-json\/wp\/v2\/users\/9"}],"replies":[{"embeddable":true,"href":"https:\/\/jornalvia.com\/piracicaba\/wp-json\/wp\/v2\/comments?post=15271"}],"version-history":[{"count":1,"href":"https:\/\/jornalvia.com\/piracicaba\/wp-json\/wp\/v2\/posts\/15271\/revisions"}],"predecessor-version":[{"id":15273,"href":"https:\/\/jornalvia.com\/piracicaba\/wp-json\/wp\/v2\/posts\/15271\/revisions\/15273"}],"wp:featuredmedia":[{"embeddable":true,"href":"https:\/\/jornalvia.com\/piracicaba\/wp-json\/wp\/v2\/media\/15272"}],"wp:attachment":[{"href":"https:\/\/jornalvia.com\/piracicaba\/wp-json\/wp\/v2\/media?parent=15271"}],"wp:term":[{"taxonomy":"category","embeddable":true,"href":"https:\/\/jornalvia.com\/piracicaba\/wp-json\/wp\/v2\/categories?post=15271"},{"taxonomy":"post_tag","embeddable":true,"href":"https:\/\/jornalvia.com\/piracicaba\/wp-json\/wp\/v2\/tags?post=15271"}],"curies":[{"name":"wp","href":"https:\/\/api.w.org\/{rel}","templated":true}]}}