{"id":15256,"date":"2026-08-31T07:30:41","date_gmt":"2026-08-31T10:30:41","guid":{"rendered":"https:\/\/jornalvia.com\/piracicaba\/?p=15256"},"modified":"2026-08-28T17:24:33","modified_gmt":"2026-08-28T20:24:33","slug":"emprego-piracicaba-tem-280-vagas-disponiveis-nesta-segunda-feira","status":"publish","type":"post","link":"https:\/\/jornalvia.com\/piracicaba\/empregos\/emprego-piracicaba-tem-280-vagas-disponiveis-nesta-segunda-feira\/","title":{"rendered":"Emprego: Piracicaba tem 280 vagas dispon\u00edveis nesta segunda feira"},"content":{"rendered":"<p>Quem procura emprego em Piracicaba encontra 280 vagas dispon\u00edveis nesta segunda feira (31) por meio do Centro de Apoio ao Trabalhador (CAT). As oportunidades s\u00e3o oferecidas por empresas do munic\u00edpio e da regi\u00e3o e contemplam diferentes n\u00edveis de escolaridade e experi\u00eancia profissional.<\/p>\n<p>Entre as fun\u00e7\u00f5es com maior n\u00famero de oportunidades est\u00e1 ajudante de p\u00e1tio de sucata, com 50 vagas. H\u00e1 tamb\u00e9m 20 postos para ajudante de obras, distribu\u00eddos entre diferentes modalidades, al\u00e9m de dez vagas para auxiliar de cozinha.<\/p>\n<p>O painel inclui ainda quatro oportunidades para auxiliar de sushiman e quatro para barman, al\u00e9m de vagas em diferentes setores.<\/p>\n<p><strong>Sal\u00e1rios chegam a R$ 3.914<\/strong><br \/>\nEntre as oportunidades divulgadas, os maiores sal\u00e1rios chegam a R$ 3.914 para caldeireiro.<\/p>\n<p>Tamb\u00e9m h\u00e1 remunera\u00e7\u00e3o de at\u00e9 R$ 3.800 para assistente t\u00e9cnico de vendas, R$ 3.500 para analista financeiro e R$ 3.100 para carpinteiro de obras.<\/p>\n<p>Os benef\u00edcios variam conforme a empresa e a fun\u00e7\u00e3o. Entre os oferecidos est\u00e3o vale transporte, aux\u00edlio alimenta\u00e7\u00e3o e, no caso de algumas atividades em bares e restaurantes, sal\u00e1rio fixo acrescido de gorjetas.<\/p>\n<p>O painel tamb\u00e9m re\u00fane oportunidades tempor\u00e1rias, com contratos que podem chegar a 270 dias, incluindo postos nas \u00e1reas de agricultura e vendas t\u00e9cnicas.<\/p>\n<p><strong>Escolaridade e experi\u00eancia variam conforme a vaga<\/strong><br \/>\nOs requisitos dependem de cada oportunidade. Entre as exig\u00eancias mais recorrentes est\u00e3o ensino fundamental ou m\u00e9dio completo.<\/p>\n<p>Para algumas fun\u00e7\u00f5es relacionadas a log\u00edstica, mec\u00e2nica e produ\u00e7\u00e3o, tamb\u00e9m \u00e9 exigida Carteira Nacional de Habilita\u00e7\u00e3o (CNH) v\u00e1lida.<\/p>\n<p>Por isso, antes de se candidatar, o trabalhador deve verificar as exig\u00eancias espec\u00edficas da vaga e manter seus dados atualizados.<\/p>\n<p><strong>Como consultar as vagas do CAT<\/strong><br \/>\nA rela\u00e7\u00e3o completa de oportunidades pode ser consultada no Painel de Vagas da Prefeitura de Piracicaba:<\/p>\n<p><a href=\"http:\/\/piracicaba.sp.gov.br\/servicos\/painel-de-vagas\/\">piracicaba.sp.gov.br\/servicos\/painel-de-vagas\/<\/a><\/p>\n<p>As oportunidades permanecem dispon\u00edveis at\u00e9 que seja atingido o limite de encaminhamentos. As vagas tamb\u00e9m podem ser retiradas do sistema a qualquer momento, conforme solicita\u00e7\u00e3o das empresas contratantes.<\/p>\n<p><strong>Servi\u00e7o<\/strong><br \/>\nCentro de Apoio ao Trabalhador (CAT)<br \/>\nEndere\u00e7o: Centro C\u00edvico, T\u00e9rreo 1, rua Ant\u00f4nio Corr\u00eaa Barbosa, 2.233, Piracicaba<br \/>\nWhatsApp: (19) 3437-2221<br \/>\nTelefone: (19) 3431-8500<br \/>\nPainel de vagas: <a href=\"http:\/\/piracicaba.sp.gov.br\/servicos\/painel-de-vagas\/\">piracicaba.sp.gov.br\/servicos\/painel-de-vagas\/<\/a><\/p>\n","protected":false},"excerpt":{"rendered":"<p>Oportunidades do CAT contemplam diferentes n\u00edveis de escolaridade e experi\u00eancia; sal\u00e1rios chegam a R$ 3.914<\/p>\n","protected":false},"author":9,"featured_media":15257,"comment_status":"closed","ping_status":"closed","sticky":false,"template":"","format":"standard","meta":{"_acf_changed":false,"footnotes":""},"categories":[71],"tags":[],"class_list":["post-15256","post","type-post","status-publish","format-standard","has-post-thumbnail","hentry","category-empregos"],"acf":[],"yoast_head":"<!-- This site is optimized with the Yoast SEO plugin v27.2 - https:\/\/yoast.com\/product\/yoast-seo-wordpress\/ -->\n<title>Emprego: Piracicaba tem 280 vagas dispon\u00edveis nesta segunda feira<\/title>\n<meta name=\"robots\" content=\"index, follow, max-snippet:-1, max-image-preview:large, max-video-preview:-1\" \/>\n<link rel=\"canonical\" href=\"https:\/\/jornalvia.com\/piracicaba\/empregos\/emprego-piracicaba-tem-280-vagas-disponiveis-nesta-segunda-feira\/\" \/>\n<meta property=\"og:locale\" content=\"pt_BR\" \/>\n<meta property=\"og:type\" content=\"article\" \/>\n<meta property=\"og:title\" content=\"Emprego: Piracicaba tem 280 vagas dispon\u00edveis nesta segunda feira\" \/>\n<meta property=\"og:description\" content=\"Oportunidades do CAT contemplam diferentes n\u00edveis de escolaridade e experi\u00eancia; sal\u00e1rios chegam a R$ 3.914\" \/>\n<meta property=\"og:url\" content=\"https:\/\/jornalvia.com\/piracicaba\/empregos\/emprego-piracicaba-tem-280-vagas-disponiveis-nesta-segunda-feira\/\" \/>\n<meta property=\"og:site_name\" content=\"Piracicaba\" \/>\n<meta property=\"article:published_time\" content=\"2026-08-31T10:30:41+00:00\" \/>\n<meta property=\"og:image\" content=\"https:\/\/jornalvia.com\/piracicaba\/wp-content\/uploads\/sites\/2\/2026\/08\/2026-08-28-ID2-001667.webp\" \/>\n\t<meta property=\"og:image:width\" content=\"968\" \/>\n\t<meta property=\"og:image:height\" content=\"750\" \/>\n\t<meta property=\"og:image:type\" content=\"image\/webp\" \/>\n<meta name=\"author\" content=\"Reda\u00e7\u00e3o\" \/>\n<meta name=\"twitter:card\" content=\"summary_large_image\" \/>\n<meta name=\"twitter:label1\" content=\"Escrito por\" \/>\n\t<meta name=\"twitter:data1\" content=\"Reda\u00e7\u00e3o\" \/>\n\t<meta name=\"twitter:label2\" content=\"Est. tempo de leitura\" \/>\n\t<meta name=\"twitter:data2\" content=\"2 minutos\" \/>\n<script type=\"application\/ld+json\" class=\"yoast-schema-graph\">{\"@context\":\"https:\/\/schema.org\",\"@graph\":[{\"@type\":\"Article\",\"@id\":\"https:\/\/jornalvia.com\/piracicaba\/empregos\/emprego-piracicaba-tem-280-vagas-disponiveis-nesta-segunda-feira\/#article\",\"isPartOf\":{\"@id\":\"https:\/\/jornalvia.com\/piracicaba\/empregos\/emprego-piracicaba-tem-280-vagas-disponiveis-nesta-segunda-feira\/\"},\"author\":{\"name\":\"Reda\u00e7\u00e3o\",\"@id\":\"https:\/\/jornalvia.com\/piracicaba\/#\/schema\/person\/672c24084b8babca7ca8adc9bb83152a\"},\"headline\":\"Emprego: Piracicaba tem 280 vagas dispon\u00edveis nesta segunda feira\",\"datePublished\":\"2026-08-31T10:30:41+00:00\",\"mainEntityOfPage\":{\"@id\":\"https:\/\/jornalvia.com\/piracicaba\/empregos\/emprego-piracicaba-tem-280-vagas-disponiveis-nesta-segunda-feira\/\"},\"wordCount\":392,\"publisher\":{\"@id\":\"https:\/\/jornalvia.com\/piracicaba\/#organization\"},\"image\":{\"@id\":\"https:\/\/jornalvia.com\/piracicaba\/empregos\/emprego-piracicaba-tem-280-vagas-disponiveis-nesta-segunda-feira\/#primaryimage\"},\"thumbnailUrl\":\"https:\/\/jornalvia.com\/piracicaba\/wp-content\/uploads\/sites\/2\/2026\/08\/2026-08-28-ID2-001667.webp\",\"articleSection\":[\"Empregos\"],\"inLanguage\":\"pt-BR\"},{\"@type\":\"WebPage\",\"@id\":\"https:\/\/jornalvia.com\/piracicaba\/empregos\/emprego-piracicaba-tem-280-vagas-disponiveis-nesta-segunda-feira\/\",\"url\":\"https:\/\/jornalvia.com\/piracicaba\/empregos\/emprego-piracicaba-tem-280-vagas-disponiveis-nesta-segunda-feira\/\",\"name\":\"Emprego: Piracicaba tem 280 vagas dispon\u00edveis nesta segunda feira\",\"isPartOf\":{\"@id\":\"https:\/\/jornalvia.com\/piracicaba\/#website\"},\"primaryImageOfPage\":{\"@id\":\"https:\/\/jornalvia.com\/piracicaba\/empregos\/emprego-piracicaba-tem-280-vagas-disponiveis-nesta-segunda-feira\/#primaryimage\"},\"image\":{\"@id\":\"https:\/\/jornalvia.com\/piracicaba\/empregos\/emprego-piracicaba-tem-280-vagas-disponiveis-nesta-segunda-feira\/#primaryimage\"},\"thumbnailUrl\":\"https:\/\/jornalvia.com\/piracicaba\/wp-content\/uploads\/sites\/2\/2026\/08\/2026-08-28-ID2-001667.webp\",\"datePublished\":\"2026-08-31T10:30:41+00:00\",\"breadcrumb\":{\"@id\":\"https:\/\/jornalvia.com\/piracicaba\/empregos\/emprego-piracicaba-tem-280-vagas-disponiveis-nesta-segunda-feira\/#breadcrumb\"},\"inLanguage\":\"pt-BR\",\"potentialAction\":[{\"@type\":\"ReadAction\",\"target\":[\"https:\/\/jornalvia.com\/piracicaba\/empregos\/emprego-piracicaba-tem-280-vagas-disponiveis-nesta-segunda-feira\/\"]}]},{\"@type\":\"ImageObject\",\"inLanguage\":\"pt-BR\",\"@id\":\"https:\/\/jornalvia.com\/piracicaba\/empregos\/emprego-piracicaba-tem-280-vagas-disponiveis-nesta-segunda-feira\/#primaryimage\",\"url\":\"https:\/\/jornalvia.com\/piracicaba\/wp-content\/uploads\/sites\/2\/2026\/08\/2026-08-28-ID2-001667.webp\",\"contentUrl\":\"https:\/\/jornalvia.com\/piracicaba\/wp-content\/uploads\/sites\/2\/2026\/08\/2026-08-28-ID2-001667.webp\",\"width\":968,\"height\":750,\"caption\":\"Foto: Divulga\u00e7\u00e3o\"},{\"@type\":\"BreadcrumbList\",\"@id\":\"https:\/\/jornalvia.com\/piracicaba\/empregos\/emprego-piracicaba-tem-280-vagas-disponiveis-nesta-segunda-feira\/#breadcrumb\",\"itemListElement\":[{\"@type\":\"ListItem\",\"position\":1,\"name\":\"In\u00edcio\",\"item\":\"https:\/\/jornalvia.com\/piracicaba\/\"},{\"@type\":\"ListItem\",\"position\":2,\"name\":\"Emprego: Piracicaba tem 280 vagas dispon\u00edveis nesta segunda feira\"}]},{\"@type\":\"WebSite\",\"@id\":\"https:\/\/jornalvia.com\/piracicaba\/#website\",\"url\":\"https:\/\/jornalvia.com\/piracicaba\/\",\"name\":\"Jornal VIA\",\"description\":\"Seu novo jornal de not\u00edcias em Piracicaba com informa\u00e7\u00f5es locais, do Brasil e do mundo\",\"publisher\":{\"@id\":\"https:\/\/jornalvia.com\/piracicaba\/#organization\"},\"alternateName\":\"Jornal VIA \u2022 Piracicaba\",\"potentialAction\":[{\"@type\":\"SearchAction\",\"target\":{\"@type\":\"EntryPoint\",\"urlTemplate\":\"https:\/\/jornalvia.com\/piracicaba\/?s={search_term_string}\"},\"query-input\":{\"@type\":\"PropertyValueSpecification\",\"valueRequired\":true,\"valueName\":\"search_term_string\"}}],\"inLanguage\":\"pt-BR\"},{\"@type\":\"Organization\",\"@id\":\"https:\/\/jornalvia.com\/piracicaba\/#organization\",\"name\":\"Jornal VIA\",\"url\":\"https:\/\/jornalvia.com\/piracicaba\/\",\"logo\":{\"@type\":\"ImageObject\",\"inLanguage\":\"pt-BR\",\"@id\":\"https:\/\/jornalvia.com\/piracicaba\/#\/schema\/logo\/image\/\",\"url\":\"https:\/\/jornalvia.com\/piracicaba\/wp-content\/uploads\/sites\/2\/2025\/09\/cropped-logo_site_5-1.png\",\"contentUrl\":\"https:\/\/jornalvia.com\/piracicaba\/wp-content\/uploads\/sites\/2\/2025\/09\/cropped-logo_site_5-1.png\",\"width\":512,\"height\":512,\"caption\":\"Jornal VIA\"},\"image\":{\"@id\":\"https:\/\/jornalvia.com\/piracicaba\/#\/schema\/logo\/image\/\"}},{\"@type\":\"Person\",\"@id\":\"https:\/\/jornalvia.com\/piracicaba\/#\/schema\/person\/672c24084b8babca7ca8adc9bb83152a\",\"name\":\"Reda\u00e7\u00e3o\",\"url\":\"https:\/\/jornalvia.com\/piracicaba\/author\/jaquelineprates\/\"}]}<\/script>\n<!-- \/ Yoast SEO plugin. -->","yoast_head_json":{"title":"Emprego: Piracicaba tem 280 vagas dispon\u00edveis nesta segunda feira","robots":{"index":"index","follow":"follow","max-snippet":"max-snippet:-1","max-image-preview":"max-image-preview:large","max-video-preview":"max-video-preview:-1"},"canonical":"https:\/\/jornalvia.com\/piracicaba\/empregos\/emprego-piracicaba-tem-280-vagas-disponiveis-nesta-segunda-feira\/","og_locale":"pt_BR","og_type":"article","og_title":"Emprego: Piracicaba tem 280 vagas dispon\u00edveis nesta segunda feira","og_description":"Oportunidades do CAT contemplam diferentes n\u00edveis de escolaridade e experi\u00eancia; sal\u00e1rios chegam a R$ 3.914","og_url":"https:\/\/jornalvia.com\/piracicaba\/empregos\/emprego-piracicaba-tem-280-vagas-disponiveis-nesta-segunda-feira\/","og_site_name":"Piracicaba","article_published_time":"2026-08-31T10:30:41+00:00","og_image":[{"width":968,"height":750,"url":"https:\/\/jornalvia.com\/piracicaba\/wp-content\/uploads\/sites\/2\/2026\/08\/2026-08-28-ID2-001667.webp","type":"image\/webp"}],"author":"Reda\u00e7\u00e3o","twitter_card":"summary_large_image","twitter_misc":{"Escrito por":"Reda\u00e7\u00e3o","Est. tempo de leitura":"2 minutos"},"schema":{"@context":"https:\/\/schema.org","@graph":[{"@type":"Article","@id":"https:\/\/jornalvia.com\/piracicaba\/empregos\/emprego-piracicaba-tem-280-vagas-disponiveis-nesta-segunda-feira\/#article","isPartOf":{"@id":"https:\/\/jornalvia.com\/piracicaba\/empregos\/emprego-piracicaba-tem-280-vagas-disponiveis-nesta-segunda-feira\/"},"author":{"name":"Reda\u00e7\u00e3o","@id":"https:\/\/jornalvia.com\/piracicaba\/#\/schema\/person\/672c24084b8babca7ca8adc9bb83152a"},"headline":"Emprego: Piracicaba tem 280 vagas dispon\u00edveis nesta segunda feira","datePublished":"2026-08-31T10:30:41+00:00","mainEntityOfPage":{"@id":"https:\/\/jornalvia.com\/piracicaba\/empregos\/emprego-piracicaba-tem-280-vagas-disponiveis-nesta-segunda-feira\/"},"wordCount":392,"publisher":{"@id":"https:\/\/jornalvia.com\/piracicaba\/#organization"},"image":{"@id":"https:\/\/jornalvia.com\/piracicaba\/empregos\/emprego-piracicaba-tem-280-vagas-disponiveis-nesta-segunda-feira\/#primaryimage"},"thumbnailUrl":"https:\/\/jornalvia.com\/piracicaba\/wp-content\/uploads\/sites\/2\/2026\/08\/2026-08-28-ID2-001667.webp","articleSection":["Empregos"],"inLanguage":"pt-BR"},{"@type":"WebPage","@id":"https:\/\/jornalvia.com\/piracicaba\/empregos\/emprego-piracicaba-tem-280-vagas-disponiveis-nesta-segunda-feira\/","url":"https:\/\/jornalvia.com\/piracicaba\/empregos\/emprego-piracicaba-tem-280-vagas-disponiveis-nesta-segunda-feira\/","name":"Emprego: Piracicaba tem 280 vagas dispon\u00edveis nesta segunda feira","isPartOf":{"@id":"https:\/\/jornalvia.com\/piracicaba\/#website"},"primaryImageOfPage":{"@id":"https:\/\/jornalvia.com\/piracicaba\/empregos\/emprego-piracicaba-tem-280-vagas-disponiveis-nesta-segunda-feira\/#primaryimage"},"image":{"@id":"https:\/\/jornalvia.com\/piracicaba\/empregos\/emprego-piracicaba-tem-280-vagas-disponiveis-nesta-segunda-feira\/#primaryimage"},"thumbnailUrl":"https:\/\/jornalvia.com\/piracicaba\/wp-content\/uploads\/sites\/2\/2026\/08\/2026-08-28-ID2-001667.webp","datePublished":"2026-08-31T10:30:41+00:00","breadcrumb":{"@id":"https:\/\/jornalvia.com\/piracicaba\/empregos\/emprego-piracicaba-tem-280-vagas-disponiveis-nesta-segunda-feira\/#breadcrumb"},"inLanguage":"pt-BR","potentialAction":[{"@type":"ReadAction","target":["https:\/\/jornalvia.com\/piracicaba\/empregos\/emprego-piracicaba-tem-280-vagas-disponiveis-nesta-segunda-feira\/"]}]},{"@type":"ImageObject","inLanguage":"pt-BR","@id":"https:\/\/jornalvia.com\/piracicaba\/empregos\/emprego-piracicaba-tem-280-vagas-disponiveis-nesta-segunda-feira\/#primaryimage","url":"https:\/\/jornalvia.com\/piracicaba\/wp-content\/uploads\/sites\/2\/2026\/08\/2026-08-28-ID2-001667.webp","contentUrl":"https:\/\/jornalvia.com\/piracicaba\/wp-content\/uploads\/sites\/2\/2026\/08\/2026-08-28-ID2-001667.webp","width":968,"height":750,"caption":"Foto: Divulga\u00e7\u00e3o"},{"@type":"BreadcrumbList","@id":"https:\/\/jornalvia.com\/piracicaba\/empregos\/emprego-piracicaba-tem-280-vagas-disponiveis-nesta-segunda-feira\/#breadcrumb","itemListElement":[{"@type":"ListItem","position":1,"name":"In\u00edcio","item":"https:\/\/jornalvia.com\/piracicaba\/"},{"@type":"ListItem","position":2,"name":"Emprego: Piracicaba tem 280 vagas dispon\u00edveis nesta segunda feira"}]},{"@type":"WebSite","@id":"https:\/\/jornalvia.com\/piracicaba\/#website","url":"https:\/\/jornalvia.com\/piracicaba\/","name":"Jornal VIA","description":"Seu novo jornal de not\u00edcias em Piracicaba com informa\u00e7\u00f5es locais, do Brasil e do mundo","publisher":{"@id":"https:\/\/jornalvia.com\/piracicaba\/#organization"},"alternateName":"Jornal VIA \u2022 Piracicaba","potentialAction":[{"@type":"SearchAction","target":{"@type":"EntryPoint","urlTemplate":"https:\/\/jornalvia.com\/piracicaba\/?s={search_term_string}"},"query-input":{"@type":"PropertyValueSpecification","valueRequired":true,"valueName":"search_term_string"}}],"inLanguage":"pt-BR"},{"@type":"Organization","@id":"https:\/\/jornalvia.com\/piracicaba\/#organization","name":"Jornal VIA","url":"https:\/\/jornalvia.com\/piracicaba\/","logo":{"@type":"ImageObject","inLanguage":"pt-BR","@id":"https:\/\/jornalvia.com\/piracicaba\/#\/schema\/logo\/image\/","url":"https:\/\/jornalvia.com\/piracicaba\/wp-content\/uploads\/sites\/2\/2025\/09\/cropped-logo_site_5-1.png","contentUrl":"https:\/\/jornalvia.com\/piracicaba\/wp-content\/uploads\/sites\/2\/2025\/09\/cropped-logo_site_5-1.png","width":512,"height":512,"caption":"Jornal VIA"},"image":{"@id":"https:\/\/jornalvia.com\/piracicaba\/#\/schema\/logo\/image\/"}},{"@type":"Person","@id":"https:\/\/jornalvia.com\/piracicaba\/#\/schema\/person\/672c24084b8babca7ca8adc9bb83152a","name":"Reda\u00e7\u00e3o","url":"https:\/\/jornalvia.com\/piracicaba\/author\/jaquelineprates\/"}]}},"_links":{"self":[{"href":"https:\/\/jornalvia.com\/piracicaba\/wp-json\/wp\/v2\/posts\/15256","targetHints":{"allow":["GET"]}}],"collection":[{"href":"https:\/\/jornalvia.com\/piracicaba\/wp-json\/wp\/v2\/posts"}],"about":[{"href":"https:\/\/jornalvia.com\/piracicaba\/wp-json\/wp\/v2\/types\/post"}],"author":[{"embeddable":true,"href":"https:\/\/jornalvia.com\/piracicaba\/wp-json\/wp\/v2\/users\/9"}],"replies":[{"embeddable":true,"href":"https:\/\/jornalvia.com\/piracicaba\/wp-json\/wp\/v2\/comments?post=15256"}],"version-history":[{"count":1,"href":"https:\/\/jornalvia.com\/piracicaba\/wp-json\/wp\/v2\/posts\/15256\/revisions"}],"predecessor-version":[{"id":15258,"href":"https:\/\/jornalvia.com\/piracicaba\/wp-json\/wp\/v2\/posts\/15256\/revisions\/15258"}],"wp:featuredmedia":[{"embeddable":true,"href":"https:\/\/jornalvia.com\/piracicaba\/wp-json\/wp\/v2\/media\/15257"}],"wp:attachment":[{"href":"https:\/\/jornalvia.com\/piracicaba\/wp-json\/wp\/v2\/media?parent=15256"}],"wp:term":[{"taxonomy":"category","embeddable":true,"href":"https:\/\/jornalvia.com\/piracicaba\/wp-json\/wp\/v2\/categories?post=15256"},{"taxonomy":"post_tag","embeddable":true,"href":"https:\/\/jornalvia.com\/piracicaba\/wp-json\/wp\/v2\/tags?post=15256"}],"curies":[{"name":"wp","href":"https:\/\/api.w.org\/{rel}","templated":true}]}}