{"id":15253,"date":"2026-08-30T08:00:48","date_gmt":"2026-08-30T11:00:48","guid":{"rendered":"https:\/\/jornalvia.com\/piracicaba\/?p=15253"},"modified":"2026-08-28T16:27:33","modified_gmt":"2026-08-28T19:27:33","slug":"trilha-da-gastronomia-capacita-60-profissionais-de-55-estabelecimentos-em-piracicaba","status":"publish","type":"post","link":"https:\/\/jornalvia.com\/piracicaba\/comunidade\/trilha-da-gastronomia-capacita-60-profissionais-de-55-estabelecimentos-em-piracicaba\/","title":{"rendered":"Trilha da Gastronomia capacita 60 profissionais de 55 estabelecimentos em Piracicaba"},"content":{"rendered":"<p>A Trilha da Gastronomia, capacita\u00e7\u00e3o gratuita voltada aos empreendedores do setor de alimentos e bebidas de Piracicaba, iniciou nesta semana sua segunda turma. O programa, realizado pela Secretaria Municipal de Turismo em parceria com o Sebrae, re\u00fane agora 60 participantes de 55 estabelecimentos gastron\u00f4micos da cidade.<\/p>\n<p>A nova turma conta com 38 participantes, representando 37 estabelecimentos. A primeira re\u00fane outros 22 profissionais de 18 empresas.<\/p>\n<p>Ao longo da capacita\u00e7\u00e3o, os participantes recebem assessoria voltada ao desenvolvimento dos pr\u00f3prios neg\u00f3cios, com conte\u00fados sobre gest\u00e3o e estrat\u00e9gias para melhorar os resultados das empresas.<\/p>\n<p><strong>Curso aborda marketing, finan\u00e7as e gest\u00e3o<\/strong><br \/>\nA Trilha da Gastronomia \u00e9 formada por palestras, oficinas e encontros programados ao longo do semestre. Entre os assuntos abordados est\u00e3o diagn\u00f3stico empresarial, marketing, finan\u00e7as, gest\u00e3o de pessoas, planejamento e inova\u00e7\u00e3o.<\/p>\n<p>A primeira atividade da segunda turma contou com a palestra \u201cEncante seu Cliente e Venda Mais\u201d, ministrada por Vivian Louren\u00e7o, analista de neg\u00f3cios do Sebrae SP. O encontro tamb\u00e9m teve a participa\u00e7\u00e3o de Frederico Laitz, igualmente analista de neg\u00f3cios da institui\u00e7\u00e3o.<\/p>\n<p>Segundo a secret\u00e1ria municipal de Turismo, Clarissa Quiararia, a ades\u00e3o demonstra o interesse dos empres\u00e1rios do setor em buscar qualifica\u00e7\u00e3o.<\/p>\n<blockquote><p>\u201cS\u00e3o 60 pessoas buscando conhecimento e trocando experi\u00eancias. As capacita\u00e7\u00f5es junto do Sebrae s\u00e3o excelentes oportunidades de aprimoramento, visando atrair cada vez mais visitantes e turistas e fomentando a economia da cidade\u201d, afirmou.<\/p><\/blockquote>\n<p><strong>Empres\u00e1rios destacam troca de experi\u00eancias<\/strong><br \/>\nEntre os participantes est\u00e1 Jos\u00e9 Machado Junior, da cervejaria artesanal Dama Bier. Para ele, al\u00e9m da atualiza\u00e7\u00e3o profissional, a capacita\u00e7\u00e3o favorece o contato entre empres\u00e1rios e outros agentes envolvidos no setor.<\/p>\n<blockquote><p>\u201cAcredito que, quando aproximamos conhecimento, profissionais, empresas e poder p\u00fablico, criamos um ambiente mais colaborativo e preparado para evoluir\u201d, disse.<\/p><\/blockquote>\n<p>Miltinho Martins, do Restaurante Ca\u00e7arola Paulista e presidente da Associa\u00e7\u00e3o Piracicabana da Alimenta\u00e7\u00e3o Fora do Lar (Apaflar), destacou que administrar um estabelecimento gastron\u00f4mico exige conhecimentos que v\u00e3o al\u00e9m da prepara\u00e7\u00e3o dos alimentos.<\/p>\n<blockquote><p>\u201cTem o administrativo, departamento pessoal, marketing, tend\u00eancias gastron\u00f4micas, perfil de clientes, ponto de equil\u00edbrio e outras \u00e1reas t\u00e3o importantes quanto cozinhar bem, ent\u00e3o conhecimento sempre \u00e9 bom\u201d, afirmou.<\/p><\/blockquote>\n<p>Francine Tavares de Souza, da Dfran Pamonharia e Restaurante, tamb\u00e9m participa da capacita\u00e7\u00e3o em busca de estrat\u00e9gias para desenvolver e expandir o neg\u00f3cio. Segundo ela, o acompanhamento do Sebrae contribui para aprimorar processos e a gest\u00e3o empresarial.<\/p>\n<p><strong>Novas capacita\u00e7\u00f5es est\u00e3o previstas<\/strong><br \/>\nAl\u00e9m da Trilha da Gastronomia, a Secretaria Municipal de Turismo informou que pretende oferecer novas capacita\u00e7\u00f5es ainda em 2026.<\/p>\n<p>Os pr\u00f3ximos conte\u00fados dever\u00e3o contemplar profissionais e empreendedores das \u00e1reas de eventos, guiamento tur\u00edstico e ag\u00eancias de turismo receptivo.<\/p>\n<p>A proposta \u00e9 ampliar a qualifica\u00e7\u00e3o dos diferentes segmentos ligados ao turismo e aos servi\u00e7os em Piracicaba, enquanto a atual Trilha da Gastronomia segue com atividades durante o semestre.<\/p>\n","protected":false},"excerpt":{"rendered":"<p>Segunda turma do curso gratuito come\u00e7ou nesta semana; programa da Secretaria de Turismo e do Sebrae oferece orienta\u00e7\u00e3o para gest\u00e3o e desenvolvimento dos neg\u00f3cios<\/p>\n","protected":false},"author":9,"featured_media":15254,"comment_status":"closed","ping_status":"closed","sticky":false,"template":"","format":"standard","meta":{"_acf_changed":false,"footnotes":""},"categories":[46],"tags":[],"class_list":["post-15253","post","type-post","status-publish","format-standard","has-post-thumbnail","hentry","category-comunidade"],"acf":[],"yoast_head":"<!-- This site is optimized with the Yoast SEO plugin v27.2 - https:\/\/yoast.com\/product\/yoast-seo-wordpress\/ -->\n<title>Trilha da Gastronomia capacita 60 profissionais de 55 estabelecimentos em Piracicaba<\/title>\n<meta name=\"robots\" content=\"index, follow, max-snippet:-1, max-image-preview:large, max-video-preview:-1\" \/>\n<link rel=\"canonical\" href=\"https:\/\/jornalvia.com\/piracicaba\/comunidade\/trilha-da-gastronomia-capacita-60-profissionais-de-55-estabelecimentos-em-piracicaba\/\" \/>\n<meta property=\"og:locale\" content=\"pt_BR\" \/>\n<meta property=\"og:type\" content=\"article\" \/>\n<meta property=\"og:title\" content=\"Trilha da Gastronomia capacita 60 profissionais de 55 estabelecimentos em Piracicaba\" \/>\n<meta property=\"og:description\" content=\"Segunda turma do curso gratuito come\u00e7ou nesta semana; programa da Secretaria de Turismo e do Sebrae oferece orienta\u00e7\u00e3o para gest\u00e3o e desenvolvimento dos neg\u00f3cios\" \/>\n<meta property=\"og:url\" content=\"https:\/\/jornalvia.com\/piracicaba\/comunidade\/trilha-da-gastronomia-capacita-60-profissionais-de-55-estabelecimentos-em-piracicaba\/\" \/>\n<meta property=\"og:site_name\" content=\"Piracicaba\" \/>\n<meta property=\"article:published_time\" content=\"2026-08-30T11:00:48+00:00\" \/>\n<meta property=\"og:image\" content=\"https:\/\/jornalvia.com\/piracicaba\/wp-content\/uploads\/sites\/2\/2026\/08\/2026-08-28-ID2-001666.webp\" \/>\n\t<meta property=\"og:image:width\" content=\"2000\" \/>\n\t<meta property=\"og:image:height\" content=\"1125\" \/>\n\t<meta property=\"og:image:type\" content=\"image\/webp\" \/>\n<meta name=\"author\" content=\"Reda\u00e7\u00e3o\" \/>\n<meta name=\"twitter:card\" content=\"summary_large_image\" \/>\n<meta name=\"twitter:label1\" content=\"Escrito por\" \/>\n\t<meta name=\"twitter:data1\" content=\"Reda\u00e7\u00e3o\" \/>\n\t<meta name=\"twitter:label2\" content=\"Est. tempo de leitura\" \/>\n\t<meta name=\"twitter:data2\" content=\"3 minutos\" \/>\n<script type=\"application\/ld+json\" class=\"yoast-schema-graph\">{\"@context\":\"https:\/\/schema.org\",\"@graph\":[{\"@type\":\"Article\",\"@id\":\"https:\/\/jornalvia.com\/piracicaba\/comunidade\/trilha-da-gastronomia-capacita-60-profissionais-de-55-estabelecimentos-em-piracicaba\/#article\",\"isPartOf\":{\"@id\":\"https:\/\/jornalvia.com\/piracicaba\/comunidade\/trilha-da-gastronomia-capacita-60-profissionais-de-55-estabelecimentos-em-piracicaba\/\"},\"author\":{\"name\":\"Reda\u00e7\u00e3o\",\"@id\":\"https:\/\/jornalvia.com\/piracicaba\/#\/schema\/person\/672c24084b8babca7ca8adc9bb83152a\"},\"headline\":\"Trilha da Gastronomia capacita 60 profissionais de 55 estabelecimentos em Piracicaba\",\"datePublished\":\"2026-08-30T11:00:48+00:00\",\"mainEntityOfPage\":{\"@id\":\"https:\/\/jornalvia.com\/piracicaba\/comunidade\/trilha-da-gastronomia-capacita-60-profissionais-de-55-estabelecimentos-em-piracicaba\/\"},\"wordCount\":510,\"publisher\":{\"@id\":\"https:\/\/jornalvia.com\/piracicaba\/#organization\"},\"image\":{\"@id\":\"https:\/\/jornalvia.com\/piracicaba\/comunidade\/trilha-da-gastronomia-capacita-60-profissionais-de-55-estabelecimentos-em-piracicaba\/#primaryimage\"},\"thumbnailUrl\":\"https:\/\/jornalvia.com\/piracicaba\/wp-content\/uploads\/sites\/2\/2026\/08\/2026-08-28-ID2-001666.webp\",\"articleSection\":[\"Comunidade\"],\"inLanguage\":\"pt-BR\"},{\"@type\":\"WebPage\",\"@id\":\"https:\/\/jornalvia.com\/piracicaba\/comunidade\/trilha-da-gastronomia-capacita-60-profissionais-de-55-estabelecimentos-em-piracicaba\/\",\"url\":\"https:\/\/jornalvia.com\/piracicaba\/comunidade\/trilha-da-gastronomia-capacita-60-profissionais-de-55-estabelecimentos-em-piracicaba\/\",\"name\":\"Trilha da Gastronomia capacita 60 profissionais de 55 estabelecimentos em Piracicaba\",\"isPartOf\":{\"@id\":\"https:\/\/jornalvia.com\/piracicaba\/#website\"},\"primaryImageOfPage\":{\"@id\":\"https:\/\/jornalvia.com\/piracicaba\/comunidade\/trilha-da-gastronomia-capacita-60-profissionais-de-55-estabelecimentos-em-piracicaba\/#primaryimage\"},\"image\":{\"@id\":\"https:\/\/jornalvia.com\/piracicaba\/comunidade\/trilha-da-gastronomia-capacita-60-profissionais-de-55-estabelecimentos-em-piracicaba\/#primaryimage\"},\"thumbnailUrl\":\"https:\/\/jornalvia.com\/piracicaba\/wp-content\/uploads\/sites\/2\/2026\/08\/2026-08-28-ID2-001666.webp\",\"datePublished\":\"2026-08-30T11:00:48+00:00\",\"breadcrumb\":{\"@id\":\"https:\/\/jornalvia.com\/piracicaba\/comunidade\/trilha-da-gastronomia-capacita-60-profissionais-de-55-estabelecimentos-em-piracicaba\/#breadcrumb\"},\"inLanguage\":\"pt-BR\",\"potentialAction\":[{\"@type\":\"ReadAction\",\"target\":[\"https:\/\/jornalvia.com\/piracicaba\/comunidade\/trilha-da-gastronomia-capacita-60-profissionais-de-55-estabelecimentos-em-piracicaba\/\"]}]},{\"@type\":\"ImageObject\",\"inLanguage\":\"pt-BR\",\"@id\":\"https:\/\/jornalvia.com\/piracicaba\/comunidade\/trilha-da-gastronomia-capacita-60-profissionais-de-55-estabelecimentos-em-piracicaba\/#primaryimage\",\"url\":\"https:\/\/jornalvia.com\/piracicaba\/wp-content\/uploads\/sites\/2\/2026\/08\/2026-08-28-ID2-001666.webp\",\"contentUrl\":\"https:\/\/jornalvia.com\/piracicaba\/wp-content\/uploads\/sites\/2\/2026\/08\/2026-08-28-ID2-001666.webp\",\"width\":2000,\"height\":1125,\"caption\":\"Foto: Divulga\u00e7\u00e3o\"},{\"@type\":\"BreadcrumbList\",\"@id\":\"https:\/\/jornalvia.com\/piracicaba\/comunidade\/trilha-da-gastronomia-capacita-60-profissionais-de-55-estabelecimentos-em-piracicaba\/#breadcrumb\",\"itemListElement\":[{\"@type\":\"ListItem\",\"position\":1,\"name\":\"In\u00edcio\",\"item\":\"https:\/\/jornalvia.com\/piracicaba\/\"},{\"@type\":\"ListItem\",\"position\":2,\"name\":\"Trilha da Gastronomia capacita 60 profissionais de 55 estabelecimentos em Piracicaba\"}]},{\"@type\":\"WebSite\",\"@id\":\"https:\/\/jornalvia.com\/piracicaba\/#website\",\"url\":\"https:\/\/jornalvia.com\/piracicaba\/\",\"name\":\"Jornal VIA\",\"description\":\"Seu novo jornal de not\u00edcias em Piracicaba com informa\u00e7\u00f5es locais, do Brasil e do mundo\",\"publisher\":{\"@id\":\"https:\/\/jornalvia.com\/piracicaba\/#organization\"},\"alternateName\":\"Jornal VIA \u2022 Piracicaba\",\"potentialAction\":[{\"@type\":\"SearchAction\",\"target\":{\"@type\":\"EntryPoint\",\"urlTemplate\":\"https:\/\/jornalvia.com\/piracicaba\/?s={search_term_string}\"},\"query-input\":{\"@type\":\"PropertyValueSpecification\",\"valueRequired\":true,\"valueName\":\"search_term_string\"}}],\"inLanguage\":\"pt-BR\"},{\"@type\":\"Organization\",\"@id\":\"https:\/\/jornalvia.com\/piracicaba\/#organization\",\"name\":\"Jornal VIA\",\"url\":\"https:\/\/jornalvia.com\/piracicaba\/\",\"logo\":{\"@type\":\"ImageObject\",\"inLanguage\":\"pt-BR\",\"@id\":\"https:\/\/jornalvia.com\/piracicaba\/#\/schema\/logo\/image\/\",\"url\":\"https:\/\/jornalvia.com\/piracicaba\/wp-content\/uploads\/sites\/2\/2025\/09\/cropped-logo_site_5-1.png\",\"contentUrl\":\"https:\/\/jornalvia.com\/piracicaba\/wp-content\/uploads\/sites\/2\/2025\/09\/cropped-logo_site_5-1.png\",\"width\":512,\"height\":512,\"caption\":\"Jornal VIA\"},\"image\":{\"@id\":\"https:\/\/jornalvia.com\/piracicaba\/#\/schema\/logo\/image\/\"}},{\"@type\":\"Person\",\"@id\":\"https:\/\/jornalvia.com\/piracicaba\/#\/schema\/person\/672c24084b8babca7ca8adc9bb83152a\",\"name\":\"Reda\u00e7\u00e3o\",\"url\":\"https:\/\/jornalvia.com\/piracicaba\/author\/jaquelineprates\/\"}]}<\/script>\n<!-- \/ Yoast SEO plugin. -->","yoast_head_json":{"title":"Trilha da Gastronomia capacita 60 profissionais de 55 estabelecimentos em Piracicaba","robots":{"index":"index","follow":"follow","max-snippet":"max-snippet:-1","max-image-preview":"max-image-preview:large","max-video-preview":"max-video-preview:-1"},"canonical":"https:\/\/jornalvia.com\/piracicaba\/comunidade\/trilha-da-gastronomia-capacita-60-profissionais-de-55-estabelecimentos-em-piracicaba\/","og_locale":"pt_BR","og_type":"article","og_title":"Trilha da Gastronomia capacita 60 profissionais de 55 estabelecimentos em Piracicaba","og_description":"Segunda turma do curso gratuito come\u00e7ou nesta semana; programa da Secretaria de Turismo e do Sebrae oferece orienta\u00e7\u00e3o para gest\u00e3o e desenvolvimento dos neg\u00f3cios","og_url":"https:\/\/jornalvia.com\/piracicaba\/comunidade\/trilha-da-gastronomia-capacita-60-profissionais-de-55-estabelecimentos-em-piracicaba\/","og_site_name":"Piracicaba","article_published_time":"2026-08-30T11:00:48+00:00","og_image":[{"width":2000,"height":1125,"url":"https:\/\/jornalvia.com\/piracicaba\/wp-content\/uploads\/sites\/2\/2026\/08\/2026-08-28-ID2-001666.webp","type":"image\/webp"}],"author":"Reda\u00e7\u00e3o","twitter_card":"summary_large_image","twitter_misc":{"Escrito por":"Reda\u00e7\u00e3o","Est. tempo de leitura":"3 minutos"},"schema":{"@context":"https:\/\/schema.org","@graph":[{"@type":"Article","@id":"https:\/\/jornalvia.com\/piracicaba\/comunidade\/trilha-da-gastronomia-capacita-60-profissionais-de-55-estabelecimentos-em-piracicaba\/#article","isPartOf":{"@id":"https:\/\/jornalvia.com\/piracicaba\/comunidade\/trilha-da-gastronomia-capacita-60-profissionais-de-55-estabelecimentos-em-piracicaba\/"},"author":{"name":"Reda\u00e7\u00e3o","@id":"https:\/\/jornalvia.com\/piracicaba\/#\/schema\/person\/672c24084b8babca7ca8adc9bb83152a"},"headline":"Trilha da Gastronomia capacita 60 profissionais de 55 estabelecimentos em Piracicaba","datePublished":"2026-08-30T11:00:48+00:00","mainEntityOfPage":{"@id":"https:\/\/jornalvia.com\/piracicaba\/comunidade\/trilha-da-gastronomia-capacita-60-profissionais-de-55-estabelecimentos-em-piracicaba\/"},"wordCount":510,"publisher":{"@id":"https:\/\/jornalvia.com\/piracicaba\/#organization"},"image":{"@id":"https:\/\/jornalvia.com\/piracicaba\/comunidade\/trilha-da-gastronomia-capacita-60-profissionais-de-55-estabelecimentos-em-piracicaba\/#primaryimage"},"thumbnailUrl":"https:\/\/jornalvia.com\/piracicaba\/wp-content\/uploads\/sites\/2\/2026\/08\/2026-08-28-ID2-001666.webp","articleSection":["Comunidade"],"inLanguage":"pt-BR"},{"@type":"WebPage","@id":"https:\/\/jornalvia.com\/piracicaba\/comunidade\/trilha-da-gastronomia-capacita-60-profissionais-de-55-estabelecimentos-em-piracicaba\/","url":"https:\/\/jornalvia.com\/piracicaba\/comunidade\/trilha-da-gastronomia-capacita-60-profissionais-de-55-estabelecimentos-em-piracicaba\/","name":"Trilha da Gastronomia capacita 60 profissionais de 55 estabelecimentos em Piracicaba","isPartOf":{"@id":"https:\/\/jornalvia.com\/piracicaba\/#website"},"primaryImageOfPage":{"@id":"https:\/\/jornalvia.com\/piracicaba\/comunidade\/trilha-da-gastronomia-capacita-60-profissionais-de-55-estabelecimentos-em-piracicaba\/#primaryimage"},"image":{"@id":"https:\/\/jornalvia.com\/piracicaba\/comunidade\/trilha-da-gastronomia-capacita-60-profissionais-de-55-estabelecimentos-em-piracicaba\/#primaryimage"},"thumbnailUrl":"https:\/\/jornalvia.com\/piracicaba\/wp-content\/uploads\/sites\/2\/2026\/08\/2026-08-28-ID2-001666.webp","datePublished":"2026-08-30T11:00:48+00:00","breadcrumb":{"@id":"https:\/\/jornalvia.com\/piracicaba\/comunidade\/trilha-da-gastronomia-capacita-60-profissionais-de-55-estabelecimentos-em-piracicaba\/#breadcrumb"},"inLanguage":"pt-BR","potentialAction":[{"@type":"ReadAction","target":["https:\/\/jornalvia.com\/piracicaba\/comunidade\/trilha-da-gastronomia-capacita-60-profissionais-de-55-estabelecimentos-em-piracicaba\/"]}]},{"@type":"ImageObject","inLanguage":"pt-BR","@id":"https:\/\/jornalvia.com\/piracicaba\/comunidade\/trilha-da-gastronomia-capacita-60-profissionais-de-55-estabelecimentos-em-piracicaba\/#primaryimage","url":"https:\/\/jornalvia.com\/piracicaba\/wp-content\/uploads\/sites\/2\/2026\/08\/2026-08-28-ID2-001666.webp","contentUrl":"https:\/\/jornalvia.com\/piracicaba\/wp-content\/uploads\/sites\/2\/2026\/08\/2026-08-28-ID2-001666.webp","width":2000,"height":1125,"caption":"Foto: Divulga\u00e7\u00e3o"},{"@type":"BreadcrumbList","@id":"https:\/\/jornalvia.com\/piracicaba\/comunidade\/trilha-da-gastronomia-capacita-60-profissionais-de-55-estabelecimentos-em-piracicaba\/#breadcrumb","itemListElement":[{"@type":"ListItem","position":1,"name":"In\u00edcio","item":"https:\/\/jornalvia.com\/piracicaba\/"},{"@type":"ListItem","position":2,"name":"Trilha da Gastronomia capacita 60 profissionais de 55 estabelecimentos em Piracicaba"}]},{"@type":"WebSite","@id":"https:\/\/jornalvia.com\/piracicaba\/#website","url":"https:\/\/jornalvia.com\/piracicaba\/","name":"Jornal VIA","description":"Seu novo jornal de not\u00edcias em Piracicaba com informa\u00e7\u00f5es locais, do Brasil e do mundo","publisher":{"@id":"https:\/\/jornalvia.com\/piracicaba\/#organization"},"alternateName":"Jornal VIA \u2022 Piracicaba","potentialAction":[{"@type":"SearchAction","target":{"@type":"EntryPoint","urlTemplate":"https:\/\/jornalvia.com\/piracicaba\/?s={search_term_string}"},"query-input":{"@type":"PropertyValueSpecification","valueRequired":true,"valueName":"search_term_string"}}],"inLanguage":"pt-BR"},{"@type":"Organization","@id":"https:\/\/jornalvia.com\/piracicaba\/#organization","name":"Jornal VIA","url":"https:\/\/jornalvia.com\/piracicaba\/","logo":{"@type":"ImageObject","inLanguage":"pt-BR","@id":"https:\/\/jornalvia.com\/piracicaba\/#\/schema\/logo\/image\/","url":"https:\/\/jornalvia.com\/piracicaba\/wp-content\/uploads\/sites\/2\/2025\/09\/cropped-logo_site_5-1.png","contentUrl":"https:\/\/jornalvia.com\/piracicaba\/wp-content\/uploads\/sites\/2\/2025\/09\/cropped-logo_site_5-1.png","width":512,"height":512,"caption":"Jornal VIA"},"image":{"@id":"https:\/\/jornalvia.com\/piracicaba\/#\/schema\/logo\/image\/"}},{"@type":"Person","@id":"https:\/\/jornalvia.com\/piracicaba\/#\/schema\/person\/672c24084b8babca7ca8adc9bb83152a","name":"Reda\u00e7\u00e3o","url":"https:\/\/jornalvia.com\/piracicaba\/author\/jaquelineprates\/"}]}},"_links":{"self":[{"href":"https:\/\/jornalvia.com\/piracicaba\/wp-json\/wp\/v2\/posts\/15253","targetHints":{"allow":["GET"]}}],"collection":[{"href":"https:\/\/jornalvia.com\/piracicaba\/wp-json\/wp\/v2\/posts"}],"about":[{"href":"https:\/\/jornalvia.com\/piracicaba\/wp-json\/wp\/v2\/types\/post"}],"author":[{"embeddable":true,"href":"https:\/\/jornalvia.com\/piracicaba\/wp-json\/wp\/v2\/users\/9"}],"replies":[{"embeddable":true,"href":"https:\/\/jornalvia.com\/piracicaba\/wp-json\/wp\/v2\/comments?post=15253"}],"version-history":[{"count":1,"href":"https:\/\/jornalvia.com\/piracicaba\/wp-json\/wp\/v2\/posts\/15253\/revisions"}],"predecessor-version":[{"id":15255,"href":"https:\/\/jornalvia.com\/piracicaba\/wp-json\/wp\/v2\/posts\/15253\/revisions\/15255"}],"wp:featuredmedia":[{"embeddable":true,"href":"https:\/\/jornalvia.com\/piracicaba\/wp-json\/wp\/v2\/media\/15254"}],"wp:attachment":[{"href":"https:\/\/jornalvia.com\/piracicaba\/wp-json\/wp\/v2\/media?parent=15253"}],"wp:term":[{"taxonomy":"category","embeddable":true,"href":"https:\/\/jornalvia.com\/piracicaba\/wp-json\/wp\/v2\/categories?post=15253"},{"taxonomy":"post_tag","embeddable":true,"href":"https:\/\/jornalvia.com\/piracicaba\/wp-json\/wp\/v2\/tags?post=15253"}],"curies":[{"name":"wp","href":"https:\/\/api.w.org\/{rel}","templated":true}]}}