{"id":15224,"date":"2026-08-28T10:10:14","date_gmt":"2026-08-28T13:10:14","guid":{"rendered":"https:\/\/jornalvia.com\/piracicaba\/?p=15224"},"modified":"2026-08-28T10:10:14","modified_gmt":"2026-08-28T13:10:14","slug":"pec-que-preve-fim-da-escala-6x1-avanca-no-senado-mas-votacao-ainda-depende-de-acordo","status":"publish","type":"post","link":"https:\/\/jornalvia.com\/piracicaba\/brasil\/pec-que-preve-fim-da-escala-6x1-avanca-no-senado-mas-votacao-ainda-depende-de-acordo\/","title":{"rendered":"PEC que prev\u00ea fim da escala 6&#215;1 avan\u00e7a no Senado, mas vota\u00e7\u00e3o ainda depende de acordo"},"content":{"rendered":"<p>A proposta que altera a Constitui\u00e7\u00e3o para reduzir a jornada m\u00e1xima de trabalho e, na pr\u00e1tica, encerrar a escala 6&#215;1 avan\u00e7ou no Senado, mas ainda n\u00e3o h\u00e1 garantia de que ser\u00e1 votada pelo plen\u00e1rio na pr\u00f3xima semana.<\/p>\n<p>O relator da mat\u00e9ria na Comiss\u00e3o de Constitui\u00e7\u00e3o e Justi\u00e7a (CCJ), senador Omar Aziz (PSD AM), apresentou parecer favor\u00e1vel \u00e0 admissibilidade da proposta e decidiu manter o texto aprovado anteriormente pela C\u00e2mara dos Deputados. A medida busca acelerar a tramita\u00e7\u00e3o e evitar que a PEC tenha de retornar aos deputados por mudan\u00e7as feitas pelos senadores.<\/p>\n<p>A expectativa \u00e9 que o parecer seja analisado pela CCJ na pr\u00f3xima semana. O governo trabalha para que a proposta tamb\u00e9m chegue ao plen\u00e1rio entre ter\u00e7a feira (1\u00ba) e quarta feira (2), mas esse calend\u00e1rio ainda n\u00e3o foi confirmado pelo presidente do Senado, Davi Alcolumbre (Uni\u00e3o AP).<\/p>\n<p><strong>O que muda com a proposta<\/strong><br \/>\nO texto reduz de 44 para 40 horas semanais o limite constitucional da jornada de trabalho e estabelece dois dias de descanso por semana, sendo um deles preferencialmente aos domingos.<\/p>\n<p>A mudan\u00e7a n\u00e3o seria imediata. A proposta estabelece uma transi\u00e7\u00e3o de 14 meses: a jornada cairia duas horas 60 dias depois da promulga\u00e7\u00e3o e outras duas horas ap\u00f3s mais 12 meses.<\/p>\n<p>Um dos principais pontos do texto determina que a redu\u00e7\u00e3o da carga hor\u00e1ria n\u00e3o poder\u00e1 resultar em diminui\u00e7\u00e3o do sal\u00e1rio dos trabalhadores.<\/p>\n<p>A proposta tamb\u00e9m permite acordos coletivos para situa\u00e7\u00f5es espec\u00edficas de determinadas categorias.<\/p>\n<p><strong>Aprova\u00e7\u00e3o ainda n\u00e3o est\u00e1 garantida<\/strong><br \/>\nApesar do avan\u00e7o, a PEC ainda precisa superar etapas importantes no Senado.<\/p>\n<p>Primeiro, o parecer precisa ser aprovado pela CCJ. Depois, para alterar a Constitui\u00e7\u00e3o, s\u00e3o necess\u00e1rios dois turnos de vota\u00e7\u00e3o no plen\u00e1rio, com pelo menos 49 votos favor\u00e1veis entre os 81 senadores em cada turno.<\/p>\n<p>H\u00e1 ainda uma quest\u00e3o de calend\u00e1rio. Pelo rito normal, uma PEC passa por cinco sess\u00f5es de discuss\u00e3o antes da vota\u00e7\u00e3o. Para concluir a an\u00e1lise j\u00e1 na pr\u00f3xima semana, seria necess\u00e1rio um acordo para acelerar os procedimentos regimentais.<\/p>\n<p>Davi Alcolumbre n\u00e3o confirmou publicamente que colocar\u00e1 a mat\u00e9ria em vota\u00e7\u00e3o no plen\u00e1rio nesse per\u00edodo. At\u00e9 o momento, afirmou que a proposta receber\u00e1 o tratamento previsto pelo regimento na CCJ.<\/p>\n<p>Portanto, a escala 6&#215;1 ainda n\u00e3o acabou e nenhuma mudan\u00e7a est\u00e1 valendo para os trabalhadores.<\/p>\n<p><strong>Proposta ficou quase tr\u00eas meses aguardando andamento<\/strong><br \/>\nA PEC chegou ao Senado em 28 de maio e permaneceu 85 dias aguardando despacho da Presid\u00eancia da Casa antes de ser encaminhada formalmente \u00e0 CCJ em agosto.<\/p>\n<p>O avan\u00e7o ocorre \u00e0s v\u00e9speras das elei\u00e7\u00f5es de 2026 e em meio \u00e0 tentativa do governo federal de acelerar a vota\u00e7\u00e3o. O fim da escala 6&#215;1 tornou se uma das pautas defendidas pelo presidente Luiz In\u00e1cio Lula da Silva durante o per\u00edodo eleitoral.<\/p>\n<p>Na quarta feira (26), Lula se reuniu com Alcolumbre e com o presidente da C\u00e2mara, Hugo Motta (Republicanos PB), no Pal\u00e1cio da Alvorada. A redu\u00e7\u00e3o da jornada esteve entre os assuntos discutidos no encontro.<\/p>\n<p><strong>O que mais est\u00e1 previsto no texto<\/strong><br \/>\nAl\u00e9m da jornada de 40 horas e dos dois dias de descanso, a proposta cont\u00e9m regras para situa\u00e7\u00f5es espec\u00edficas.<\/p>\n<p>Contratos p\u00fablicos que dependam de m\u00e3o de obra dever\u00e3o passar por revis\u00e3o em at\u00e9 12 meses. Para microempreendedores individuais e empresas de pequeno porte, o texto prev\u00ea que uma futura lei complementar estabele\u00e7a medidas transit\u00f3rias de aux\u00edlio.<\/p>\n<p>Tamb\u00e9m h\u00e1 uma exce\u00e7\u00e3o \u00e0s regras de controle de jornada para empregados que recebam remunera\u00e7\u00e3o mensal igual ou superior a 2,5 vezes o teto do INSS, ressalvado o funcionalismo p\u00fablico, conforme o texto descrito na proposta.<\/p>\n<p>O ponto mais importante para o trabalhador, neste momento, \u00e9 que as regras atuais permanecem em vigor. Qualquer redu\u00e7\u00e3o constitucional da jornada depender\u00e1 da conclus\u00e3o da tramita\u00e7\u00e3o da PEC no Congresso.<\/p>\n","protected":false},"excerpt":{"rendered":"<p>Relator apresentou parecer favor\u00e1vel e manteve texto aprovado pela C\u00e2mara; proposta reduz jornada m\u00e1xima para 40 horas semanais e garante dois dias de descanso sem redu\u00e7\u00e3o salarial<\/p>\n","protected":false},"author":9,"featured_media":15225,"comment_status":"closed","ping_status":"closed","sticky":false,"template":"","format":"standard","meta":{"_acf_changed":false,"footnotes":""},"categories":[20],"tags":[7],"class_list":["post-15224","post","type-post","status-publish","format-standard","has-post-thumbnail","hentry","category-brasil","tag-destaque"],"acf":[],"yoast_head":"<!-- This site is optimized with the Yoast SEO plugin v27.2 - https:\/\/yoast.com\/product\/yoast-seo-wordpress\/ -->\n<title>PEC que prev\u00ea fim da escala 6x1 avan\u00e7a no Senado, mas vota\u00e7\u00e3o ainda depende de acordo<\/title>\n<meta name=\"robots\" content=\"index, follow, max-snippet:-1, max-image-preview:large, max-video-preview:-1\" \/>\n<link rel=\"canonical\" href=\"https:\/\/jornalvia.com\/piracicaba\/brasil\/pec-que-preve-fim-da-escala-6x1-avanca-no-senado-mas-votacao-ainda-depende-de-acordo\/\" \/>\n<meta property=\"og:locale\" content=\"pt_BR\" \/>\n<meta property=\"og:type\" content=\"article\" \/>\n<meta property=\"og:title\" content=\"PEC que prev\u00ea fim da escala 6x1 avan\u00e7a no Senado, mas vota\u00e7\u00e3o ainda depende de acordo\" \/>\n<meta property=\"og:description\" content=\"Relator apresentou parecer favor\u00e1vel e manteve texto aprovado pela C\u00e2mara; proposta reduz jornada m\u00e1xima para 40 horas semanais e garante dois dias de descanso sem redu\u00e7\u00e3o salarial\" \/>\n<meta property=\"og:url\" content=\"https:\/\/jornalvia.com\/piracicaba\/brasil\/pec-que-preve-fim-da-escala-6x1-avanca-no-senado-mas-votacao-ainda-depende-de-acordo\/\" \/>\n<meta property=\"og:site_name\" content=\"Piracicaba\" \/>\n<meta property=\"article:published_time\" content=\"2026-08-28T13:10:14+00:00\" \/>\n<meta property=\"og:image\" content=\"https:\/\/jornalvia.com\/piracicaba\/wp-content\/uploads\/sites\/2\/2026\/08\/2026-08-28-ID2-001661.webp\" \/>\n\t<meta property=\"og:image:width\" content=\"888\" \/>\n\t<meta property=\"og:image:height\" content=\"592\" \/>\n\t<meta property=\"og:image:type\" content=\"image\/webp\" \/>\n<meta name=\"author\" content=\"Reda\u00e7\u00e3o\" \/>\n<meta name=\"twitter:card\" content=\"summary_large_image\" \/>\n<meta name=\"twitter:label1\" content=\"Escrito por\" \/>\n\t<meta name=\"twitter:data1\" content=\"Reda\u00e7\u00e3o\" \/>\n\t<meta name=\"twitter:label2\" content=\"Est. tempo de leitura\" \/>\n\t<meta name=\"twitter:data2\" content=\"3 minutos\" \/>\n<script type=\"application\/ld+json\" class=\"yoast-schema-graph\">{\"@context\":\"https:\/\/schema.org\",\"@graph\":[{\"@type\":\"Article\",\"@id\":\"https:\/\/jornalvia.com\/piracicaba\/brasil\/pec-que-preve-fim-da-escala-6x1-avanca-no-senado-mas-votacao-ainda-depende-de-acordo\/#article\",\"isPartOf\":{\"@id\":\"https:\/\/jornalvia.com\/piracicaba\/brasil\/pec-que-preve-fim-da-escala-6x1-avanca-no-senado-mas-votacao-ainda-depende-de-acordo\/\"},\"author\":{\"name\":\"Reda\u00e7\u00e3o\",\"@id\":\"https:\/\/jornalvia.com\/piracicaba\/#\/schema\/person\/672c24084b8babca7ca8adc9bb83152a\"},\"headline\":\"PEC que prev\u00ea fim da escala 6&#215;1 avan\u00e7a no Senado, mas vota\u00e7\u00e3o ainda depende de acordo\",\"datePublished\":\"2026-08-28T13:10:14+00:00\",\"mainEntityOfPage\":{\"@id\":\"https:\/\/jornalvia.com\/piracicaba\/brasil\/pec-que-preve-fim-da-escala-6x1-avanca-no-senado-mas-votacao-ainda-depende-de-acordo\/\"},\"wordCount\":700,\"publisher\":{\"@id\":\"https:\/\/jornalvia.com\/piracicaba\/#organization\"},\"image\":{\"@id\":\"https:\/\/jornalvia.com\/piracicaba\/brasil\/pec-que-preve-fim-da-escala-6x1-avanca-no-senado-mas-votacao-ainda-depende-de-acordo\/#primaryimage\"},\"thumbnailUrl\":\"https:\/\/jornalvia.com\/piracicaba\/wp-content\/uploads\/sites\/2\/2026\/08\/2026-08-28-ID2-001661.webp\",\"keywords\":[\"Destaque\"],\"articleSection\":[\"Brasil\"],\"inLanguage\":\"pt-BR\"},{\"@type\":\"WebPage\",\"@id\":\"https:\/\/jornalvia.com\/piracicaba\/brasil\/pec-que-preve-fim-da-escala-6x1-avanca-no-senado-mas-votacao-ainda-depende-de-acordo\/\",\"url\":\"https:\/\/jornalvia.com\/piracicaba\/brasil\/pec-que-preve-fim-da-escala-6x1-avanca-no-senado-mas-votacao-ainda-depende-de-acordo\/\",\"name\":\"PEC que prev\u00ea fim da escala 6x1 avan\u00e7a no Senado, mas vota\u00e7\u00e3o ainda depende de acordo\",\"isPartOf\":{\"@id\":\"https:\/\/jornalvia.com\/piracicaba\/#website\"},\"primaryImageOfPage\":{\"@id\":\"https:\/\/jornalvia.com\/piracicaba\/brasil\/pec-que-preve-fim-da-escala-6x1-avanca-no-senado-mas-votacao-ainda-depende-de-acordo\/#primaryimage\"},\"image\":{\"@id\":\"https:\/\/jornalvia.com\/piracicaba\/brasil\/pec-que-preve-fim-da-escala-6x1-avanca-no-senado-mas-votacao-ainda-depende-de-acordo\/#primaryimage\"},\"thumbnailUrl\":\"https:\/\/jornalvia.com\/piracicaba\/wp-content\/uploads\/sites\/2\/2026\/08\/2026-08-28-ID2-001661.webp\",\"datePublished\":\"2026-08-28T13:10:14+00:00\",\"breadcrumb\":{\"@id\":\"https:\/\/jornalvia.com\/piracicaba\/brasil\/pec-que-preve-fim-da-escala-6x1-avanca-no-senado-mas-votacao-ainda-depende-de-acordo\/#breadcrumb\"},\"inLanguage\":\"pt-BR\",\"potentialAction\":[{\"@type\":\"ReadAction\",\"target\":[\"https:\/\/jornalvia.com\/piracicaba\/brasil\/pec-que-preve-fim-da-escala-6x1-avanca-no-senado-mas-votacao-ainda-depende-de-acordo\/\"]}]},{\"@type\":\"ImageObject\",\"inLanguage\":\"pt-BR\",\"@id\":\"https:\/\/jornalvia.com\/piracicaba\/brasil\/pec-que-preve-fim-da-escala-6x1-avanca-no-senado-mas-votacao-ainda-depende-de-acordo\/#primaryimage\",\"url\":\"https:\/\/jornalvia.com\/piracicaba\/wp-content\/uploads\/sites\/2\/2026\/08\/2026-08-28-ID2-001661.webp\",\"contentUrl\":\"https:\/\/jornalvia.com\/piracicaba\/wp-content\/uploads\/sites\/2\/2026\/08\/2026-08-28-ID2-001661.webp\",\"width\":888,\"height\":592,\"caption\":\"Foto: Jonas Pereira\/Ag\u00eancia Senado\"},{\"@type\":\"BreadcrumbList\",\"@id\":\"https:\/\/jornalvia.com\/piracicaba\/brasil\/pec-que-preve-fim-da-escala-6x1-avanca-no-senado-mas-votacao-ainda-depende-de-acordo\/#breadcrumb\",\"itemListElement\":[{\"@type\":\"ListItem\",\"position\":1,\"name\":\"In\u00edcio\",\"item\":\"https:\/\/jornalvia.com\/piracicaba\/\"},{\"@type\":\"ListItem\",\"position\":2,\"name\":\"PEC que prev\u00ea fim da escala 6&#215;1 avan\u00e7a no Senado, mas vota\u00e7\u00e3o ainda depende de acordo\"}]},{\"@type\":\"WebSite\",\"@id\":\"https:\/\/jornalvia.com\/piracicaba\/#website\",\"url\":\"https:\/\/jornalvia.com\/piracicaba\/\",\"name\":\"Jornal VIA\",\"description\":\"Seu novo jornal de not\u00edcias em Piracicaba com informa\u00e7\u00f5es locais, do Brasil e do mundo\",\"publisher\":{\"@id\":\"https:\/\/jornalvia.com\/piracicaba\/#organization\"},\"alternateName\":\"Jornal VIA \u2022 Piracicaba\",\"potentialAction\":[{\"@type\":\"SearchAction\",\"target\":{\"@type\":\"EntryPoint\",\"urlTemplate\":\"https:\/\/jornalvia.com\/piracicaba\/?s={search_term_string}\"},\"query-input\":{\"@type\":\"PropertyValueSpecification\",\"valueRequired\":true,\"valueName\":\"search_term_string\"}}],\"inLanguage\":\"pt-BR\"},{\"@type\":\"Organization\",\"@id\":\"https:\/\/jornalvia.com\/piracicaba\/#organization\",\"name\":\"Jornal VIA\",\"url\":\"https:\/\/jornalvia.com\/piracicaba\/\",\"logo\":{\"@type\":\"ImageObject\",\"inLanguage\":\"pt-BR\",\"@id\":\"https:\/\/jornalvia.com\/piracicaba\/#\/schema\/logo\/image\/\",\"url\":\"https:\/\/jornalvia.com\/piracicaba\/wp-content\/uploads\/sites\/2\/2025\/09\/cropped-logo_site_5-1.png\",\"contentUrl\":\"https:\/\/jornalvia.com\/piracicaba\/wp-content\/uploads\/sites\/2\/2025\/09\/cropped-logo_site_5-1.png\",\"width\":512,\"height\":512,\"caption\":\"Jornal VIA\"},\"image\":{\"@id\":\"https:\/\/jornalvia.com\/piracicaba\/#\/schema\/logo\/image\/\"}},{\"@type\":\"Person\",\"@id\":\"https:\/\/jornalvia.com\/piracicaba\/#\/schema\/person\/672c24084b8babca7ca8adc9bb83152a\",\"name\":\"Reda\u00e7\u00e3o\",\"url\":\"https:\/\/jornalvia.com\/piracicaba\/author\/jaquelineprates\/\"}]}<\/script>\n<!-- \/ Yoast SEO plugin. -->","yoast_head_json":{"title":"PEC que prev\u00ea fim da escala 6x1 avan\u00e7a no Senado, mas vota\u00e7\u00e3o ainda depende de acordo","robots":{"index":"index","follow":"follow","max-snippet":"max-snippet:-1","max-image-preview":"max-image-preview:large","max-video-preview":"max-video-preview:-1"},"canonical":"https:\/\/jornalvia.com\/piracicaba\/brasil\/pec-que-preve-fim-da-escala-6x1-avanca-no-senado-mas-votacao-ainda-depende-de-acordo\/","og_locale":"pt_BR","og_type":"article","og_title":"PEC que prev\u00ea fim da escala 6x1 avan\u00e7a no Senado, mas vota\u00e7\u00e3o ainda depende de acordo","og_description":"Relator apresentou parecer favor\u00e1vel e manteve texto aprovado pela C\u00e2mara; proposta reduz jornada m\u00e1xima para 40 horas semanais e garante dois dias de descanso sem redu\u00e7\u00e3o salarial","og_url":"https:\/\/jornalvia.com\/piracicaba\/brasil\/pec-que-preve-fim-da-escala-6x1-avanca-no-senado-mas-votacao-ainda-depende-de-acordo\/","og_site_name":"Piracicaba","article_published_time":"2026-08-28T13:10:14+00:00","og_image":[{"width":888,"height":592,"url":"https:\/\/jornalvia.com\/piracicaba\/wp-content\/uploads\/sites\/2\/2026\/08\/2026-08-28-ID2-001661.webp","type":"image\/webp"}],"author":"Reda\u00e7\u00e3o","twitter_card":"summary_large_image","twitter_misc":{"Escrito por":"Reda\u00e7\u00e3o","Est. tempo de leitura":"3 minutos"},"schema":{"@context":"https:\/\/schema.org","@graph":[{"@type":"Article","@id":"https:\/\/jornalvia.com\/piracicaba\/brasil\/pec-que-preve-fim-da-escala-6x1-avanca-no-senado-mas-votacao-ainda-depende-de-acordo\/#article","isPartOf":{"@id":"https:\/\/jornalvia.com\/piracicaba\/brasil\/pec-que-preve-fim-da-escala-6x1-avanca-no-senado-mas-votacao-ainda-depende-de-acordo\/"},"author":{"name":"Reda\u00e7\u00e3o","@id":"https:\/\/jornalvia.com\/piracicaba\/#\/schema\/person\/672c24084b8babca7ca8adc9bb83152a"},"headline":"PEC que prev\u00ea fim da escala 6&#215;1 avan\u00e7a no Senado, mas vota\u00e7\u00e3o ainda depende de acordo","datePublished":"2026-08-28T13:10:14+00:00","mainEntityOfPage":{"@id":"https:\/\/jornalvia.com\/piracicaba\/brasil\/pec-que-preve-fim-da-escala-6x1-avanca-no-senado-mas-votacao-ainda-depende-de-acordo\/"},"wordCount":700,"publisher":{"@id":"https:\/\/jornalvia.com\/piracicaba\/#organization"},"image":{"@id":"https:\/\/jornalvia.com\/piracicaba\/brasil\/pec-que-preve-fim-da-escala-6x1-avanca-no-senado-mas-votacao-ainda-depende-de-acordo\/#primaryimage"},"thumbnailUrl":"https:\/\/jornalvia.com\/piracicaba\/wp-content\/uploads\/sites\/2\/2026\/08\/2026-08-28-ID2-001661.webp","keywords":["Destaque"],"articleSection":["Brasil"],"inLanguage":"pt-BR"},{"@type":"WebPage","@id":"https:\/\/jornalvia.com\/piracicaba\/brasil\/pec-que-preve-fim-da-escala-6x1-avanca-no-senado-mas-votacao-ainda-depende-de-acordo\/","url":"https:\/\/jornalvia.com\/piracicaba\/brasil\/pec-que-preve-fim-da-escala-6x1-avanca-no-senado-mas-votacao-ainda-depende-de-acordo\/","name":"PEC que prev\u00ea fim da escala 6x1 avan\u00e7a no Senado, mas vota\u00e7\u00e3o ainda depende de acordo","isPartOf":{"@id":"https:\/\/jornalvia.com\/piracicaba\/#website"},"primaryImageOfPage":{"@id":"https:\/\/jornalvia.com\/piracicaba\/brasil\/pec-que-preve-fim-da-escala-6x1-avanca-no-senado-mas-votacao-ainda-depende-de-acordo\/#primaryimage"},"image":{"@id":"https:\/\/jornalvia.com\/piracicaba\/brasil\/pec-que-preve-fim-da-escala-6x1-avanca-no-senado-mas-votacao-ainda-depende-de-acordo\/#primaryimage"},"thumbnailUrl":"https:\/\/jornalvia.com\/piracicaba\/wp-content\/uploads\/sites\/2\/2026\/08\/2026-08-28-ID2-001661.webp","datePublished":"2026-08-28T13:10:14+00:00","breadcrumb":{"@id":"https:\/\/jornalvia.com\/piracicaba\/brasil\/pec-que-preve-fim-da-escala-6x1-avanca-no-senado-mas-votacao-ainda-depende-de-acordo\/#breadcrumb"},"inLanguage":"pt-BR","potentialAction":[{"@type":"ReadAction","target":["https:\/\/jornalvia.com\/piracicaba\/brasil\/pec-que-preve-fim-da-escala-6x1-avanca-no-senado-mas-votacao-ainda-depende-de-acordo\/"]}]},{"@type":"ImageObject","inLanguage":"pt-BR","@id":"https:\/\/jornalvia.com\/piracicaba\/brasil\/pec-que-preve-fim-da-escala-6x1-avanca-no-senado-mas-votacao-ainda-depende-de-acordo\/#primaryimage","url":"https:\/\/jornalvia.com\/piracicaba\/wp-content\/uploads\/sites\/2\/2026\/08\/2026-08-28-ID2-001661.webp","contentUrl":"https:\/\/jornalvia.com\/piracicaba\/wp-content\/uploads\/sites\/2\/2026\/08\/2026-08-28-ID2-001661.webp","width":888,"height":592,"caption":"Foto: Jonas Pereira\/Ag\u00eancia Senado"},{"@type":"BreadcrumbList","@id":"https:\/\/jornalvia.com\/piracicaba\/brasil\/pec-que-preve-fim-da-escala-6x1-avanca-no-senado-mas-votacao-ainda-depende-de-acordo\/#breadcrumb","itemListElement":[{"@type":"ListItem","position":1,"name":"In\u00edcio","item":"https:\/\/jornalvia.com\/piracicaba\/"},{"@type":"ListItem","position":2,"name":"PEC que prev\u00ea fim da escala 6&#215;1 avan\u00e7a no Senado, mas vota\u00e7\u00e3o ainda depende de acordo"}]},{"@type":"WebSite","@id":"https:\/\/jornalvia.com\/piracicaba\/#website","url":"https:\/\/jornalvia.com\/piracicaba\/","name":"Jornal VIA","description":"Seu novo jornal de not\u00edcias em Piracicaba com informa\u00e7\u00f5es locais, do Brasil e do mundo","publisher":{"@id":"https:\/\/jornalvia.com\/piracicaba\/#organization"},"alternateName":"Jornal VIA \u2022 Piracicaba","potentialAction":[{"@type":"SearchAction","target":{"@type":"EntryPoint","urlTemplate":"https:\/\/jornalvia.com\/piracicaba\/?s={search_term_string}"},"query-input":{"@type":"PropertyValueSpecification","valueRequired":true,"valueName":"search_term_string"}}],"inLanguage":"pt-BR"},{"@type":"Organization","@id":"https:\/\/jornalvia.com\/piracicaba\/#organization","name":"Jornal VIA","url":"https:\/\/jornalvia.com\/piracicaba\/","logo":{"@type":"ImageObject","inLanguage":"pt-BR","@id":"https:\/\/jornalvia.com\/piracicaba\/#\/schema\/logo\/image\/","url":"https:\/\/jornalvia.com\/piracicaba\/wp-content\/uploads\/sites\/2\/2025\/09\/cropped-logo_site_5-1.png","contentUrl":"https:\/\/jornalvia.com\/piracicaba\/wp-content\/uploads\/sites\/2\/2025\/09\/cropped-logo_site_5-1.png","width":512,"height":512,"caption":"Jornal VIA"},"image":{"@id":"https:\/\/jornalvia.com\/piracicaba\/#\/schema\/logo\/image\/"}},{"@type":"Person","@id":"https:\/\/jornalvia.com\/piracicaba\/#\/schema\/person\/672c24084b8babca7ca8adc9bb83152a","name":"Reda\u00e7\u00e3o","url":"https:\/\/jornalvia.com\/piracicaba\/author\/jaquelineprates\/"}]}},"_links":{"self":[{"href":"https:\/\/jornalvia.com\/piracicaba\/wp-json\/wp\/v2\/posts\/15224","targetHints":{"allow":["GET"]}}],"collection":[{"href":"https:\/\/jornalvia.com\/piracicaba\/wp-json\/wp\/v2\/posts"}],"about":[{"href":"https:\/\/jornalvia.com\/piracicaba\/wp-json\/wp\/v2\/types\/post"}],"author":[{"embeddable":true,"href":"https:\/\/jornalvia.com\/piracicaba\/wp-json\/wp\/v2\/users\/9"}],"replies":[{"embeddable":true,"href":"https:\/\/jornalvia.com\/piracicaba\/wp-json\/wp\/v2\/comments?post=15224"}],"version-history":[{"count":1,"href":"https:\/\/jornalvia.com\/piracicaba\/wp-json\/wp\/v2\/posts\/15224\/revisions"}],"predecessor-version":[{"id":15226,"href":"https:\/\/jornalvia.com\/piracicaba\/wp-json\/wp\/v2\/posts\/15224\/revisions\/15226"}],"wp:featuredmedia":[{"embeddable":true,"href":"https:\/\/jornalvia.com\/piracicaba\/wp-json\/wp\/v2\/media\/15225"}],"wp:attachment":[{"href":"https:\/\/jornalvia.com\/piracicaba\/wp-json\/wp\/v2\/media?parent=15224"}],"wp:term":[{"taxonomy":"category","embeddable":true,"href":"https:\/\/jornalvia.com\/piracicaba\/wp-json\/wp\/v2\/categories?post=15224"},{"taxonomy":"post_tag","embeddable":true,"href":"https:\/\/jornalvia.com\/piracicaba\/wp-json\/wp\/v2\/tags?post=15224"}],"curies":[{"name":"wp","href":"https:\/\/api.w.org\/{rel}","templated":true}]}}