{"id":15215,"date":"2026-08-27T16:53:07","date_gmt":"2026-08-27T19:53:07","guid":{"rendered":"https:\/\/jornalvia.com\/piracicaba\/?p=15215"},"modified":"2026-08-27T16:53:07","modified_gmt":"2026-08-27T19:53:07","slug":"dia-mundial-da-limpeza-tera-mutiroes-e-campanha-de-descarte-de-eletroeletronicos-em-piracicaba","status":"publish","type":"post","link":"https:\/\/jornalvia.com\/piracicaba\/meio-ambiente\/dia-mundial-da-limpeza-tera-mutiroes-e-campanha-de-descarte-de-eletroeletronicos-em-piracicaba\/","title":{"rendered":"Dia Mundial da Limpeza ter\u00e1 mutir\u00f5es e campanha de descarte de eletroeletr\u00f4nicos em Piracicaba"},"content":{"rendered":"<p>Piracicaba promove no pr\u00f3ximo dia 19 de setembro, a partir das 8h30, uma programa\u00e7\u00e3o especial em comemora\u00e7\u00e3o ao Dia Mundial da Limpeza. A iniciativa contar\u00e1 com mutir\u00f5es de limpeza em diversos bairros e uma campanha de log\u00edstica reversa para o descarte correto de equipamentos eletroeletr\u00f4nicos e eletrodom\u00e9sticos.<\/p>\n<p>Organizada pela Prefeitura, por meio da Secretaria Municipal de Obras, Infraestrutura e Servi\u00e7os P\u00fablicos, a a\u00e7\u00e3o marca a abertura da Semana Lixo Zero, que segue at\u00e9 o dia 27 de setembro com atividades voltadas \u00e0 conscientiza\u00e7\u00e3o ambiental.<\/p>\n<p><strong>Mutir\u00f5es em diferentes regi\u00f5es<\/strong><br \/>\nOs mutir\u00f5es de limpeza ser\u00e3o realizados nos seguintes locais:<\/p>\n<ul>\n<li>Vila de Pescadores do Tanqu\u00e3: das 8h \u00e0s 12h;<\/li>\n<li>Orla do Rio Piracicaba: das 9h \u00e0s 12h;<\/li>\n<li>Santa Rosa: das 8h \u00e0s 12h;<\/li>\n<li>Santa Rosa Palmeiras: das 8h \u00e0s 11h;<\/li>\n<li>Nova Piracicaba;<\/li>\n<li>Algodoal: das 8h \u00e0s 14h.<\/li>\n<\/ul>\n<p>A participa\u00e7\u00e3o \u00e9 aberta a toda a popula\u00e7\u00e3o.<\/p>\n<p>Na edi\u00e7\u00e3o de 2025, os volunt\u00e1rios recolheram 2.064 quilos de res\u00edduos, entre catacareco, materiais recicl\u00e1veis, rejeitos e galhos provenientes de podas.<\/p>\n<p>Segundo a organiza\u00e7\u00e3o, al\u00e9m da limpeza dos espa\u00e7os p\u00fablicos, a iniciativa busca conscientizar a popula\u00e7\u00e3o sobre a import\u00e2ncia do descarte adequado dos res\u00edduos e da preserva\u00e7\u00e3o dos ambientes urbanos.<\/p>\n<p><strong>Campanha de descarte de eletroeletr\u00f4nicos<\/strong><br \/>\nTamb\u00e9m no dia 19 de setembro, das 9h \u00e0s 15h, ser\u00e1 realizada a Campanha de Recebimento de Res\u00edduos de Equipamentos Eletroeletr\u00f4nicos e Eletrodom\u00e9sticos (REEEs), destinada a pessoas f\u00edsicas.<\/p>\n<p>Os materiais arrecadados ser\u00e3o encaminhados para reciclagem por meio de parceria com a Associa\u00e7\u00e3o Brasileira de Reciclagem de Eletroeletr\u00f4nicos e Eletrodom\u00e9sticos (ABREE).<\/p>\n<p>A coleta ser\u00e1 feita em sistema drive thru, nos seguintes pontos:<\/p>\n<ul>\n<li>Paulista \u2013 Avenida Dr. Paulo de Moraes, 1.580 (estacionamento lateral);<\/li>\n<li>Esalq \u2013 Gin\u00e1sio de Esportes, Avenida S\u00e3o Jo\u00e3o, 900;<\/li>\n<li>Alvorada \u2013 Varej\u00e3o do Bairro Alvorada, Avenida Rio das Pedras, 2.411;<\/li>\n<li>Santa Teresinha \u2013 Pra\u00e7a do Quilombo;<\/li>\n<li>Vila Rezende \u2013 Pra\u00e7a do Parafuso;<\/li>\n<li>Santa Rosa \u2013 Varej\u00e3o e Centro Comunit\u00e1rio;<\/li>\n<li>Centro \u2013 Senac, Rua Santa Cruz, 1.148.<\/li>\n<\/ul>\n<p>A lista completa dos equipamentos que podem ser descartados est\u00e1 dispon\u00edvel no site da ABREE.<\/p>\n<p><strong>Semana Lixo Zero<\/strong><br \/>\nInstitu\u00edda pela Lei Municipal n\u00ba 10.086\/2024, a Semana Lixo Zero re\u00fane a\u00e7\u00f5es de educa\u00e7\u00e3o ambiental, limpeza urbana e incentivo ao descarte correto de res\u00edduos.<\/p>\n<p>A programa\u00e7\u00e3o completa pode ser consultada no site oficial do movimento Lixo Zero Piracicaba.<\/p>\n","protected":false},"excerpt":{"rendered":"<p>A\u00e7\u00e3o acontece em 19 de setembro, com mobiliza\u00e7\u00e3o de volunt\u00e1rios em diferentes regi\u00f5es da cidade e pontos de coleta para equipamentos eletr\u00f4nicos e eletrodom\u00e9sticos<\/p>\n","protected":false},"author":7,"featured_media":15216,"comment_status":"closed","ping_status":"closed","sticky":false,"template":"","format":"standard","meta":{"_acf_changed":false,"footnotes":""},"categories":[29],"tags":[],"class_list":["post-15215","post","type-post","status-publish","format-standard","has-post-thumbnail","hentry","category-meio-ambiente"],"acf":[],"yoast_head":"<!-- This site is optimized with the Yoast SEO plugin v27.2 - https:\/\/yoast.com\/product\/yoast-seo-wordpress\/ -->\n<title>Dia Mundial da Limpeza ter\u00e1 mutir\u00f5es e campanha de descarte de eletroeletr\u00f4nicos em Piracicaba<\/title>\n<meta name=\"robots\" content=\"index, follow, max-snippet:-1, max-image-preview:large, max-video-preview:-1\" \/>\n<link rel=\"canonical\" href=\"https:\/\/jornalvia.com\/piracicaba\/meio-ambiente\/dia-mundial-da-limpeza-tera-mutiroes-e-campanha-de-descarte-de-eletroeletronicos-em-piracicaba\/\" \/>\n<meta property=\"og:locale\" content=\"pt_BR\" \/>\n<meta property=\"og:type\" content=\"article\" \/>\n<meta property=\"og:title\" content=\"Dia Mundial da Limpeza ter\u00e1 mutir\u00f5es e campanha de descarte de eletroeletr\u00f4nicos em Piracicaba\" \/>\n<meta property=\"og:description\" content=\"A\u00e7\u00e3o acontece em 19 de setembro, com mobiliza\u00e7\u00e3o de volunt\u00e1rios em diferentes regi\u00f5es da cidade e pontos de coleta para equipamentos eletr\u00f4nicos e eletrodom\u00e9sticos\" \/>\n<meta property=\"og:url\" content=\"https:\/\/jornalvia.com\/piracicaba\/meio-ambiente\/dia-mundial-da-limpeza-tera-mutiroes-e-campanha-de-descarte-de-eletroeletronicos-em-piracicaba\/\" \/>\n<meta property=\"og:site_name\" content=\"Piracicaba\" \/>\n<meta property=\"article:published_time\" content=\"2026-08-27T19:53:07+00:00\" \/>\n<meta property=\"og:image\" content=\"https:\/\/jornalvia.com\/piracicaba\/wp-content\/uploads\/sites\/2\/2026\/08\/2026-08-27-ID2-001659.webp\" \/>\n\t<meta property=\"og:image:width\" content=\"768\" \/>\n\t<meta property=\"og:image:height\" content=\"1024\" \/>\n\t<meta property=\"og:image:type\" content=\"image\/webp\" \/>\n<meta name=\"author\" content=\"Reda\u00e7\u00e3o\" \/>\n<meta name=\"twitter:card\" content=\"summary_large_image\" \/>\n<meta name=\"twitter:label1\" content=\"Escrito por\" \/>\n\t<meta name=\"twitter:data1\" content=\"Reda\u00e7\u00e3o\" \/>\n\t<meta name=\"twitter:label2\" content=\"Est. tempo de leitura\" \/>\n\t<meta name=\"twitter:data2\" content=\"2 minutos\" \/>\n<script type=\"application\/ld+json\" class=\"yoast-schema-graph\">{\"@context\":\"https:\/\/schema.org\",\"@graph\":[{\"@type\":\"Article\",\"@id\":\"https:\/\/jornalvia.com\/piracicaba\/meio-ambiente\/dia-mundial-da-limpeza-tera-mutiroes-e-campanha-de-descarte-de-eletroeletronicos-em-piracicaba\/#article\",\"isPartOf\":{\"@id\":\"https:\/\/jornalvia.com\/piracicaba\/meio-ambiente\/dia-mundial-da-limpeza-tera-mutiroes-e-campanha-de-descarte-de-eletroeletronicos-em-piracicaba\/\"},\"author\":{\"name\":\"Reda\u00e7\u00e3o\",\"@id\":\"https:\/\/jornalvia.com\/piracicaba\/#\/schema\/person\/eca63e9b2dc8aa7c5c7706ab2cbf0638\"},\"headline\":\"Dia Mundial da Limpeza ter\u00e1 mutir\u00f5es e campanha de descarte de eletroeletr\u00f4nicos em Piracicaba\",\"datePublished\":\"2026-08-27T19:53:07+00:00\",\"mainEntityOfPage\":{\"@id\":\"https:\/\/jornalvia.com\/piracicaba\/meio-ambiente\/dia-mundial-da-limpeza-tera-mutiroes-e-campanha-de-descarte-de-eletroeletronicos-em-piracicaba\/\"},\"wordCount\":421,\"publisher\":{\"@id\":\"https:\/\/jornalvia.com\/piracicaba\/#organization\"},\"image\":{\"@id\":\"https:\/\/jornalvia.com\/piracicaba\/meio-ambiente\/dia-mundial-da-limpeza-tera-mutiroes-e-campanha-de-descarte-de-eletroeletronicos-em-piracicaba\/#primaryimage\"},\"thumbnailUrl\":\"https:\/\/jornalvia.com\/piracicaba\/wp-content\/uploads\/sites\/2\/2026\/08\/2026-08-27-ID2-001659.webp\",\"articleSection\":[\"Meio Ambiente\"],\"inLanguage\":\"pt-BR\"},{\"@type\":\"WebPage\",\"@id\":\"https:\/\/jornalvia.com\/piracicaba\/meio-ambiente\/dia-mundial-da-limpeza-tera-mutiroes-e-campanha-de-descarte-de-eletroeletronicos-em-piracicaba\/\",\"url\":\"https:\/\/jornalvia.com\/piracicaba\/meio-ambiente\/dia-mundial-da-limpeza-tera-mutiroes-e-campanha-de-descarte-de-eletroeletronicos-em-piracicaba\/\",\"name\":\"Dia Mundial da Limpeza ter\u00e1 mutir\u00f5es e campanha de descarte de eletroeletr\u00f4nicos em Piracicaba\",\"isPartOf\":{\"@id\":\"https:\/\/jornalvia.com\/piracicaba\/#website\"},\"primaryImageOfPage\":{\"@id\":\"https:\/\/jornalvia.com\/piracicaba\/meio-ambiente\/dia-mundial-da-limpeza-tera-mutiroes-e-campanha-de-descarte-de-eletroeletronicos-em-piracicaba\/#primaryimage\"},\"image\":{\"@id\":\"https:\/\/jornalvia.com\/piracicaba\/meio-ambiente\/dia-mundial-da-limpeza-tera-mutiroes-e-campanha-de-descarte-de-eletroeletronicos-em-piracicaba\/#primaryimage\"},\"thumbnailUrl\":\"https:\/\/jornalvia.com\/piracicaba\/wp-content\/uploads\/sites\/2\/2026\/08\/2026-08-27-ID2-001659.webp\",\"datePublished\":\"2026-08-27T19:53:07+00:00\",\"breadcrumb\":{\"@id\":\"https:\/\/jornalvia.com\/piracicaba\/meio-ambiente\/dia-mundial-da-limpeza-tera-mutiroes-e-campanha-de-descarte-de-eletroeletronicos-em-piracicaba\/#breadcrumb\"},\"inLanguage\":\"pt-BR\",\"potentialAction\":[{\"@type\":\"ReadAction\",\"target\":[\"https:\/\/jornalvia.com\/piracicaba\/meio-ambiente\/dia-mundial-da-limpeza-tera-mutiroes-e-campanha-de-descarte-de-eletroeletronicos-em-piracicaba\/\"]}]},{\"@type\":\"ImageObject\",\"inLanguage\":\"pt-BR\",\"@id\":\"https:\/\/jornalvia.com\/piracicaba\/meio-ambiente\/dia-mundial-da-limpeza-tera-mutiroes-e-campanha-de-descarte-de-eletroeletronicos-em-piracicaba\/#primaryimage\",\"url\":\"https:\/\/jornalvia.com\/piracicaba\/wp-content\/uploads\/sites\/2\/2026\/08\/2026-08-27-ID2-001659.webp\",\"contentUrl\":\"https:\/\/jornalvia.com\/piracicaba\/wp-content\/uploads\/sites\/2\/2026\/08\/2026-08-27-ID2-001659.webp\",\"width\":768,\"height\":1024,\"caption\":\"Foto: Divulga\u00e7\u00e3o\"},{\"@type\":\"BreadcrumbList\",\"@id\":\"https:\/\/jornalvia.com\/piracicaba\/meio-ambiente\/dia-mundial-da-limpeza-tera-mutiroes-e-campanha-de-descarte-de-eletroeletronicos-em-piracicaba\/#breadcrumb\",\"itemListElement\":[{\"@type\":\"ListItem\",\"position\":1,\"name\":\"In\u00edcio\",\"item\":\"https:\/\/jornalvia.com\/piracicaba\/\"},{\"@type\":\"ListItem\",\"position\":2,\"name\":\"Dia Mundial da Limpeza ter\u00e1 mutir\u00f5es e campanha de descarte de eletroeletr\u00f4nicos em Piracicaba\"}]},{\"@type\":\"WebSite\",\"@id\":\"https:\/\/jornalvia.com\/piracicaba\/#website\",\"url\":\"https:\/\/jornalvia.com\/piracicaba\/\",\"name\":\"Jornal VIA\",\"description\":\"Seu novo jornal de not\u00edcias em Piracicaba com informa\u00e7\u00f5es locais, do Brasil e do mundo\",\"publisher\":{\"@id\":\"https:\/\/jornalvia.com\/piracicaba\/#organization\"},\"alternateName\":\"Jornal VIA \u2022 Piracicaba\",\"potentialAction\":[{\"@type\":\"SearchAction\",\"target\":{\"@type\":\"EntryPoint\",\"urlTemplate\":\"https:\/\/jornalvia.com\/piracicaba\/?s={search_term_string}\"},\"query-input\":{\"@type\":\"PropertyValueSpecification\",\"valueRequired\":true,\"valueName\":\"search_term_string\"}}],\"inLanguage\":\"pt-BR\"},{\"@type\":\"Organization\",\"@id\":\"https:\/\/jornalvia.com\/piracicaba\/#organization\",\"name\":\"Jornal VIA\",\"url\":\"https:\/\/jornalvia.com\/piracicaba\/\",\"logo\":{\"@type\":\"ImageObject\",\"inLanguage\":\"pt-BR\",\"@id\":\"https:\/\/jornalvia.com\/piracicaba\/#\/schema\/logo\/image\/\",\"url\":\"https:\/\/jornalvia.com\/piracicaba\/wp-content\/uploads\/sites\/2\/2025\/09\/cropped-logo_site_5-1.png\",\"contentUrl\":\"https:\/\/jornalvia.com\/piracicaba\/wp-content\/uploads\/sites\/2\/2025\/09\/cropped-logo_site_5-1.png\",\"width\":512,\"height\":512,\"caption\":\"Jornal VIA\"},\"image\":{\"@id\":\"https:\/\/jornalvia.com\/piracicaba\/#\/schema\/logo\/image\/\"}},{\"@type\":\"Person\",\"@id\":\"https:\/\/jornalvia.com\/piracicaba\/#\/schema\/person\/eca63e9b2dc8aa7c5c7706ab2cbf0638\",\"name\":\"Reda\u00e7\u00e3o\",\"url\":\"https:\/\/jornalvia.com\/piracicaba\/author\/paulovendemiatti\/\"}]}<\/script>\n<!-- \/ Yoast SEO plugin. -->","yoast_head_json":{"title":"Dia Mundial da Limpeza ter\u00e1 mutir\u00f5es e campanha de descarte de eletroeletr\u00f4nicos em Piracicaba","robots":{"index":"index","follow":"follow","max-snippet":"max-snippet:-1","max-image-preview":"max-image-preview:large","max-video-preview":"max-video-preview:-1"},"canonical":"https:\/\/jornalvia.com\/piracicaba\/meio-ambiente\/dia-mundial-da-limpeza-tera-mutiroes-e-campanha-de-descarte-de-eletroeletronicos-em-piracicaba\/","og_locale":"pt_BR","og_type":"article","og_title":"Dia Mundial da Limpeza ter\u00e1 mutir\u00f5es e campanha de descarte de eletroeletr\u00f4nicos em Piracicaba","og_description":"A\u00e7\u00e3o acontece em 19 de setembro, com mobiliza\u00e7\u00e3o de volunt\u00e1rios em diferentes regi\u00f5es da cidade e pontos de coleta para equipamentos eletr\u00f4nicos e eletrodom\u00e9sticos","og_url":"https:\/\/jornalvia.com\/piracicaba\/meio-ambiente\/dia-mundial-da-limpeza-tera-mutiroes-e-campanha-de-descarte-de-eletroeletronicos-em-piracicaba\/","og_site_name":"Piracicaba","article_published_time":"2026-08-27T19:53:07+00:00","og_image":[{"width":768,"height":1024,"url":"https:\/\/jornalvia.com\/piracicaba\/wp-content\/uploads\/sites\/2\/2026\/08\/2026-08-27-ID2-001659.webp","type":"image\/webp"}],"author":"Reda\u00e7\u00e3o","twitter_card":"summary_large_image","twitter_misc":{"Escrito por":"Reda\u00e7\u00e3o","Est. tempo de leitura":"2 minutos"},"schema":{"@context":"https:\/\/schema.org","@graph":[{"@type":"Article","@id":"https:\/\/jornalvia.com\/piracicaba\/meio-ambiente\/dia-mundial-da-limpeza-tera-mutiroes-e-campanha-de-descarte-de-eletroeletronicos-em-piracicaba\/#article","isPartOf":{"@id":"https:\/\/jornalvia.com\/piracicaba\/meio-ambiente\/dia-mundial-da-limpeza-tera-mutiroes-e-campanha-de-descarte-de-eletroeletronicos-em-piracicaba\/"},"author":{"name":"Reda\u00e7\u00e3o","@id":"https:\/\/jornalvia.com\/piracicaba\/#\/schema\/person\/eca63e9b2dc8aa7c5c7706ab2cbf0638"},"headline":"Dia Mundial da Limpeza ter\u00e1 mutir\u00f5es e campanha de descarte de eletroeletr\u00f4nicos em Piracicaba","datePublished":"2026-08-27T19:53:07+00:00","mainEntityOfPage":{"@id":"https:\/\/jornalvia.com\/piracicaba\/meio-ambiente\/dia-mundial-da-limpeza-tera-mutiroes-e-campanha-de-descarte-de-eletroeletronicos-em-piracicaba\/"},"wordCount":421,"publisher":{"@id":"https:\/\/jornalvia.com\/piracicaba\/#organization"},"image":{"@id":"https:\/\/jornalvia.com\/piracicaba\/meio-ambiente\/dia-mundial-da-limpeza-tera-mutiroes-e-campanha-de-descarte-de-eletroeletronicos-em-piracicaba\/#primaryimage"},"thumbnailUrl":"https:\/\/jornalvia.com\/piracicaba\/wp-content\/uploads\/sites\/2\/2026\/08\/2026-08-27-ID2-001659.webp","articleSection":["Meio Ambiente"],"inLanguage":"pt-BR"},{"@type":"WebPage","@id":"https:\/\/jornalvia.com\/piracicaba\/meio-ambiente\/dia-mundial-da-limpeza-tera-mutiroes-e-campanha-de-descarte-de-eletroeletronicos-em-piracicaba\/","url":"https:\/\/jornalvia.com\/piracicaba\/meio-ambiente\/dia-mundial-da-limpeza-tera-mutiroes-e-campanha-de-descarte-de-eletroeletronicos-em-piracicaba\/","name":"Dia Mundial da Limpeza ter\u00e1 mutir\u00f5es e campanha de descarte de eletroeletr\u00f4nicos em Piracicaba","isPartOf":{"@id":"https:\/\/jornalvia.com\/piracicaba\/#website"},"primaryImageOfPage":{"@id":"https:\/\/jornalvia.com\/piracicaba\/meio-ambiente\/dia-mundial-da-limpeza-tera-mutiroes-e-campanha-de-descarte-de-eletroeletronicos-em-piracicaba\/#primaryimage"},"image":{"@id":"https:\/\/jornalvia.com\/piracicaba\/meio-ambiente\/dia-mundial-da-limpeza-tera-mutiroes-e-campanha-de-descarte-de-eletroeletronicos-em-piracicaba\/#primaryimage"},"thumbnailUrl":"https:\/\/jornalvia.com\/piracicaba\/wp-content\/uploads\/sites\/2\/2026\/08\/2026-08-27-ID2-001659.webp","datePublished":"2026-08-27T19:53:07+00:00","breadcrumb":{"@id":"https:\/\/jornalvia.com\/piracicaba\/meio-ambiente\/dia-mundial-da-limpeza-tera-mutiroes-e-campanha-de-descarte-de-eletroeletronicos-em-piracicaba\/#breadcrumb"},"inLanguage":"pt-BR","potentialAction":[{"@type":"ReadAction","target":["https:\/\/jornalvia.com\/piracicaba\/meio-ambiente\/dia-mundial-da-limpeza-tera-mutiroes-e-campanha-de-descarte-de-eletroeletronicos-em-piracicaba\/"]}]},{"@type":"ImageObject","inLanguage":"pt-BR","@id":"https:\/\/jornalvia.com\/piracicaba\/meio-ambiente\/dia-mundial-da-limpeza-tera-mutiroes-e-campanha-de-descarte-de-eletroeletronicos-em-piracicaba\/#primaryimage","url":"https:\/\/jornalvia.com\/piracicaba\/wp-content\/uploads\/sites\/2\/2026\/08\/2026-08-27-ID2-001659.webp","contentUrl":"https:\/\/jornalvia.com\/piracicaba\/wp-content\/uploads\/sites\/2\/2026\/08\/2026-08-27-ID2-001659.webp","width":768,"height":1024,"caption":"Foto: Divulga\u00e7\u00e3o"},{"@type":"BreadcrumbList","@id":"https:\/\/jornalvia.com\/piracicaba\/meio-ambiente\/dia-mundial-da-limpeza-tera-mutiroes-e-campanha-de-descarte-de-eletroeletronicos-em-piracicaba\/#breadcrumb","itemListElement":[{"@type":"ListItem","position":1,"name":"In\u00edcio","item":"https:\/\/jornalvia.com\/piracicaba\/"},{"@type":"ListItem","position":2,"name":"Dia Mundial da Limpeza ter\u00e1 mutir\u00f5es e campanha de descarte de eletroeletr\u00f4nicos em Piracicaba"}]},{"@type":"WebSite","@id":"https:\/\/jornalvia.com\/piracicaba\/#website","url":"https:\/\/jornalvia.com\/piracicaba\/","name":"Jornal VIA","description":"Seu novo jornal de not\u00edcias em Piracicaba com informa\u00e7\u00f5es locais, do Brasil e do mundo","publisher":{"@id":"https:\/\/jornalvia.com\/piracicaba\/#organization"},"alternateName":"Jornal VIA \u2022 Piracicaba","potentialAction":[{"@type":"SearchAction","target":{"@type":"EntryPoint","urlTemplate":"https:\/\/jornalvia.com\/piracicaba\/?s={search_term_string}"},"query-input":{"@type":"PropertyValueSpecification","valueRequired":true,"valueName":"search_term_string"}}],"inLanguage":"pt-BR"},{"@type":"Organization","@id":"https:\/\/jornalvia.com\/piracicaba\/#organization","name":"Jornal VIA","url":"https:\/\/jornalvia.com\/piracicaba\/","logo":{"@type":"ImageObject","inLanguage":"pt-BR","@id":"https:\/\/jornalvia.com\/piracicaba\/#\/schema\/logo\/image\/","url":"https:\/\/jornalvia.com\/piracicaba\/wp-content\/uploads\/sites\/2\/2025\/09\/cropped-logo_site_5-1.png","contentUrl":"https:\/\/jornalvia.com\/piracicaba\/wp-content\/uploads\/sites\/2\/2025\/09\/cropped-logo_site_5-1.png","width":512,"height":512,"caption":"Jornal VIA"},"image":{"@id":"https:\/\/jornalvia.com\/piracicaba\/#\/schema\/logo\/image\/"}},{"@type":"Person","@id":"https:\/\/jornalvia.com\/piracicaba\/#\/schema\/person\/eca63e9b2dc8aa7c5c7706ab2cbf0638","name":"Reda\u00e7\u00e3o","url":"https:\/\/jornalvia.com\/piracicaba\/author\/paulovendemiatti\/"}]}},"_links":{"self":[{"href":"https:\/\/jornalvia.com\/piracicaba\/wp-json\/wp\/v2\/posts\/15215","targetHints":{"allow":["GET"]}}],"collection":[{"href":"https:\/\/jornalvia.com\/piracicaba\/wp-json\/wp\/v2\/posts"}],"about":[{"href":"https:\/\/jornalvia.com\/piracicaba\/wp-json\/wp\/v2\/types\/post"}],"author":[{"embeddable":true,"href":"https:\/\/jornalvia.com\/piracicaba\/wp-json\/wp\/v2\/users\/7"}],"replies":[{"embeddable":true,"href":"https:\/\/jornalvia.com\/piracicaba\/wp-json\/wp\/v2\/comments?post=15215"}],"version-history":[{"count":1,"href":"https:\/\/jornalvia.com\/piracicaba\/wp-json\/wp\/v2\/posts\/15215\/revisions"}],"predecessor-version":[{"id":15217,"href":"https:\/\/jornalvia.com\/piracicaba\/wp-json\/wp\/v2\/posts\/15215\/revisions\/15217"}],"wp:featuredmedia":[{"embeddable":true,"href":"https:\/\/jornalvia.com\/piracicaba\/wp-json\/wp\/v2\/media\/15216"}],"wp:attachment":[{"href":"https:\/\/jornalvia.com\/piracicaba\/wp-json\/wp\/v2\/media?parent=15215"}],"wp:term":[{"taxonomy":"category","embeddable":true,"href":"https:\/\/jornalvia.com\/piracicaba\/wp-json\/wp\/v2\/categories?post=15215"},{"taxonomy":"post_tag","embeddable":true,"href":"https:\/\/jornalvia.com\/piracicaba\/wp-json\/wp\/v2\/tags?post=15215"}],"curies":[{"name":"wp","href":"https:\/\/api.w.org\/{rel}","templated":true}]}}