{"id":15180,"date":"2026-08-26T08:00:54","date_gmt":"2026-08-26T11:00:54","guid":{"rendered":"https:\/\/jornalvia.com\/piracicaba\/?p=15180"},"modified":"2026-08-25T23:11:22","modified_gmt":"2026-08-26T02:11:22","slug":"saude-de-piracicaba-recebe-16-novos-veiculos-para-transporte-de-pacientes","status":"publish","type":"post","link":"https:\/\/jornalvia.com\/piracicaba\/cidade\/saude-de-piracicaba-recebe-16-novos-veiculos-para-transporte-de-pacientes\/","title":{"rendered":"Sa\u00fade de Piracicaba recebe 16 novos ve\u00edculos para transporte de pacientes"},"content":{"rendered":"<p>A Secretaria Municipal de Sa\u00fade de Piracicaba recebeu 16 ve\u00edculos novos para refor\u00e7ar o transporte de pacientes que precisam realizar consultas, exames e outros atendimentos de sa\u00fade dentro e fora do munic\u00edpio.<\/p>\n<p>Os ve\u00edculos, todos hatch e zero quil\u00f4metro, foram entregues na segunda feira (24), no Centro C\u00edvico. A renova\u00e7\u00e3o substitui parte da frota utilizada pelo Servi\u00e7o Integrado de Transportes da Sa\u00fade.<\/p>\n<p>Segundo a Prefeitura, a medida busca oferecer mais seguran\u00e7a aos pacientes e profissionais, al\u00e9m de reduzir gastos com manuten\u00e7\u00e3o e diminuir o risco de interrup\u00e7\u00f5es no servi\u00e7o provocadas por problemas mec\u00e2nicos.<\/p>\n<p>De acordo com o prefeito Helinho Zanatta, parte da frota municipal tinha idade m\u00e9dia superior a 15 anos e exigia manuten\u00e7\u00f5es frequentes.<\/p>\n<blockquote><p>\u201cCom a renova\u00e7\u00e3o, conseguimos oferecer mais seguran\u00e7a e melhores condi\u00e7\u00f5es para o transporte dos pacientes e tamb\u00e9m para os profissionais que utilizam esses ve\u00edculos diariamente\u201d, afirmou.<\/p><\/blockquote>\n<p><strong>Mais de 7,5 mil pacientes transportados em seis meses<\/strong><br \/>\nO transporte oferecido pela Secretaria de Sa\u00fade atende moradores que precisam se deslocar principalmente para consultas, exames e tratamentos especializados realizados em outras cidades.<\/p>\n<p>Entre janeiro e junho de 2026, o Servi\u00e7o Integrado de Transportes realizou 2.887 viagens, atendendo 7.545 pacientes e 3.100 acompanhantes.<\/p>\n<p>Somados, os deslocamentos ultrapassaram 612 mil quil\u00f4metros percorridos no primeiro semestre.<\/p>\n<p><strong>Sa\u00fade recebeu outros ve\u00edculos em 2026<\/strong><br \/>\nAl\u00e9m dos 16 autom\u00f3veis entregues nesta semana, a Secretaria Municipal de Sa\u00fade recebeu outros ve\u00edculos ao longo do ano.<\/p>\n<p>Segundo a administra\u00e7\u00e3o municipal, foram destinados 16 ve\u00edculos para servi\u00e7os como Aten\u00e7\u00e3o B\u00e1sica, Samu e Centro de Controle de Zoonoses, al\u00e9m de dez vans para o Samu e o transporte de pacientes. Quatro dessas vans s\u00e3o adaptadas para pessoas que utilizam cadeira de rodas.<\/p>\n<p>A Prefeitura tamb\u00e9m vem renovando ve\u00edculos utilizados por outras secretarias. Em fevereiro, 14 ve\u00edculos zero quil\u00f4metro foram entregues para utiliza\u00e7\u00e3o pelos agentes de tr\u00e2nsito.<\/p>\n<p>No in\u00edcio de agosto, outros 58 ve\u00edculos foram incorporados \u00e0 frota municipal, sendo 16 destinados \u00e0 Sa\u00fade e 42 distribu\u00eddos entre outras secretarias.<\/p>\n<p>A administra\u00e7\u00e3o municipal afirma que a renova\u00e7\u00e3o busca reduzir os custos relacionados a ve\u00edculos antigos e melhorar as condi\u00e7\u00f5es de atendimento dos servi\u00e7os p\u00fablicos.<\/p>\n","protected":false},"excerpt":{"rendered":"<p>Renova\u00e7\u00e3o da frota busca aumentar a seguran\u00e7a e reduzir gastos com manuten\u00e7\u00e3o; servi\u00e7o transportou mais de 7,5 mil pacientes no primeiro semestre<\/p>\n","protected":false},"author":9,"featured_media":15181,"comment_status":"closed","ping_status":"closed","sticky":false,"template":"","format":"standard","meta":{"_acf_changed":false,"footnotes":""},"categories":[3],"tags":[],"class_list":["post-15180","post","type-post","status-publish","format-standard","has-post-thumbnail","hentry","category-cidade"],"acf":[],"yoast_head":"<!-- This site is optimized with the Yoast SEO plugin v27.2 - https:\/\/yoast.com\/product\/yoast-seo-wordpress\/ -->\n<title>Sa\u00fade de Piracicaba recebe 16 novos ve\u00edculos para transporte de pacientes<\/title>\n<meta name=\"robots\" content=\"index, follow, max-snippet:-1, max-image-preview:large, max-video-preview:-1\" \/>\n<link rel=\"canonical\" href=\"https:\/\/jornalvia.com\/piracicaba\/cidade\/saude-de-piracicaba-recebe-16-novos-veiculos-para-transporte-de-pacientes\/\" \/>\n<meta property=\"og:locale\" content=\"pt_BR\" \/>\n<meta property=\"og:type\" content=\"article\" \/>\n<meta property=\"og:title\" content=\"Sa\u00fade de Piracicaba recebe 16 novos ve\u00edculos para transporte de pacientes\" \/>\n<meta property=\"og:description\" content=\"Renova\u00e7\u00e3o da frota busca aumentar a seguran\u00e7a e reduzir gastos com manuten\u00e7\u00e3o; servi\u00e7o transportou mais de 7,5 mil pacientes no primeiro semestre\" \/>\n<meta property=\"og:url\" content=\"https:\/\/jornalvia.com\/piracicaba\/cidade\/saude-de-piracicaba-recebe-16-novos-veiculos-para-transporte-de-pacientes\/\" \/>\n<meta property=\"og:site_name\" content=\"Piracicaba\" \/>\n<meta property=\"article:published_time\" content=\"2026-08-26T11:00:54+00:00\" \/>\n<meta property=\"og:image\" content=\"https:\/\/jornalvia.com\/piracicaba\/wp-content\/uploads\/sites\/2\/2026\/08\/2026-08-25-ID2-001654-scaled.webp\" \/>\n\t<meta property=\"og:image:width\" content=\"2560\" \/>\n\t<meta property=\"og:image:height\" content=\"1707\" \/>\n\t<meta property=\"og:image:type\" content=\"image\/webp\" \/>\n<meta name=\"author\" content=\"Reda\u00e7\u00e3o\" \/>\n<meta name=\"twitter:card\" content=\"summary_large_image\" \/>\n<meta name=\"twitter:label1\" content=\"Escrito por\" \/>\n\t<meta name=\"twitter:data1\" content=\"Reda\u00e7\u00e3o\" \/>\n\t<meta name=\"twitter:label2\" content=\"Est. tempo de leitura\" \/>\n\t<meta name=\"twitter:data2\" content=\"2 minutos\" \/>\n<script type=\"application\/ld+json\" class=\"yoast-schema-graph\">{\"@context\":\"https:\/\/schema.org\",\"@graph\":[{\"@type\":\"Article\",\"@id\":\"https:\/\/jornalvia.com\/piracicaba\/cidade\/saude-de-piracicaba-recebe-16-novos-veiculos-para-transporte-de-pacientes\/#article\",\"isPartOf\":{\"@id\":\"https:\/\/jornalvia.com\/piracicaba\/cidade\/saude-de-piracicaba-recebe-16-novos-veiculos-para-transporte-de-pacientes\/\"},\"author\":{\"name\":\"Reda\u00e7\u00e3o\",\"@id\":\"https:\/\/jornalvia.com\/piracicaba\/#\/schema\/person\/672c24084b8babca7ca8adc9bb83152a\"},\"headline\":\"Sa\u00fade de Piracicaba recebe 16 novos ve\u00edculos para transporte de pacientes\",\"datePublished\":\"2026-08-26T11:00:54+00:00\",\"mainEntityOfPage\":{\"@id\":\"https:\/\/jornalvia.com\/piracicaba\/cidade\/saude-de-piracicaba-recebe-16-novos-veiculos-para-transporte-de-pacientes\/\"},\"wordCount\":395,\"publisher\":{\"@id\":\"https:\/\/jornalvia.com\/piracicaba\/#organization\"},\"image\":{\"@id\":\"https:\/\/jornalvia.com\/piracicaba\/cidade\/saude-de-piracicaba-recebe-16-novos-veiculos-para-transporte-de-pacientes\/#primaryimage\"},\"thumbnailUrl\":\"https:\/\/jornalvia.com\/piracicaba\/wp-content\/uploads\/sites\/2\/2026\/08\/2026-08-25-ID2-001654-scaled.webp\",\"articleSection\":[\"Cidade\"],\"inLanguage\":\"pt-BR\"},{\"@type\":\"WebPage\",\"@id\":\"https:\/\/jornalvia.com\/piracicaba\/cidade\/saude-de-piracicaba-recebe-16-novos-veiculos-para-transporte-de-pacientes\/\",\"url\":\"https:\/\/jornalvia.com\/piracicaba\/cidade\/saude-de-piracicaba-recebe-16-novos-veiculos-para-transporte-de-pacientes\/\",\"name\":\"Sa\u00fade de Piracicaba recebe 16 novos ve\u00edculos para transporte de pacientes\",\"isPartOf\":{\"@id\":\"https:\/\/jornalvia.com\/piracicaba\/#website\"},\"primaryImageOfPage\":{\"@id\":\"https:\/\/jornalvia.com\/piracicaba\/cidade\/saude-de-piracicaba-recebe-16-novos-veiculos-para-transporte-de-pacientes\/#primaryimage\"},\"image\":{\"@id\":\"https:\/\/jornalvia.com\/piracicaba\/cidade\/saude-de-piracicaba-recebe-16-novos-veiculos-para-transporte-de-pacientes\/#primaryimage\"},\"thumbnailUrl\":\"https:\/\/jornalvia.com\/piracicaba\/wp-content\/uploads\/sites\/2\/2026\/08\/2026-08-25-ID2-001654-scaled.webp\",\"datePublished\":\"2026-08-26T11:00:54+00:00\",\"breadcrumb\":{\"@id\":\"https:\/\/jornalvia.com\/piracicaba\/cidade\/saude-de-piracicaba-recebe-16-novos-veiculos-para-transporte-de-pacientes\/#breadcrumb\"},\"inLanguage\":\"pt-BR\",\"potentialAction\":[{\"@type\":\"ReadAction\",\"target\":[\"https:\/\/jornalvia.com\/piracicaba\/cidade\/saude-de-piracicaba-recebe-16-novos-veiculos-para-transporte-de-pacientes\/\"]}]},{\"@type\":\"ImageObject\",\"inLanguage\":\"pt-BR\",\"@id\":\"https:\/\/jornalvia.com\/piracicaba\/cidade\/saude-de-piracicaba-recebe-16-novos-veiculos-para-transporte-de-pacientes\/#primaryimage\",\"url\":\"https:\/\/jornalvia.com\/piracicaba\/wp-content\/uploads\/sites\/2\/2026\/08\/2026-08-25-ID2-001654-scaled.webp\",\"contentUrl\":\"https:\/\/jornalvia.com\/piracicaba\/wp-content\/uploads\/sites\/2\/2026\/08\/2026-08-25-ID2-001654-scaled.webp\",\"width\":2560,\"height\":1707,\"caption\":\"Foto: Divulga\u00e7\u00e3o\"},{\"@type\":\"BreadcrumbList\",\"@id\":\"https:\/\/jornalvia.com\/piracicaba\/cidade\/saude-de-piracicaba-recebe-16-novos-veiculos-para-transporte-de-pacientes\/#breadcrumb\",\"itemListElement\":[{\"@type\":\"ListItem\",\"position\":1,\"name\":\"In\u00edcio\",\"item\":\"https:\/\/jornalvia.com\/piracicaba\/\"},{\"@type\":\"ListItem\",\"position\":2,\"name\":\"Sa\u00fade de Piracicaba recebe 16 novos ve\u00edculos para transporte de pacientes\"}]},{\"@type\":\"WebSite\",\"@id\":\"https:\/\/jornalvia.com\/piracicaba\/#website\",\"url\":\"https:\/\/jornalvia.com\/piracicaba\/\",\"name\":\"Jornal VIA\",\"description\":\"Seu novo jornal de not\u00edcias em Piracicaba com informa\u00e7\u00f5es locais, do Brasil e do mundo\",\"publisher\":{\"@id\":\"https:\/\/jornalvia.com\/piracicaba\/#organization\"},\"alternateName\":\"Jornal VIA \u2022 Piracicaba\",\"potentialAction\":[{\"@type\":\"SearchAction\",\"target\":{\"@type\":\"EntryPoint\",\"urlTemplate\":\"https:\/\/jornalvia.com\/piracicaba\/?s={search_term_string}\"},\"query-input\":{\"@type\":\"PropertyValueSpecification\",\"valueRequired\":true,\"valueName\":\"search_term_string\"}}],\"inLanguage\":\"pt-BR\"},{\"@type\":\"Organization\",\"@id\":\"https:\/\/jornalvia.com\/piracicaba\/#organization\",\"name\":\"Jornal VIA\",\"url\":\"https:\/\/jornalvia.com\/piracicaba\/\",\"logo\":{\"@type\":\"ImageObject\",\"inLanguage\":\"pt-BR\",\"@id\":\"https:\/\/jornalvia.com\/piracicaba\/#\/schema\/logo\/image\/\",\"url\":\"https:\/\/jornalvia.com\/piracicaba\/wp-content\/uploads\/sites\/2\/2025\/09\/cropped-logo_site_5-1.png\",\"contentUrl\":\"https:\/\/jornalvia.com\/piracicaba\/wp-content\/uploads\/sites\/2\/2025\/09\/cropped-logo_site_5-1.png\",\"width\":512,\"height\":512,\"caption\":\"Jornal VIA\"},\"image\":{\"@id\":\"https:\/\/jornalvia.com\/piracicaba\/#\/schema\/logo\/image\/\"}},{\"@type\":\"Person\",\"@id\":\"https:\/\/jornalvia.com\/piracicaba\/#\/schema\/person\/672c24084b8babca7ca8adc9bb83152a\",\"name\":\"Reda\u00e7\u00e3o\",\"url\":\"https:\/\/jornalvia.com\/piracicaba\/author\/jaquelineprates\/\"}]}<\/script>\n<!-- \/ Yoast SEO plugin. -->","yoast_head_json":{"title":"Sa\u00fade de Piracicaba recebe 16 novos ve\u00edculos para transporte de pacientes","robots":{"index":"index","follow":"follow","max-snippet":"max-snippet:-1","max-image-preview":"max-image-preview:large","max-video-preview":"max-video-preview:-1"},"canonical":"https:\/\/jornalvia.com\/piracicaba\/cidade\/saude-de-piracicaba-recebe-16-novos-veiculos-para-transporte-de-pacientes\/","og_locale":"pt_BR","og_type":"article","og_title":"Sa\u00fade de Piracicaba recebe 16 novos ve\u00edculos para transporte de pacientes","og_description":"Renova\u00e7\u00e3o da frota busca aumentar a seguran\u00e7a e reduzir gastos com manuten\u00e7\u00e3o; servi\u00e7o transportou mais de 7,5 mil pacientes no primeiro semestre","og_url":"https:\/\/jornalvia.com\/piracicaba\/cidade\/saude-de-piracicaba-recebe-16-novos-veiculos-para-transporte-de-pacientes\/","og_site_name":"Piracicaba","article_published_time":"2026-08-26T11:00:54+00:00","og_image":[{"width":2560,"height":1707,"url":"https:\/\/jornalvia.com\/piracicaba\/wp-content\/uploads\/sites\/2\/2026\/08\/2026-08-25-ID2-001654-scaled.webp","type":"image\/webp"}],"author":"Reda\u00e7\u00e3o","twitter_card":"summary_large_image","twitter_misc":{"Escrito por":"Reda\u00e7\u00e3o","Est. tempo de leitura":"2 minutos"},"schema":{"@context":"https:\/\/schema.org","@graph":[{"@type":"Article","@id":"https:\/\/jornalvia.com\/piracicaba\/cidade\/saude-de-piracicaba-recebe-16-novos-veiculos-para-transporte-de-pacientes\/#article","isPartOf":{"@id":"https:\/\/jornalvia.com\/piracicaba\/cidade\/saude-de-piracicaba-recebe-16-novos-veiculos-para-transporte-de-pacientes\/"},"author":{"name":"Reda\u00e7\u00e3o","@id":"https:\/\/jornalvia.com\/piracicaba\/#\/schema\/person\/672c24084b8babca7ca8adc9bb83152a"},"headline":"Sa\u00fade de Piracicaba recebe 16 novos ve\u00edculos para transporte de pacientes","datePublished":"2026-08-26T11:00:54+00:00","mainEntityOfPage":{"@id":"https:\/\/jornalvia.com\/piracicaba\/cidade\/saude-de-piracicaba-recebe-16-novos-veiculos-para-transporte-de-pacientes\/"},"wordCount":395,"publisher":{"@id":"https:\/\/jornalvia.com\/piracicaba\/#organization"},"image":{"@id":"https:\/\/jornalvia.com\/piracicaba\/cidade\/saude-de-piracicaba-recebe-16-novos-veiculos-para-transporte-de-pacientes\/#primaryimage"},"thumbnailUrl":"https:\/\/jornalvia.com\/piracicaba\/wp-content\/uploads\/sites\/2\/2026\/08\/2026-08-25-ID2-001654-scaled.webp","articleSection":["Cidade"],"inLanguage":"pt-BR"},{"@type":"WebPage","@id":"https:\/\/jornalvia.com\/piracicaba\/cidade\/saude-de-piracicaba-recebe-16-novos-veiculos-para-transporte-de-pacientes\/","url":"https:\/\/jornalvia.com\/piracicaba\/cidade\/saude-de-piracicaba-recebe-16-novos-veiculos-para-transporte-de-pacientes\/","name":"Sa\u00fade de Piracicaba recebe 16 novos ve\u00edculos para transporte de pacientes","isPartOf":{"@id":"https:\/\/jornalvia.com\/piracicaba\/#website"},"primaryImageOfPage":{"@id":"https:\/\/jornalvia.com\/piracicaba\/cidade\/saude-de-piracicaba-recebe-16-novos-veiculos-para-transporte-de-pacientes\/#primaryimage"},"image":{"@id":"https:\/\/jornalvia.com\/piracicaba\/cidade\/saude-de-piracicaba-recebe-16-novos-veiculos-para-transporte-de-pacientes\/#primaryimage"},"thumbnailUrl":"https:\/\/jornalvia.com\/piracicaba\/wp-content\/uploads\/sites\/2\/2026\/08\/2026-08-25-ID2-001654-scaled.webp","datePublished":"2026-08-26T11:00:54+00:00","breadcrumb":{"@id":"https:\/\/jornalvia.com\/piracicaba\/cidade\/saude-de-piracicaba-recebe-16-novos-veiculos-para-transporte-de-pacientes\/#breadcrumb"},"inLanguage":"pt-BR","potentialAction":[{"@type":"ReadAction","target":["https:\/\/jornalvia.com\/piracicaba\/cidade\/saude-de-piracicaba-recebe-16-novos-veiculos-para-transporte-de-pacientes\/"]}]},{"@type":"ImageObject","inLanguage":"pt-BR","@id":"https:\/\/jornalvia.com\/piracicaba\/cidade\/saude-de-piracicaba-recebe-16-novos-veiculos-para-transporte-de-pacientes\/#primaryimage","url":"https:\/\/jornalvia.com\/piracicaba\/wp-content\/uploads\/sites\/2\/2026\/08\/2026-08-25-ID2-001654-scaled.webp","contentUrl":"https:\/\/jornalvia.com\/piracicaba\/wp-content\/uploads\/sites\/2\/2026\/08\/2026-08-25-ID2-001654-scaled.webp","width":2560,"height":1707,"caption":"Foto: Divulga\u00e7\u00e3o"},{"@type":"BreadcrumbList","@id":"https:\/\/jornalvia.com\/piracicaba\/cidade\/saude-de-piracicaba-recebe-16-novos-veiculos-para-transporte-de-pacientes\/#breadcrumb","itemListElement":[{"@type":"ListItem","position":1,"name":"In\u00edcio","item":"https:\/\/jornalvia.com\/piracicaba\/"},{"@type":"ListItem","position":2,"name":"Sa\u00fade de Piracicaba recebe 16 novos ve\u00edculos para transporte de pacientes"}]},{"@type":"WebSite","@id":"https:\/\/jornalvia.com\/piracicaba\/#website","url":"https:\/\/jornalvia.com\/piracicaba\/","name":"Jornal VIA","description":"Seu novo jornal de not\u00edcias em Piracicaba com informa\u00e7\u00f5es locais, do Brasil e do mundo","publisher":{"@id":"https:\/\/jornalvia.com\/piracicaba\/#organization"},"alternateName":"Jornal VIA \u2022 Piracicaba","potentialAction":[{"@type":"SearchAction","target":{"@type":"EntryPoint","urlTemplate":"https:\/\/jornalvia.com\/piracicaba\/?s={search_term_string}"},"query-input":{"@type":"PropertyValueSpecification","valueRequired":true,"valueName":"search_term_string"}}],"inLanguage":"pt-BR"},{"@type":"Organization","@id":"https:\/\/jornalvia.com\/piracicaba\/#organization","name":"Jornal VIA","url":"https:\/\/jornalvia.com\/piracicaba\/","logo":{"@type":"ImageObject","inLanguage":"pt-BR","@id":"https:\/\/jornalvia.com\/piracicaba\/#\/schema\/logo\/image\/","url":"https:\/\/jornalvia.com\/piracicaba\/wp-content\/uploads\/sites\/2\/2025\/09\/cropped-logo_site_5-1.png","contentUrl":"https:\/\/jornalvia.com\/piracicaba\/wp-content\/uploads\/sites\/2\/2025\/09\/cropped-logo_site_5-1.png","width":512,"height":512,"caption":"Jornal VIA"},"image":{"@id":"https:\/\/jornalvia.com\/piracicaba\/#\/schema\/logo\/image\/"}},{"@type":"Person","@id":"https:\/\/jornalvia.com\/piracicaba\/#\/schema\/person\/672c24084b8babca7ca8adc9bb83152a","name":"Reda\u00e7\u00e3o","url":"https:\/\/jornalvia.com\/piracicaba\/author\/jaquelineprates\/"}]}},"_links":{"self":[{"href":"https:\/\/jornalvia.com\/piracicaba\/wp-json\/wp\/v2\/posts\/15180","targetHints":{"allow":["GET"]}}],"collection":[{"href":"https:\/\/jornalvia.com\/piracicaba\/wp-json\/wp\/v2\/posts"}],"about":[{"href":"https:\/\/jornalvia.com\/piracicaba\/wp-json\/wp\/v2\/types\/post"}],"author":[{"embeddable":true,"href":"https:\/\/jornalvia.com\/piracicaba\/wp-json\/wp\/v2\/users\/9"}],"replies":[{"embeddable":true,"href":"https:\/\/jornalvia.com\/piracicaba\/wp-json\/wp\/v2\/comments?post=15180"}],"version-history":[{"count":1,"href":"https:\/\/jornalvia.com\/piracicaba\/wp-json\/wp\/v2\/posts\/15180\/revisions"}],"predecessor-version":[{"id":15182,"href":"https:\/\/jornalvia.com\/piracicaba\/wp-json\/wp\/v2\/posts\/15180\/revisions\/15182"}],"wp:featuredmedia":[{"embeddable":true,"href":"https:\/\/jornalvia.com\/piracicaba\/wp-json\/wp\/v2\/media\/15181"}],"wp:attachment":[{"href":"https:\/\/jornalvia.com\/piracicaba\/wp-json\/wp\/v2\/media?parent=15180"}],"wp:term":[{"taxonomy":"category","embeddable":true,"href":"https:\/\/jornalvia.com\/piracicaba\/wp-json\/wp\/v2\/categories?post=15180"},{"taxonomy":"post_tag","embeddable":true,"href":"https:\/\/jornalvia.com\/piracicaba\/wp-json\/wp\/v2\/tags?post=15180"}],"curies":[{"name":"wp","href":"https:\/\/api.w.org\/{rel}","templated":true}]}}