{"id":15165,"date":"2026-08-26T07:30:33","date_gmt":"2026-08-26T10:30:33","guid":{"rendered":"https:\/\/jornalvia.com\/piracicaba\/?p=15165"},"modified":"2026-08-25T21:40:18","modified_gmt":"2026-08-26T00:40:18","slug":"mutirao-de-laudos-abre-inscricoes-para-pessoas-com-deficiencia-em-piracicaba","status":"publish","type":"post","link":"https:\/\/jornalvia.com\/piracicaba\/oportunidade\/mutirao-de-laudos-abre-inscricoes-para-pessoas-com-deficiencia-em-piracicaba\/","title":{"rendered":"Mutir\u00e3o de Laudos abre inscri\u00e7\u00f5es para pessoas com defici\u00eancia em Piracicaba"},"content":{"rendered":"<p>Pessoas com defici\u00eancia de Piracicaba que precisam obter o laudo caracterizador para inclus\u00e3o no mercado de trabalho poder\u00e3o participar do Mutir\u00e3o de Laudos, promovido pelo Polo de Empregabilidade Inclusiva (PEI). O atendimento ser\u00e1 realizado no dia 21 de setembro, a partir das 8h30, mediante agendamento.<\/p>\n<p>A iniciativa busca facilitar o acesso ao laudo caracterizador, documento utilizado para comprovar e caracterizar a defici\u00eancia e que pode ser necess\u00e1rio durante processos de contrata\u00e7\u00e3o e para o acesso a direitos relacionados \u00e0 inclus\u00e3o profissional.<\/p>\n<p>O atendimento ser\u00e1 gratuito, no T\u00e9rreo 1 do pr\u00e9dio da Prefeitura de Piracicaba, localizado na rua Ant\u00f4nio Corr\u00eaa Barbosa, 2.233.<\/p>\n<p><strong>Como participar<\/strong><br \/>\nAs inscri\u00e7\u00f5es devem ser realizadas at\u00e9 11 de setembro por meio de formul\u00e1rio online. As vagas s\u00e3o limitadas e somente pessoas previamente agendadas ser\u00e3o atendidas.<\/p>\n<p>No dia do mutir\u00e3o, os participantes devem levar laudos, exames e receitu\u00e1rios antigos que possam contribuir para a avalia\u00e7\u00e3o e caracteriza\u00e7\u00e3o da defici\u00eancia.<\/p>\n<p><strong>Inclus\u00e3o no mercado de trabalho<\/strong><br \/>\nO mutir\u00e3o faz parte das a\u00e7\u00f5es do programa Meu Emprego Inclusivo, desenvolvido em munic\u00edpios paulistas para ampliar oportunidades de inclus\u00e3o profissional e social para pessoas com defici\u00eancia.<\/p>\n<p>Em Piracicaba, o PEI \u00e9 executado pelo Instituto de Tecnologia Social (ITS Brasil), em parceria com o Instituto de Medicina Social e de Criminologia de S\u00e3o Paulo (IMESC), a Secretaria Municipal de Trabalho, Emprego e Renda e a Secretaria de Estado dos Direitos da Pessoa com Defici\u00eancia.<\/p>\n<p>Al\u00e9m da emiss\u00e3o de laudos, o PEI mant\u00e9m atendimento voltado \u00e0 empregabilidade de pessoas com defici\u00eancia. O trabalho inclui orienta\u00e7\u00e3o profissional, acompanhamento durante a busca por emprego e contato com empresas interessadas na contrata\u00e7\u00e3o desse p\u00fablico.<\/p>\n<p><strong>Servi\u00e7o<\/strong><br \/>\nMutir\u00e3o de Laudos para pessoas com defici\u00eancia<br \/>\nData: 21 de setembro<br \/>\nHor\u00e1rio: a partir das 8h30, mediante agendamento<br \/>\nLocal: PEI Piracicaba, T\u00e9rreo 1 da Prefeitura<br \/>\nEndere\u00e7o: Rua Ant\u00f4nio Corr\u00eaa Barbosa, 2.233<br \/>\nInscri\u00e7\u00f5es: at\u00e9 11 de setembro<br \/>\nFormul\u00e1rio:<a href=\"https:\/\/forms.gle\/S5ytuFSd9rXTSYEQ8\"> https:\/\/forms.gle\/S5ytuFSd9rXTSYEQ8<\/a><br \/>\nVagas: limitadas<br \/>\nInforma\u00e7\u00f5es pelo WhatsApp: (19) 99791 7480 ou (19) 99856 0685<\/p>\n","protected":false},"excerpt":{"rendered":"<p>Atendimento gratuito ser\u00e1 realizado em 21 de setembro na Prefeitura; interessados devem se inscrever at\u00e9 11 de setembro e as vagas s\u00e3o limitadas<\/p>\n","protected":false},"author":9,"featured_media":15166,"comment_status":"closed","ping_status":"closed","sticky":false,"template":"","format":"standard","meta":{"_acf_changed":false,"footnotes":""},"categories":[82],"tags":[],"class_list":["post-15165","post","type-post","status-publish","format-standard","has-post-thumbnail","hentry","category-oportunidade"],"acf":[],"yoast_head":"<!-- This site is optimized with the Yoast SEO plugin v27.2 - https:\/\/yoast.com\/product\/yoast-seo-wordpress\/ -->\n<title>Mutir\u00e3o de Laudos abre inscri\u00e7\u00f5es para pessoas com defici\u00eancia em Piracicaba<\/title>\n<meta name=\"robots\" content=\"index, follow, max-snippet:-1, max-image-preview:large, max-video-preview:-1\" \/>\n<link rel=\"canonical\" href=\"https:\/\/jornalvia.com\/piracicaba\/oportunidade\/mutirao-de-laudos-abre-inscricoes-para-pessoas-com-deficiencia-em-piracicaba\/\" \/>\n<meta property=\"og:locale\" content=\"pt_BR\" \/>\n<meta property=\"og:type\" content=\"article\" \/>\n<meta property=\"og:title\" content=\"Mutir\u00e3o de Laudos abre inscri\u00e7\u00f5es para pessoas com defici\u00eancia em Piracicaba\" \/>\n<meta property=\"og:description\" content=\"Atendimento gratuito ser\u00e1 realizado em 21 de setembro na Prefeitura; interessados devem se inscrever at\u00e9 11 de setembro e as vagas s\u00e3o limitadas\" \/>\n<meta property=\"og:url\" content=\"https:\/\/jornalvia.com\/piracicaba\/oportunidade\/mutirao-de-laudos-abre-inscricoes-para-pessoas-com-deficiencia-em-piracicaba\/\" \/>\n<meta property=\"og:site_name\" content=\"Piracicaba\" \/>\n<meta property=\"article:published_time\" content=\"2026-08-26T10:30:33+00:00\" \/>\n<meta property=\"og:image\" content=\"https:\/\/jornalvia.com\/piracicaba\/wp-content\/uploads\/sites\/2\/2026\/08\/2026-08-25-ID2-001649.webp\" \/>\n\t<meta property=\"og:image:width\" content=\"2000\" \/>\n\t<meta property=\"og:image:height\" content=\"1333\" \/>\n\t<meta property=\"og:image:type\" content=\"image\/webp\" \/>\n<meta name=\"author\" content=\"Reda\u00e7\u00e3o\" \/>\n<meta name=\"twitter:card\" content=\"summary_large_image\" \/>\n<meta name=\"twitter:label1\" content=\"Escrito por\" \/>\n\t<meta name=\"twitter:data1\" content=\"Reda\u00e7\u00e3o\" \/>\n\t<meta name=\"twitter:label2\" content=\"Est. tempo de leitura\" \/>\n\t<meta name=\"twitter:data2\" content=\"2 minutos\" \/>\n<script type=\"application\/ld+json\" class=\"yoast-schema-graph\">{\"@context\":\"https:\/\/schema.org\",\"@graph\":[{\"@type\":\"Article\",\"@id\":\"https:\/\/jornalvia.com\/piracicaba\/oportunidade\/mutirao-de-laudos-abre-inscricoes-para-pessoas-com-deficiencia-em-piracicaba\/#article\",\"isPartOf\":{\"@id\":\"https:\/\/jornalvia.com\/piracicaba\/oportunidade\/mutirao-de-laudos-abre-inscricoes-para-pessoas-com-deficiencia-em-piracicaba\/\"},\"author\":{\"name\":\"Reda\u00e7\u00e3o\",\"@id\":\"https:\/\/jornalvia.com\/piracicaba\/#\/schema\/person\/672c24084b8babca7ca8adc9bb83152a\"},\"headline\":\"Mutir\u00e3o de Laudos abre inscri\u00e7\u00f5es para pessoas com defici\u00eancia em Piracicaba\",\"datePublished\":\"2026-08-26T10:30:33+00:00\",\"mainEntityOfPage\":{\"@id\":\"https:\/\/jornalvia.com\/piracicaba\/oportunidade\/mutirao-de-laudos-abre-inscricoes-para-pessoas-com-deficiencia-em-piracicaba\/\"},\"wordCount\":366,\"publisher\":{\"@id\":\"https:\/\/jornalvia.com\/piracicaba\/#organization\"},\"image\":{\"@id\":\"https:\/\/jornalvia.com\/piracicaba\/oportunidade\/mutirao-de-laudos-abre-inscricoes-para-pessoas-com-deficiencia-em-piracicaba\/#primaryimage\"},\"thumbnailUrl\":\"https:\/\/jornalvia.com\/piracicaba\/wp-content\/uploads\/sites\/2\/2026\/08\/2026-08-25-ID2-001649.webp\",\"articleSection\":[\"Oportunidade\"],\"inLanguage\":\"pt-BR\"},{\"@type\":\"WebPage\",\"@id\":\"https:\/\/jornalvia.com\/piracicaba\/oportunidade\/mutirao-de-laudos-abre-inscricoes-para-pessoas-com-deficiencia-em-piracicaba\/\",\"url\":\"https:\/\/jornalvia.com\/piracicaba\/oportunidade\/mutirao-de-laudos-abre-inscricoes-para-pessoas-com-deficiencia-em-piracicaba\/\",\"name\":\"Mutir\u00e3o de Laudos abre inscri\u00e7\u00f5es para pessoas com defici\u00eancia em Piracicaba\",\"isPartOf\":{\"@id\":\"https:\/\/jornalvia.com\/piracicaba\/#website\"},\"primaryImageOfPage\":{\"@id\":\"https:\/\/jornalvia.com\/piracicaba\/oportunidade\/mutirao-de-laudos-abre-inscricoes-para-pessoas-com-deficiencia-em-piracicaba\/#primaryimage\"},\"image\":{\"@id\":\"https:\/\/jornalvia.com\/piracicaba\/oportunidade\/mutirao-de-laudos-abre-inscricoes-para-pessoas-com-deficiencia-em-piracicaba\/#primaryimage\"},\"thumbnailUrl\":\"https:\/\/jornalvia.com\/piracicaba\/wp-content\/uploads\/sites\/2\/2026\/08\/2026-08-25-ID2-001649.webp\",\"datePublished\":\"2026-08-26T10:30:33+00:00\",\"breadcrumb\":{\"@id\":\"https:\/\/jornalvia.com\/piracicaba\/oportunidade\/mutirao-de-laudos-abre-inscricoes-para-pessoas-com-deficiencia-em-piracicaba\/#breadcrumb\"},\"inLanguage\":\"pt-BR\",\"potentialAction\":[{\"@type\":\"ReadAction\",\"target\":[\"https:\/\/jornalvia.com\/piracicaba\/oportunidade\/mutirao-de-laudos-abre-inscricoes-para-pessoas-com-deficiencia-em-piracicaba\/\"]}]},{\"@type\":\"ImageObject\",\"inLanguage\":\"pt-BR\",\"@id\":\"https:\/\/jornalvia.com\/piracicaba\/oportunidade\/mutirao-de-laudos-abre-inscricoes-para-pessoas-com-deficiencia-em-piracicaba\/#primaryimage\",\"url\":\"https:\/\/jornalvia.com\/piracicaba\/wp-content\/uploads\/sites\/2\/2026\/08\/2026-08-25-ID2-001649.webp\",\"contentUrl\":\"https:\/\/jornalvia.com\/piracicaba\/wp-content\/uploads\/sites\/2\/2026\/08\/2026-08-25-ID2-001649.webp\",\"width\":2000,\"height\":1333,\"caption\":\"Foto: Divulga\u00e7\u00e3o\"},{\"@type\":\"BreadcrumbList\",\"@id\":\"https:\/\/jornalvia.com\/piracicaba\/oportunidade\/mutirao-de-laudos-abre-inscricoes-para-pessoas-com-deficiencia-em-piracicaba\/#breadcrumb\",\"itemListElement\":[{\"@type\":\"ListItem\",\"position\":1,\"name\":\"In\u00edcio\",\"item\":\"https:\/\/jornalvia.com\/piracicaba\/\"},{\"@type\":\"ListItem\",\"position\":2,\"name\":\"Mutir\u00e3o de Laudos abre inscri\u00e7\u00f5es para pessoas com defici\u00eancia em Piracicaba\"}]},{\"@type\":\"WebSite\",\"@id\":\"https:\/\/jornalvia.com\/piracicaba\/#website\",\"url\":\"https:\/\/jornalvia.com\/piracicaba\/\",\"name\":\"Jornal VIA\",\"description\":\"Seu novo jornal de not\u00edcias em Piracicaba com informa\u00e7\u00f5es locais, do Brasil e do mundo\",\"publisher\":{\"@id\":\"https:\/\/jornalvia.com\/piracicaba\/#organization\"},\"alternateName\":\"Jornal VIA \u2022 Piracicaba\",\"potentialAction\":[{\"@type\":\"SearchAction\",\"target\":{\"@type\":\"EntryPoint\",\"urlTemplate\":\"https:\/\/jornalvia.com\/piracicaba\/?s={search_term_string}\"},\"query-input\":{\"@type\":\"PropertyValueSpecification\",\"valueRequired\":true,\"valueName\":\"search_term_string\"}}],\"inLanguage\":\"pt-BR\"},{\"@type\":\"Organization\",\"@id\":\"https:\/\/jornalvia.com\/piracicaba\/#organization\",\"name\":\"Jornal VIA\",\"url\":\"https:\/\/jornalvia.com\/piracicaba\/\",\"logo\":{\"@type\":\"ImageObject\",\"inLanguage\":\"pt-BR\",\"@id\":\"https:\/\/jornalvia.com\/piracicaba\/#\/schema\/logo\/image\/\",\"url\":\"https:\/\/jornalvia.com\/piracicaba\/wp-content\/uploads\/sites\/2\/2025\/09\/cropped-logo_site_5-1.png\",\"contentUrl\":\"https:\/\/jornalvia.com\/piracicaba\/wp-content\/uploads\/sites\/2\/2025\/09\/cropped-logo_site_5-1.png\",\"width\":512,\"height\":512,\"caption\":\"Jornal VIA\"},\"image\":{\"@id\":\"https:\/\/jornalvia.com\/piracicaba\/#\/schema\/logo\/image\/\"}},{\"@type\":\"Person\",\"@id\":\"https:\/\/jornalvia.com\/piracicaba\/#\/schema\/person\/672c24084b8babca7ca8adc9bb83152a\",\"name\":\"Reda\u00e7\u00e3o\",\"url\":\"https:\/\/jornalvia.com\/piracicaba\/author\/jaquelineprates\/\"}]}<\/script>\n<!-- \/ Yoast SEO plugin. -->","yoast_head_json":{"title":"Mutir\u00e3o de Laudos abre inscri\u00e7\u00f5es para pessoas com defici\u00eancia em Piracicaba","robots":{"index":"index","follow":"follow","max-snippet":"max-snippet:-1","max-image-preview":"max-image-preview:large","max-video-preview":"max-video-preview:-1"},"canonical":"https:\/\/jornalvia.com\/piracicaba\/oportunidade\/mutirao-de-laudos-abre-inscricoes-para-pessoas-com-deficiencia-em-piracicaba\/","og_locale":"pt_BR","og_type":"article","og_title":"Mutir\u00e3o de Laudos abre inscri\u00e7\u00f5es para pessoas com defici\u00eancia em Piracicaba","og_description":"Atendimento gratuito ser\u00e1 realizado em 21 de setembro na Prefeitura; interessados devem se inscrever at\u00e9 11 de setembro e as vagas s\u00e3o limitadas","og_url":"https:\/\/jornalvia.com\/piracicaba\/oportunidade\/mutirao-de-laudos-abre-inscricoes-para-pessoas-com-deficiencia-em-piracicaba\/","og_site_name":"Piracicaba","article_published_time":"2026-08-26T10:30:33+00:00","og_image":[{"width":2000,"height":1333,"url":"https:\/\/jornalvia.com\/piracicaba\/wp-content\/uploads\/sites\/2\/2026\/08\/2026-08-25-ID2-001649.webp","type":"image\/webp"}],"author":"Reda\u00e7\u00e3o","twitter_card":"summary_large_image","twitter_misc":{"Escrito por":"Reda\u00e7\u00e3o","Est. tempo de leitura":"2 minutos"},"schema":{"@context":"https:\/\/schema.org","@graph":[{"@type":"Article","@id":"https:\/\/jornalvia.com\/piracicaba\/oportunidade\/mutirao-de-laudos-abre-inscricoes-para-pessoas-com-deficiencia-em-piracicaba\/#article","isPartOf":{"@id":"https:\/\/jornalvia.com\/piracicaba\/oportunidade\/mutirao-de-laudos-abre-inscricoes-para-pessoas-com-deficiencia-em-piracicaba\/"},"author":{"name":"Reda\u00e7\u00e3o","@id":"https:\/\/jornalvia.com\/piracicaba\/#\/schema\/person\/672c24084b8babca7ca8adc9bb83152a"},"headline":"Mutir\u00e3o de Laudos abre inscri\u00e7\u00f5es para pessoas com defici\u00eancia em Piracicaba","datePublished":"2026-08-26T10:30:33+00:00","mainEntityOfPage":{"@id":"https:\/\/jornalvia.com\/piracicaba\/oportunidade\/mutirao-de-laudos-abre-inscricoes-para-pessoas-com-deficiencia-em-piracicaba\/"},"wordCount":366,"publisher":{"@id":"https:\/\/jornalvia.com\/piracicaba\/#organization"},"image":{"@id":"https:\/\/jornalvia.com\/piracicaba\/oportunidade\/mutirao-de-laudos-abre-inscricoes-para-pessoas-com-deficiencia-em-piracicaba\/#primaryimage"},"thumbnailUrl":"https:\/\/jornalvia.com\/piracicaba\/wp-content\/uploads\/sites\/2\/2026\/08\/2026-08-25-ID2-001649.webp","articleSection":["Oportunidade"],"inLanguage":"pt-BR"},{"@type":"WebPage","@id":"https:\/\/jornalvia.com\/piracicaba\/oportunidade\/mutirao-de-laudos-abre-inscricoes-para-pessoas-com-deficiencia-em-piracicaba\/","url":"https:\/\/jornalvia.com\/piracicaba\/oportunidade\/mutirao-de-laudos-abre-inscricoes-para-pessoas-com-deficiencia-em-piracicaba\/","name":"Mutir\u00e3o de Laudos abre inscri\u00e7\u00f5es para pessoas com defici\u00eancia em Piracicaba","isPartOf":{"@id":"https:\/\/jornalvia.com\/piracicaba\/#website"},"primaryImageOfPage":{"@id":"https:\/\/jornalvia.com\/piracicaba\/oportunidade\/mutirao-de-laudos-abre-inscricoes-para-pessoas-com-deficiencia-em-piracicaba\/#primaryimage"},"image":{"@id":"https:\/\/jornalvia.com\/piracicaba\/oportunidade\/mutirao-de-laudos-abre-inscricoes-para-pessoas-com-deficiencia-em-piracicaba\/#primaryimage"},"thumbnailUrl":"https:\/\/jornalvia.com\/piracicaba\/wp-content\/uploads\/sites\/2\/2026\/08\/2026-08-25-ID2-001649.webp","datePublished":"2026-08-26T10:30:33+00:00","breadcrumb":{"@id":"https:\/\/jornalvia.com\/piracicaba\/oportunidade\/mutirao-de-laudos-abre-inscricoes-para-pessoas-com-deficiencia-em-piracicaba\/#breadcrumb"},"inLanguage":"pt-BR","potentialAction":[{"@type":"ReadAction","target":["https:\/\/jornalvia.com\/piracicaba\/oportunidade\/mutirao-de-laudos-abre-inscricoes-para-pessoas-com-deficiencia-em-piracicaba\/"]}]},{"@type":"ImageObject","inLanguage":"pt-BR","@id":"https:\/\/jornalvia.com\/piracicaba\/oportunidade\/mutirao-de-laudos-abre-inscricoes-para-pessoas-com-deficiencia-em-piracicaba\/#primaryimage","url":"https:\/\/jornalvia.com\/piracicaba\/wp-content\/uploads\/sites\/2\/2026\/08\/2026-08-25-ID2-001649.webp","contentUrl":"https:\/\/jornalvia.com\/piracicaba\/wp-content\/uploads\/sites\/2\/2026\/08\/2026-08-25-ID2-001649.webp","width":2000,"height":1333,"caption":"Foto: Divulga\u00e7\u00e3o"},{"@type":"BreadcrumbList","@id":"https:\/\/jornalvia.com\/piracicaba\/oportunidade\/mutirao-de-laudos-abre-inscricoes-para-pessoas-com-deficiencia-em-piracicaba\/#breadcrumb","itemListElement":[{"@type":"ListItem","position":1,"name":"In\u00edcio","item":"https:\/\/jornalvia.com\/piracicaba\/"},{"@type":"ListItem","position":2,"name":"Mutir\u00e3o de Laudos abre inscri\u00e7\u00f5es para pessoas com defici\u00eancia em Piracicaba"}]},{"@type":"WebSite","@id":"https:\/\/jornalvia.com\/piracicaba\/#website","url":"https:\/\/jornalvia.com\/piracicaba\/","name":"Jornal VIA","description":"Seu novo jornal de not\u00edcias em Piracicaba com informa\u00e7\u00f5es locais, do Brasil e do mundo","publisher":{"@id":"https:\/\/jornalvia.com\/piracicaba\/#organization"},"alternateName":"Jornal VIA \u2022 Piracicaba","potentialAction":[{"@type":"SearchAction","target":{"@type":"EntryPoint","urlTemplate":"https:\/\/jornalvia.com\/piracicaba\/?s={search_term_string}"},"query-input":{"@type":"PropertyValueSpecification","valueRequired":true,"valueName":"search_term_string"}}],"inLanguage":"pt-BR"},{"@type":"Organization","@id":"https:\/\/jornalvia.com\/piracicaba\/#organization","name":"Jornal VIA","url":"https:\/\/jornalvia.com\/piracicaba\/","logo":{"@type":"ImageObject","inLanguage":"pt-BR","@id":"https:\/\/jornalvia.com\/piracicaba\/#\/schema\/logo\/image\/","url":"https:\/\/jornalvia.com\/piracicaba\/wp-content\/uploads\/sites\/2\/2025\/09\/cropped-logo_site_5-1.png","contentUrl":"https:\/\/jornalvia.com\/piracicaba\/wp-content\/uploads\/sites\/2\/2025\/09\/cropped-logo_site_5-1.png","width":512,"height":512,"caption":"Jornal VIA"},"image":{"@id":"https:\/\/jornalvia.com\/piracicaba\/#\/schema\/logo\/image\/"}},{"@type":"Person","@id":"https:\/\/jornalvia.com\/piracicaba\/#\/schema\/person\/672c24084b8babca7ca8adc9bb83152a","name":"Reda\u00e7\u00e3o","url":"https:\/\/jornalvia.com\/piracicaba\/author\/jaquelineprates\/"}]}},"_links":{"self":[{"href":"https:\/\/jornalvia.com\/piracicaba\/wp-json\/wp\/v2\/posts\/15165","targetHints":{"allow":["GET"]}}],"collection":[{"href":"https:\/\/jornalvia.com\/piracicaba\/wp-json\/wp\/v2\/posts"}],"about":[{"href":"https:\/\/jornalvia.com\/piracicaba\/wp-json\/wp\/v2\/types\/post"}],"author":[{"embeddable":true,"href":"https:\/\/jornalvia.com\/piracicaba\/wp-json\/wp\/v2\/users\/9"}],"replies":[{"embeddable":true,"href":"https:\/\/jornalvia.com\/piracicaba\/wp-json\/wp\/v2\/comments?post=15165"}],"version-history":[{"count":1,"href":"https:\/\/jornalvia.com\/piracicaba\/wp-json\/wp\/v2\/posts\/15165\/revisions"}],"predecessor-version":[{"id":15167,"href":"https:\/\/jornalvia.com\/piracicaba\/wp-json\/wp\/v2\/posts\/15165\/revisions\/15167"}],"wp:featuredmedia":[{"embeddable":true,"href":"https:\/\/jornalvia.com\/piracicaba\/wp-json\/wp\/v2\/media\/15166"}],"wp:attachment":[{"href":"https:\/\/jornalvia.com\/piracicaba\/wp-json\/wp\/v2\/media?parent=15165"}],"wp:term":[{"taxonomy":"category","embeddable":true,"href":"https:\/\/jornalvia.com\/piracicaba\/wp-json\/wp\/v2\/categories?post=15165"},{"taxonomy":"post_tag","embeddable":true,"href":"https:\/\/jornalvia.com\/piracicaba\/wp-json\/wp\/v2\/tags?post=15165"}],"curies":[{"name":"wp","href":"https:\/\/api.w.org\/{rel}","templated":true}]}}