{"id":15104,"date":"2026-08-22T08:00:10","date_gmt":"2026-08-22T11:00:10","guid":{"rendered":"https:\/\/jornalvia.com\/piracicaba\/?p=15104"},"modified":"2026-08-21T13:14:39","modified_gmt":"2026-08-21T16:14:39","slug":"agenda-pira-35-e-disponibilizada-online-com-diretrizes-para-o-futuro-de-piracicaba","status":"publish","type":"post","link":"https:\/\/jornalvia.com\/piracicaba\/cidade\/agenda-pira-35-e-disponibilizada-online-com-diretrizes-para-o-futuro-de-piracicaba\/","title":{"rendered":"Agenda Pira 35 \u00e9 disponibilizada online com diretrizes para o futuro de Piracicaba"},"content":{"rendered":"<p>A Agenda Pira 35, documento elaborado para orientar o desenvolvimento integrado e sustent\u00e1vel de Piracicaba at\u00e9 2035, j\u00e1 est\u00e1 dispon\u00edvel para consulta na \u00edntegra no site da Prefeitura.<\/p>\n<p>O arquivo re\u00fane diagn\u00f3stico da situa\u00e7\u00e3o atual do munic\u00edpio, al\u00e9m de programas e a\u00e7\u00f5es previstos para 18 eixos tem\u00e1ticos, envolvendo \u00e1reas como educa\u00e7\u00e3o, sa\u00fade, seguran\u00e7a p\u00fablica, desenvolvimento econ\u00f4mico, habita\u00e7\u00e3o, meio ambiente, mobilidade e turismo.<\/p>\n<p>A vers\u00e3o impressa da Agenda foi lan\u00e7ada na \u00faltima ter\u00e7a feira (18), durante evento no Teatro Municipal Dr. Losso Netto. Segundo a Prefeitura, cerca de 300 pessoas participaram da apresenta\u00e7\u00e3o, entre autoridades e representantes da sociedade civil organizada.<\/p>\n<p><strong>Documento foi constru\u00eddo com participa\u00e7\u00e3o da sociedade<\/strong><br \/>\nO processo de elabora\u00e7\u00e3o da Agenda Pira 35 come\u00e7ou em 2025 e contou com oito encontros envolvendo secret\u00e1rios municipais, representantes de entidades, institui\u00e7\u00f5es e organiza\u00e7\u00f5es da sociedade civil.<\/p>\n<p>Os participantes foram divididos em grupos tem\u00e1ticos para avaliar a situa\u00e7\u00e3o atual de Piracicaba e apontar medidas a serem desenvolvidas em curto, m\u00e9dio e longo prazos.<\/p>\n<p>Segundo o prefeito Helinho Zanatta, a inten\u00e7\u00e3o \u00e9 que o documento funcione como planejamento de longo prazo para a cidade e ultrapasse diferentes administra\u00e7\u00f5es municipais.<\/p>\n<blockquote><p>\u201cA Agenda Pira 35 foi feita junto da sociedade, ouvindo o que ela deseja para a nossa cidade no futuro, por isso o documento tem um diagn\u00f3stico da situa\u00e7\u00e3o em que nos encontramos e, claro, os programas e a\u00e7\u00f5es a serem desenvolvidos ao longo do tempo\u201d, afirmou.<\/p><\/blockquote>\n<p>O prefeito acrescentou que a proposta \u00e9 transformar o planejamento em um compromisso permanente do munic\u00edpio. \u201cEla n\u00e3o pertence apenas a um governo. Ela \u00e9 da cidade\u201d, declarou.<\/p>\n<p><strong>Agenda re\u00fane 18 eixos tem\u00e1ticos<\/strong><br \/>\nA Agenda Pira 35 est\u00e1 organizada nas \u00e1reas de Agricultura, Assist\u00eancia Social, Cidadania, Cultura, Desenvolvimento Econ\u00f4mico, Educa\u00e7\u00e3o, Esportes, Fundo Social, Gest\u00e3o P\u00fablica, Habita\u00e7\u00e3o, Meio Ambiente, Obras, Saneamento, Sa\u00fade, Seguran\u00e7a P\u00fablica, Trabalho, Emprego e Renda, Tr\u00e2nsito e Transportes e Turismo.<\/p>\n<p>Durante a elabora\u00e7\u00e3o, o Instituto de Pesquisas e Educa\u00e7\u00e3o Continuada em Economia e Gest\u00e3o de Empresas, Pecege, participou como relator dos encontros.<\/p>\n<p>De acordo com Ricardo Harbs, gestor do instituto, o trabalho buscou organizar as propostas apresentadas pela popula\u00e7\u00e3o e pelos representantes das diferentes \u00e1reas.<\/p>\n<blockquote><p>\u201cO Pecege foi o relator para organizar os anseios da popula\u00e7\u00e3o e apresentar de forma fidedigna o que foi exposto ao longo de todas as reuni\u00f5es dos grupos. Fazemos votos para que estas a\u00e7\u00f5es virem realidade e transcendam o governo\u201d, afirmou.<\/p><\/blockquote>\n<p><strong>Comiss\u00e3o coordenou elabora\u00e7\u00e3o<\/strong><br \/>\nA Comiss\u00e3o Coordenadora da Agenda Pira 35 foi formada por Francisco Duarte, chefe de Gabinete Executivo da Prefeitura, e Clarissa Quiararia, secret\u00e1ria municipal de Turismo, como representantes do poder p\u00fablico.<\/p>\n<p>Sergio Fortuoso e Clovis Vaz participaram como representantes da sociedade civil.<\/p>\n<p>A Secretaria Executiva teve a participa\u00e7\u00e3o de Jos\u00e9 Luiz Ribeiro, secret\u00e1rio municipal de Trabalho, Emprego e Renda; Reinaldo Pousa, secret\u00e1rio executivo de Transportes Internos; e Thais Fornicola Neves, secret\u00e1ria de Desenvolvimento Econ\u00f4mico, Ind\u00fastria e Com\u00e9rcio.<\/p>\n<p>O documento completo pode ser consultado no site oficial da Prefeitura de Piracicaba. Informa\u00e7\u00f5es adicionais tamb\u00e9m podem ser solicitadas pelo email agendapira35@piracicaba.sp.gov.br.<\/p>\n","protected":false},"excerpt":{"rendered":"<p>Documento re\u00fane diagn\u00f3stico, programas e a\u00e7\u00f5es em 18 \u00e1reas e estabelece propostas para o desenvolvimento sustent\u00e1vel do munic\u00edpio at\u00e9 2035<\/p>\n","protected":false},"author":9,"featured_media":15105,"comment_status":"closed","ping_status":"closed","sticky":false,"template":"","format":"standard","meta":{"_acf_changed":false,"footnotes":""},"categories":[3],"tags":[],"class_list":["post-15104","post","type-post","status-publish","format-standard","has-post-thumbnail","hentry","category-cidade"],"acf":[],"yoast_head":"<!-- This site is optimized with the Yoast SEO plugin v27.2 - https:\/\/yoast.com\/product\/yoast-seo-wordpress\/ -->\n<title>Agenda Pira 35 \u00e9 disponibilizada online com diretrizes para o futuro de Piracicaba<\/title>\n<meta name=\"robots\" content=\"index, follow, max-snippet:-1, max-image-preview:large, max-video-preview:-1\" \/>\n<link rel=\"canonical\" href=\"https:\/\/jornalvia.com\/piracicaba\/cidade\/agenda-pira-35-e-disponibilizada-online-com-diretrizes-para-o-futuro-de-piracicaba\/\" \/>\n<meta property=\"og:locale\" content=\"pt_BR\" \/>\n<meta property=\"og:type\" content=\"article\" \/>\n<meta property=\"og:title\" content=\"Agenda Pira 35 \u00e9 disponibilizada online com diretrizes para o futuro de Piracicaba\" \/>\n<meta property=\"og:description\" content=\"Documento re\u00fane diagn\u00f3stico, programas e a\u00e7\u00f5es em 18 \u00e1reas e estabelece propostas para o desenvolvimento sustent\u00e1vel do munic\u00edpio at\u00e9 2035\" \/>\n<meta property=\"og:url\" content=\"https:\/\/jornalvia.com\/piracicaba\/cidade\/agenda-pira-35-e-disponibilizada-online-com-diretrizes-para-o-futuro-de-piracicaba\/\" \/>\n<meta property=\"og:site_name\" content=\"Piracicaba\" \/>\n<meta property=\"article:published_time\" content=\"2026-08-22T11:00:10+00:00\" \/>\n<meta property=\"og:image\" content=\"https:\/\/jornalvia.com\/piracicaba\/wp-content\/uploads\/sites\/2\/2026\/08\/2026-08-21-ID2-001638.webp\" \/>\n\t<meta property=\"og:image:width\" content=\"2000\" \/>\n\t<meta property=\"og:image:height\" content=\"1333\" \/>\n\t<meta property=\"og:image:type\" content=\"image\/webp\" \/>\n<meta name=\"author\" content=\"Reda\u00e7\u00e3o\" \/>\n<meta name=\"twitter:card\" content=\"summary_large_image\" \/>\n<meta name=\"twitter:label1\" content=\"Escrito por\" \/>\n\t<meta name=\"twitter:data1\" content=\"Reda\u00e7\u00e3o\" \/>\n\t<meta name=\"twitter:label2\" content=\"Est. tempo de leitura\" \/>\n\t<meta name=\"twitter:data2\" content=\"3 minutos\" \/>\n<script type=\"application\/ld+json\" class=\"yoast-schema-graph\">{\"@context\":\"https:\/\/schema.org\",\"@graph\":[{\"@type\":\"Article\",\"@id\":\"https:\/\/jornalvia.com\/piracicaba\/cidade\/agenda-pira-35-e-disponibilizada-online-com-diretrizes-para-o-futuro-de-piracicaba\/#article\",\"isPartOf\":{\"@id\":\"https:\/\/jornalvia.com\/piracicaba\/cidade\/agenda-pira-35-e-disponibilizada-online-com-diretrizes-para-o-futuro-de-piracicaba\/\"},\"author\":{\"name\":\"Reda\u00e7\u00e3o\",\"@id\":\"https:\/\/jornalvia.com\/piracicaba\/#\/schema\/person\/672c24084b8babca7ca8adc9bb83152a\"},\"headline\":\"Agenda Pira 35 \u00e9 disponibilizada online com diretrizes para o futuro de Piracicaba\",\"datePublished\":\"2026-08-22T11:00:10+00:00\",\"mainEntityOfPage\":{\"@id\":\"https:\/\/jornalvia.com\/piracicaba\/cidade\/agenda-pira-35-e-disponibilizada-online-com-diretrizes-para-o-futuro-de-piracicaba\/\"},\"wordCount\":562,\"publisher\":{\"@id\":\"https:\/\/jornalvia.com\/piracicaba\/#organization\"},\"image\":{\"@id\":\"https:\/\/jornalvia.com\/piracicaba\/cidade\/agenda-pira-35-e-disponibilizada-online-com-diretrizes-para-o-futuro-de-piracicaba\/#primaryimage\"},\"thumbnailUrl\":\"https:\/\/jornalvia.com\/piracicaba\/wp-content\/uploads\/sites\/2\/2026\/08\/2026-08-21-ID2-001638.webp\",\"articleSection\":[\"Cidade\"],\"inLanguage\":\"pt-BR\"},{\"@type\":\"WebPage\",\"@id\":\"https:\/\/jornalvia.com\/piracicaba\/cidade\/agenda-pira-35-e-disponibilizada-online-com-diretrizes-para-o-futuro-de-piracicaba\/\",\"url\":\"https:\/\/jornalvia.com\/piracicaba\/cidade\/agenda-pira-35-e-disponibilizada-online-com-diretrizes-para-o-futuro-de-piracicaba\/\",\"name\":\"Agenda Pira 35 \u00e9 disponibilizada online com diretrizes para o futuro de Piracicaba\",\"isPartOf\":{\"@id\":\"https:\/\/jornalvia.com\/piracicaba\/#website\"},\"primaryImageOfPage\":{\"@id\":\"https:\/\/jornalvia.com\/piracicaba\/cidade\/agenda-pira-35-e-disponibilizada-online-com-diretrizes-para-o-futuro-de-piracicaba\/#primaryimage\"},\"image\":{\"@id\":\"https:\/\/jornalvia.com\/piracicaba\/cidade\/agenda-pira-35-e-disponibilizada-online-com-diretrizes-para-o-futuro-de-piracicaba\/#primaryimage\"},\"thumbnailUrl\":\"https:\/\/jornalvia.com\/piracicaba\/wp-content\/uploads\/sites\/2\/2026\/08\/2026-08-21-ID2-001638.webp\",\"datePublished\":\"2026-08-22T11:00:10+00:00\",\"breadcrumb\":{\"@id\":\"https:\/\/jornalvia.com\/piracicaba\/cidade\/agenda-pira-35-e-disponibilizada-online-com-diretrizes-para-o-futuro-de-piracicaba\/#breadcrumb\"},\"inLanguage\":\"pt-BR\",\"potentialAction\":[{\"@type\":\"ReadAction\",\"target\":[\"https:\/\/jornalvia.com\/piracicaba\/cidade\/agenda-pira-35-e-disponibilizada-online-com-diretrizes-para-o-futuro-de-piracicaba\/\"]}]},{\"@type\":\"ImageObject\",\"inLanguage\":\"pt-BR\",\"@id\":\"https:\/\/jornalvia.com\/piracicaba\/cidade\/agenda-pira-35-e-disponibilizada-online-com-diretrizes-para-o-futuro-de-piracicaba\/#primaryimage\",\"url\":\"https:\/\/jornalvia.com\/piracicaba\/wp-content\/uploads\/sites\/2\/2026\/08\/2026-08-21-ID2-001638.webp\",\"contentUrl\":\"https:\/\/jornalvia.com\/piracicaba\/wp-content\/uploads\/sites\/2\/2026\/08\/2026-08-21-ID2-001638.webp\",\"width\":2000,\"height\":1333,\"caption\":\"Vers\u00e3o impressa foi lan\u00e7ada em evento na noite da \u00faltima ter\u00e7a-feira, no Teatro Municipal Dr. Losso Netto. Foto: Divulga\u00e7\u00e3o\"},{\"@type\":\"BreadcrumbList\",\"@id\":\"https:\/\/jornalvia.com\/piracicaba\/cidade\/agenda-pira-35-e-disponibilizada-online-com-diretrizes-para-o-futuro-de-piracicaba\/#breadcrumb\",\"itemListElement\":[{\"@type\":\"ListItem\",\"position\":1,\"name\":\"In\u00edcio\",\"item\":\"https:\/\/jornalvia.com\/piracicaba\/\"},{\"@type\":\"ListItem\",\"position\":2,\"name\":\"Agenda Pira 35 \u00e9 disponibilizada online com diretrizes para o futuro de Piracicaba\"}]},{\"@type\":\"WebSite\",\"@id\":\"https:\/\/jornalvia.com\/piracicaba\/#website\",\"url\":\"https:\/\/jornalvia.com\/piracicaba\/\",\"name\":\"Jornal VIA\",\"description\":\"Seu novo jornal de not\u00edcias em Piracicaba com informa\u00e7\u00f5es locais, do Brasil e do mundo\",\"publisher\":{\"@id\":\"https:\/\/jornalvia.com\/piracicaba\/#organization\"},\"alternateName\":\"Jornal VIA \u2022 Piracicaba\",\"potentialAction\":[{\"@type\":\"SearchAction\",\"target\":{\"@type\":\"EntryPoint\",\"urlTemplate\":\"https:\/\/jornalvia.com\/piracicaba\/?s={search_term_string}\"},\"query-input\":{\"@type\":\"PropertyValueSpecification\",\"valueRequired\":true,\"valueName\":\"search_term_string\"}}],\"inLanguage\":\"pt-BR\"},{\"@type\":\"Organization\",\"@id\":\"https:\/\/jornalvia.com\/piracicaba\/#organization\",\"name\":\"Jornal VIA\",\"url\":\"https:\/\/jornalvia.com\/piracicaba\/\",\"logo\":{\"@type\":\"ImageObject\",\"inLanguage\":\"pt-BR\",\"@id\":\"https:\/\/jornalvia.com\/piracicaba\/#\/schema\/logo\/image\/\",\"url\":\"https:\/\/jornalvia.com\/piracicaba\/wp-content\/uploads\/sites\/2\/2025\/09\/cropped-logo_site_5-1.png\",\"contentUrl\":\"https:\/\/jornalvia.com\/piracicaba\/wp-content\/uploads\/sites\/2\/2025\/09\/cropped-logo_site_5-1.png\",\"width\":512,\"height\":512,\"caption\":\"Jornal VIA\"},\"image\":{\"@id\":\"https:\/\/jornalvia.com\/piracicaba\/#\/schema\/logo\/image\/\"}},{\"@type\":\"Person\",\"@id\":\"https:\/\/jornalvia.com\/piracicaba\/#\/schema\/person\/672c24084b8babca7ca8adc9bb83152a\",\"name\":\"Reda\u00e7\u00e3o\",\"url\":\"https:\/\/jornalvia.com\/piracicaba\/author\/jaquelineprates\/\"}]}<\/script>\n<!-- \/ Yoast SEO plugin. -->","yoast_head_json":{"title":"Agenda Pira 35 \u00e9 disponibilizada online com diretrizes para o futuro de Piracicaba","robots":{"index":"index","follow":"follow","max-snippet":"max-snippet:-1","max-image-preview":"max-image-preview:large","max-video-preview":"max-video-preview:-1"},"canonical":"https:\/\/jornalvia.com\/piracicaba\/cidade\/agenda-pira-35-e-disponibilizada-online-com-diretrizes-para-o-futuro-de-piracicaba\/","og_locale":"pt_BR","og_type":"article","og_title":"Agenda Pira 35 \u00e9 disponibilizada online com diretrizes para o futuro de Piracicaba","og_description":"Documento re\u00fane diagn\u00f3stico, programas e a\u00e7\u00f5es em 18 \u00e1reas e estabelece propostas para o desenvolvimento sustent\u00e1vel do munic\u00edpio at\u00e9 2035","og_url":"https:\/\/jornalvia.com\/piracicaba\/cidade\/agenda-pira-35-e-disponibilizada-online-com-diretrizes-para-o-futuro-de-piracicaba\/","og_site_name":"Piracicaba","article_published_time":"2026-08-22T11:00:10+00:00","og_image":[{"width":2000,"height":1333,"url":"https:\/\/jornalvia.com\/piracicaba\/wp-content\/uploads\/sites\/2\/2026\/08\/2026-08-21-ID2-001638.webp","type":"image\/webp"}],"author":"Reda\u00e7\u00e3o","twitter_card":"summary_large_image","twitter_misc":{"Escrito por":"Reda\u00e7\u00e3o","Est. tempo de leitura":"3 minutos"},"schema":{"@context":"https:\/\/schema.org","@graph":[{"@type":"Article","@id":"https:\/\/jornalvia.com\/piracicaba\/cidade\/agenda-pira-35-e-disponibilizada-online-com-diretrizes-para-o-futuro-de-piracicaba\/#article","isPartOf":{"@id":"https:\/\/jornalvia.com\/piracicaba\/cidade\/agenda-pira-35-e-disponibilizada-online-com-diretrizes-para-o-futuro-de-piracicaba\/"},"author":{"name":"Reda\u00e7\u00e3o","@id":"https:\/\/jornalvia.com\/piracicaba\/#\/schema\/person\/672c24084b8babca7ca8adc9bb83152a"},"headline":"Agenda Pira 35 \u00e9 disponibilizada online com diretrizes para o futuro de Piracicaba","datePublished":"2026-08-22T11:00:10+00:00","mainEntityOfPage":{"@id":"https:\/\/jornalvia.com\/piracicaba\/cidade\/agenda-pira-35-e-disponibilizada-online-com-diretrizes-para-o-futuro-de-piracicaba\/"},"wordCount":562,"publisher":{"@id":"https:\/\/jornalvia.com\/piracicaba\/#organization"},"image":{"@id":"https:\/\/jornalvia.com\/piracicaba\/cidade\/agenda-pira-35-e-disponibilizada-online-com-diretrizes-para-o-futuro-de-piracicaba\/#primaryimage"},"thumbnailUrl":"https:\/\/jornalvia.com\/piracicaba\/wp-content\/uploads\/sites\/2\/2026\/08\/2026-08-21-ID2-001638.webp","articleSection":["Cidade"],"inLanguage":"pt-BR"},{"@type":"WebPage","@id":"https:\/\/jornalvia.com\/piracicaba\/cidade\/agenda-pira-35-e-disponibilizada-online-com-diretrizes-para-o-futuro-de-piracicaba\/","url":"https:\/\/jornalvia.com\/piracicaba\/cidade\/agenda-pira-35-e-disponibilizada-online-com-diretrizes-para-o-futuro-de-piracicaba\/","name":"Agenda Pira 35 \u00e9 disponibilizada online com diretrizes para o futuro de Piracicaba","isPartOf":{"@id":"https:\/\/jornalvia.com\/piracicaba\/#website"},"primaryImageOfPage":{"@id":"https:\/\/jornalvia.com\/piracicaba\/cidade\/agenda-pira-35-e-disponibilizada-online-com-diretrizes-para-o-futuro-de-piracicaba\/#primaryimage"},"image":{"@id":"https:\/\/jornalvia.com\/piracicaba\/cidade\/agenda-pira-35-e-disponibilizada-online-com-diretrizes-para-o-futuro-de-piracicaba\/#primaryimage"},"thumbnailUrl":"https:\/\/jornalvia.com\/piracicaba\/wp-content\/uploads\/sites\/2\/2026\/08\/2026-08-21-ID2-001638.webp","datePublished":"2026-08-22T11:00:10+00:00","breadcrumb":{"@id":"https:\/\/jornalvia.com\/piracicaba\/cidade\/agenda-pira-35-e-disponibilizada-online-com-diretrizes-para-o-futuro-de-piracicaba\/#breadcrumb"},"inLanguage":"pt-BR","potentialAction":[{"@type":"ReadAction","target":["https:\/\/jornalvia.com\/piracicaba\/cidade\/agenda-pira-35-e-disponibilizada-online-com-diretrizes-para-o-futuro-de-piracicaba\/"]}]},{"@type":"ImageObject","inLanguage":"pt-BR","@id":"https:\/\/jornalvia.com\/piracicaba\/cidade\/agenda-pira-35-e-disponibilizada-online-com-diretrizes-para-o-futuro-de-piracicaba\/#primaryimage","url":"https:\/\/jornalvia.com\/piracicaba\/wp-content\/uploads\/sites\/2\/2026\/08\/2026-08-21-ID2-001638.webp","contentUrl":"https:\/\/jornalvia.com\/piracicaba\/wp-content\/uploads\/sites\/2\/2026\/08\/2026-08-21-ID2-001638.webp","width":2000,"height":1333,"caption":"Vers\u00e3o impressa foi lan\u00e7ada em evento na noite da \u00faltima ter\u00e7a-feira, no Teatro Municipal Dr. Losso Netto. Foto: Divulga\u00e7\u00e3o"},{"@type":"BreadcrumbList","@id":"https:\/\/jornalvia.com\/piracicaba\/cidade\/agenda-pira-35-e-disponibilizada-online-com-diretrizes-para-o-futuro-de-piracicaba\/#breadcrumb","itemListElement":[{"@type":"ListItem","position":1,"name":"In\u00edcio","item":"https:\/\/jornalvia.com\/piracicaba\/"},{"@type":"ListItem","position":2,"name":"Agenda Pira 35 \u00e9 disponibilizada online com diretrizes para o futuro de Piracicaba"}]},{"@type":"WebSite","@id":"https:\/\/jornalvia.com\/piracicaba\/#website","url":"https:\/\/jornalvia.com\/piracicaba\/","name":"Jornal VIA","description":"Seu novo jornal de not\u00edcias em Piracicaba com informa\u00e7\u00f5es locais, do Brasil e do mundo","publisher":{"@id":"https:\/\/jornalvia.com\/piracicaba\/#organization"},"alternateName":"Jornal VIA \u2022 Piracicaba","potentialAction":[{"@type":"SearchAction","target":{"@type":"EntryPoint","urlTemplate":"https:\/\/jornalvia.com\/piracicaba\/?s={search_term_string}"},"query-input":{"@type":"PropertyValueSpecification","valueRequired":true,"valueName":"search_term_string"}}],"inLanguage":"pt-BR"},{"@type":"Organization","@id":"https:\/\/jornalvia.com\/piracicaba\/#organization","name":"Jornal VIA","url":"https:\/\/jornalvia.com\/piracicaba\/","logo":{"@type":"ImageObject","inLanguage":"pt-BR","@id":"https:\/\/jornalvia.com\/piracicaba\/#\/schema\/logo\/image\/","url":"https:\/\/jornalvia.com\/piracicaba\/wp-content\/uploads\/sites\/2\/2025\/09\/cropped-logo_site_5-1.png","contentUrl":"https:\/\/jornalvia.com\/piracicaba\/wp-content\/uploads\/sites\/2\/2025\/09\/cropped-logo_site_5-1.png","width":512,"height":512,"caption":"Jornal VIA"},"image":{"@id":"https:\/\/jornalvia.com\/piracicaba\/#\/schema\/logo\/image\/"}},{"@type":"Person","@id":"https:\/\/jornalvia.com\/piracicaba\/#\/schema\/person\/672c24084b8babca7ca8adc9bb83152a","name":"Reda\u00e7\u00e3o","url":"https:\/\/jornalvia.com\/piracicaba\/author\/jaquelineprates\/"}]}},"_links":{"self":[{"href":"https:\/\/jornalvia.com\/piracicaba\/wp-json\/wp\/v2\/posts\/15104","targetHints":{"allow":["GET"]}}],"collection":[{"href":"https:\/\/jornalvia.com\/piracicaba\/wp-json\/wp\/v2\/posts"}],"about":[{"href":"https:\/\/jornalvia.com\/piracicaba\/wp-json\/wp\/v2\/types\/post"}],"author":[{"embeddable":true,"href":"https:\/\/jornalvia.com\/piracicaba\/wp-json\/wp\/v2\/users\/9"}],"replies":[{"embeddable":true,"href":"https:\/\/jornalvia.com\/piracicaba\/wp-json\/wp\/v2\/comments?post=15104"}],"version-history":[{"count":1,"href":"https:\/\/jornalvia.com\/piracicaba\/wp-json\/wp\/v2\/posts\/15104\/revisions"}],"predecessor-version":[{"id":15106,"href":"https:\/\/jornalvia.com\/piracicaba\/wp-json\/wp\/v2\/posts\/15104\/revisions\/15106"}],"wp:featuredmedia":[{"embeddable":true,"href":"https:\/\/jornalvia.com\/piracicaba\/wp-json\/wp\/v2\/media\/15105"}],"wp:attachment":[{"href":"https:\/\/jornalvia.com\/piracicaba\/wp-json\/wp\/v2\/media?parent=15104"}],"wp:term":[{"taxonomy":"category","embeddable":true,"href":"https:\/\/jornalvia.com\/piracicaba\/wp-json\/wp\/v2\/categories?post=15104"},{"taxonomy":"post_tag","embeddable":true,"href":"https:\/\/jornalvia.com\/piracicaba\/wp-json\/wp\/v2\/tags?post=15104"}],"curies":[{"name":"wp","href":"https:\/\/api.w.org\/{rel}","templated":true}]}}