{"id":14890,"date":"2026-08-12T07:18:42","date_gmt":"2026-08-12T10:18:42","guid":{"rendered":"https:\/\/jornalvia.com\/piracicaba\/?p=14890"},"modified":"2026-08-12T07:18:42","modified_gmt":"2026-08-12T10:18:42","slug":"comerciantes-de-piracicaba-podem-se-inscrever-para-participar-do-sabores-na-rua","status":"publish","type":"post","link":"https:\/\/jornalvia.com\/piracicaba\/oportunidade\/comerciantes-de-piracicaba-podem-se-inscrever-para-participar-do-sabores-na-rua\/","title":{"rendered":"Comerciantes de Piracicaba podem se inscrever para participar do Sabores na Rua"},"content":{"rendered":"<p>A Prefeitura de Piracicaba abriu inscri\u00e7\u00f5es para comerciantes de rua interessados em participar da pr\u00f3xima edi\u00e7\u00e3o do Sabores na Rua, marcada para o dia 31 de agosto, das 10h \u00e0s 15h, na rampa do Centro C\u00edvico, na rua Ant\u00f4nio Corr\u00eaa Barbosa, 2.233.<\/p>\n<p>Promovido pela Secretaria Municipal de Trabalho, Emprego e Renda, o evento ter\u00e1 edi\u00e7\u00e3o especial em comemora\u00e7\u00e3o aos 259 anos de Piracicaba, celebrados em 1\u00ba de agosto.<\/p>\n<p>Podem participar do processo de sele\u00e7\u00e3o comerciantes que atuam com trailers, food trucks, carrinhos e bikes de alimentos e bebidas n\u00e3o alco\u00f3licas.<\/p>\n<p><strong>Inscri\u00e7\u00f5es terminam nesta quinta feira<\/strong><br \/>\nOs interessados t\u00eam at\u00e9 as 14h de quinta feira (13) para realizar a inscri\u00e7\u00e3o, exclusivamente por meio do formul\u00e1rio disponibilizado pela Prefeitura.<\/p>\n<p>Ap\u00f3s a aprova\u00e7\u00e3o, ser\u00e1 emitida uma taxa de participa\u00e7\u00e3o. O valor ser\u00e1 de R$ 200 para trailers e food trucks e de R$ 100 para carrinhos e bikes.<\/p>\n<p>A sele\u00e7\u00e3o dos participantes levar\u00e1 em considera\u00e7\u00e3o crit\u00e9rios como documenta\u00e7\u00e3o, estado de conserva\u00e7\u00e3o dos equipamentos, variedade dos produtos oferecidos e adequa\u00e7\u00e3o dos pre\u00e7os.<\/p>\n<p>Tamb\u00e9m \u00e9 obrigat\u00f3rio que os comerciantes sejam estabelecidos em Piracicaba. Conforme as regras divulgadas, ter\u00e3o prioridade aqueles que j\u00e1 possuem autoriza\u00e7\u00e3o do setor de Economia Informal.<\/p>\n<p><strong>Sabores na Rua integra anivers\u00e1rio de Piracicaba<\/strong><br \/>\nA edi\u00e7\u00e3o de agosto integra a programa\u00e7\u00e3o comemorativa dos 259 anos do munic\u00edpio, que re\u00fane atividades em diferentes regi\u00f5es da cidade ao longo do m\u00eas.<\/p>\n<p>A programa\u00e7\u00e3o completa das comemora\u00e7\u00f5es est\u00e1 dispon\u00edvel no portal da Prefeitura de Piracicaba.<\/p>\n<p><strong>Como se inscrever<\/strong><br \/>\nEvento: Sabores na Rua<br \/>\nData: 31 de agosto de 2026<br \/>\nHor\u00e1rio: das 10h \u00e0s 15h<br \/>\nLocal: rampa do Centro C\u00edvico<br \/>\nEndere\u00e7o: rua Ant\u00f4nio Corr\u00eaa Barbosa, 2.233, Piracicaba<br \/>\nPrazo para inscri\u00e7\u00e3o: at\u00e9 as 14h de 13 de agosto<br \/>\nInscri\u00e7\u00e3o: <a href=\"https:\/\/forms.gle\/tRapWyXJfxG7Z4EGA\">https:\/\/forms.gle\/tRapWyXJfxG7Z4EGA<\/a><br \/>\nTaxa ap\u00f3s aprova\u00e7\u00e3o: R$ 200 para trailers e food trucks; R$ 100 para carrinhos e bikes<\/p>\n<p>Mais informa\u00e7\u00f5es e as regras do processo podem ser consultadas no Di\u00e1rio Oficial do Munic\u00edpio.<\/p>\n","protected":false},"excerpt":{"rendered":"<p>Edi\u00e7\u00e3o comemorativa ser\u00e1 realizada em 31 de agosto, no Centro C\u00edvico; inscri\u00e7\u00f5es seguem at\u00e9 as 14h desta quinta feira (13)<\/p>\n","protected":false},"author":9,"featured_media":14891,"comment_status":"closed","ping_status":"closed","sticky":false,"template":"","format":"standard","meta":{"_acf_changed":false,"footnotes":""},"categories":[82],"tags":[],"class_list":["post-14890","post","type-post","status-publish","format-standard","has-post-thumbnail","hentry","category-oportunidade"],"acf":[],"yoast_head":"<!-- This site is optimized with the Yoast SEO plugin v27.2 - https:\/\/yoast.com\/product\/yoast-seo-wordpress\/ -->\n<title>Comerciantes de Piracicaba podem se inscrever para participar do Sabores na Rua<\/title>\n<meta name=\"robots\" content=\"index, follow, max-snippet:-1, max-image-preview:large, max-video-preview:-1\" \/>\n<link rel=\"canonical\" href=\"https:\/\/jornalvia.com\/piracicaba\/oportunidade\/comerciantes-de-piracicaba-podem-se-inscrever-para-participar-do-sabores-na-rua\/\" \/>\n<meta property=\"og:locale\" content=\"pt_BR\" \/>\n<meta property=\"og:type\" content=\"article\" \/>\n<meta property=\"og:title\" content=\"Comerciantes de Piracicaba podem se inscrever para participar do Sabores na Rua\" \/>\n<meta property=\"og:description\" content=\"Edi\u00e7\u00e3o comemorativa ser\u00e1 realizada em 31 de agosto, no Centro C\u00edvico; inscri\u00e7\u00f5es seguem at\u00e9 as 14h desta quinta feira (13)\" \/>\n<meta property=\"og:url\" content=\"https:\/\/jornalvia.com\/piracicaba\/oportunidade\/comerciantes-de-piracicaba-podem-se-inscrever-para-participar-do-sabores-na-rua\/\" \/>\n<meta property=\"og:site_name\" content=\"Piracicaba\" \/>\n<meta property=\"article:published_time\" content=\"2026-08-12T10:18:42+00:00\" \/>\n<meta property=\"og:image\" content=\"https:\/\/jornalvia.com\/piracicaba\/wp-content\/uploads\/sites\/2\/2026\/08\/2026-08-12-ID2-001591.webp\" \/>\n\t<meta property=\"og:image:width\" content=\"1280\" \/>\n\t<meta property=\"og:image:height\" content=\"917\" \/>\n\t<meta property=\"og:image:type\" content=\"image\/webp\" \/>\n<meta name=\"author\" content=\"Reda\u00e7\u00e3o\" \/>\n<meta name=\"twitter:card\" content=\"summary_large_image\" \/>\n<meta name=\"twitter:label1\" content=\"Escrito por\" \/>\n\t<meta name=\"twitter:data1\" content=\"Reda\u00e7\u00e3o\" \/>\n\t<meta name=\"twitter:label2\" content=\"Est. tempo de leitura\" \/>\n\t<meta name=\"twitter:data2\" content=\"2 minutos\" \/>\n<script type=\"application\/ld+json\" class=\"yoast-schema-graph\">{\"@context\":\"https:\/\/schema.org\",\"@graph\":[{\"@type\":\"Article\",\"@id\":\"https:\/\/jornalvia.com\/piracicaba\/oportunidade\/comerciantes-de-piracicaba-podem-se-inscrever-para-participar-do-sabores-na-rua\/#article\",\"isPartOf\":{\"@id\":\"https:\/\/jornalvia.com\/piracicaba\/oportunidade\/comerciantes-de-piracicaba-podem-se-inscrever-para-participar-do-sabores-na-rua\/\"},\"author\":{\"name\":\"Reda\u00e7\u00e3o\",\"@id\":\"https:\/\/jornalvia.com\/piracicaba\/#\/schema\/person\/672c24084b8babca7ca8adc9bb83152a\"},\"headline\":\"Comerciantes de Piracicaba podem se inscrever para participar do Sabores na Rua\",\"datePublished\":\"2026-08-12T10:18:42+00:00\",\"mainEntityOfPage\":{\"@id\":\"https:\/\/jornalvia.com\/piracicaba\/oportunidade\/comerciantes-de-piracicaba-podem-se-inscrever-para-participar-do-sabores-na-rua\/\"},\"wordCount\":365,\"publisher\":{\"@id\":\"https:\/\/jornalvia.com\/piracicaba\/#organization\"},\"image\":{\"@id\":\"https:\/\/jornalvia.com\/piracicaba\/oportunidade\/comerciantes-de-piracicaba-podem-se-inscrever-para-participar-do-sabores-na-rua\/#primaryimage\"},\"thumbnailUrl\":\"https:\/\/jornalvia.com\/piracicaba\/wp-content\/uploads\/sites\/2\/2026\/08\/2026-08-12-ID2-001591.webp\",\"articleSection\":[\"Oportunidade\"],\"inLanguage\":\"pt-BR\"},{\"@type\":\"WebPage\",\"@id\":\"https:\/\/jornalvia.com\/piracicaba\/oportunidade\/comerciantes-de-piracicaba-podem-se-inscrever-para-participar-do-sabores-na-rua\/\",\"url\":\"https:\/\/jornalvia.com\/piracicaba\/oportunidade\/comerciantes-de-piracicaba-podem-se-inscrever-para-participar-do-sabores-na-rua\/\",\"name\":\"Comerciantes de Piracicaba podem se inscrever para participar do Sabores na Rua\",\"isPartOf\":{\"@id\":\"https:\/\/jornalvia.com\/piracicaba\/#website\"},\"primaryImageOfPage\":{\"@id\":\"https:\/\/jornalvia.com\/piracicaba\/oportunidade\/comerciantes-de-piracicaba-podem-se-inscrever-para-participar-do-sabores-na-rua\/#primaryimage\"},\"image\":{\"@id\":\"https:\/\/jornalvia.com\/piracicaba\/oportunidade\/comerciantes-de-piracicaba-podem-se-inscrever-para-participar-do-sabores-na-rua\/#primaryimage\"},\"thumbnailUrl\":\"https:\/\/jornalvia.com\/piracicaba\/wp-content\/uploads\/sites\/2\/2026\/08\/2026-08-12-ID2-001591.webp\",\"datePublished\":\"2026-08-12T10:18:42+00:00\",\"breadcrumb\":{\"@id\":\"https:\/\/jornalvia.com\/piracicaba\/oportunidade\/comerciantes-de-piracicaba-podem-se-inscrever-para-participar-do-sabores-na-rua\/#breadcrumb\"},\"inLanguage\":\"pt-BR\",\"potentialAction\":[{\"@type\":\"ReadAction\",\"target\":[\"https:\/\/jornalvia.com\/piracicaba\/oportunidade\/comerciantes-de-piracicaba-podem-se-inscrever-para-participar-do-sabores-na-rua\/\"]}]},{\"@type\":\"ImageObject\",\"inLanguage\":\"pt-BR\",\"@id\":\"https:\/\/jornalvia.com\/piracicaba\/oportunidade\/comerciantes-de-piracicaba-podem-se-inscrever-para-participar-do-sabores-na-rua\/#primaryimage\",\"url\":\"https:\/\/jornalvia.com\/piracicaba\/wp-content\/uploads\/sites\/2\/2026\/08\/2026-08-12-ID2-001591.webp\",\"contentUrl\":\"https:\/\/jornalvia.com\/piracicaba\/wp-content\/uploads\/sites\/2\/2026\/08\/2026-08-12-ID2-001591.webp\",\"width\":1280,\"height\":917,\"caption\":\"Foto: Divulga\u00e7\u00e3o\"},{\"@type\":\"BreadcrumbList\",\"@id\":\"https:\/\/jornalvia.com\/piracicaba\/oportunidade\/comerciantes-de-piracicaba-podem-se-inscrever-para-participar-do-sabores-na-rua\/#breadcrumb\",\"itemListElement\":[{\"@type\":\"ListItem\",\"position\":1,\"name\":\"In\u00edcio\",\"item\":\"https:\/\/jornalvia.com\/piracicaba\/\"},{\"@type\":\"ListItem\",\"position\":2,\"name\":\"Comerciantes de Piracicaba podem se inscrever para participar do Sabores na Rua\"}]},{\"@type\":\"WebSite\",\"@id\":\"https:\/\/jornalvia.com\/piracicaba\/#website\",\"url\":\"https:\/\/jornalvia.com\/piracicaba\/\",\"name\":\"Jornal VIA\",\"description\":\"Seu novo jornal de not\u00edcias em Piracicaba com informa\u00e7\u00f5es locais, do Brasil e do mundo\",\"publisher\":{\"@id\":\"https:\/\/jornalvia.com\/piracicaba\/#organization\"},\"alternateName\":\"Jornal VIA \u2022 Piracicaba\",\"potentialAction\":[{\"@type\":\"SearchAction\",\"target\":{\"@type\":\"EntryPoint\",\"urlTemplate\":\"https:\/\/jornalvia.com\/piracicaba\/?s={search_term_string}\"},\"query-input\":{\"@type\":\"PropertyValueSpecification\",\"valueRequired\":true,\"valueName\":\"search_term_string\"}}],\"inLanguage\":\"pt-BR\"},{\"@type\":\"Organization\",\"@id\":\"https:\/\/jornalvia.com\/piracicaba\/#organization\",\"name\":\"Jornal VIA\",\"url\":\"https:\/\/jornalvia.com\/piracicaba\/\",\"logo\":{\"@type\":\"ImageObject\",\"inLanguage\":\"pt-BR\",\"@id\":\"https:\/\/jornalvia.com\/piracicaba\/#\/schema\/logo\/image\/\",\"url\":\"https:\/\/jornalvia.com\/piracicaba\/wp-content\/uploads\/sites\/2\/2025\/09\/cropped-logo_site_5-1.png\",\"contentUrl\":\"https:\/\/jornalvia.com\/piracicaba\/wp-content\/uploads\/sites\/2\/2025\/09\/cropped-logo_site_5-1.png\",\"width\":512,\"height\":512,\"caption\":\"Jornal VIA\"},\"image\":{\"@id\":\"https:\/\/jornalvia.com\/piracicaba\/#\/schema\/logo\/image\/\"}},{\"@type\":\"Person\",\"@id\":\"https:\/\/jornalvia.com\/piracicaba\/#\/schema\/person\/672c24084b8babca7ca8adc9bb83152a\",\"name\":\"Reda\u00e7\u00e3o\",\"url\":\"https:\/\/jornalvia.com\/piracicaba\/author\/jaquelineprates\/\"}]}<\/script>\n<!-- \/ Yoast SEO plugin. -->","yoast_head_json":{"title":"Comerciantes de Piracicaba podem se inscrever para participar do Sabores na Rua","robots":{"index":"index","follow":"follow","max-snippet":"max-snippet:-1","max-image-preview":"max-image-preview:large","max-video-preview":"max-video-preview:-1"},"canonical":"https:\/\/jornalvia.com\/piracicaba\/oportunidade\/comerciantes-de-piracicaba-podem-se-inscrever-para-participar-do-sabores-na-rua\/","og_locale":"pt_BR","og_type":"article","og_title":"Comerciantes de Piracicaba podem se inscrever para participar do Sabores na Rua","og_description":"Edi\u00e7\u00e3o comemorativa ser\u00e1 realizada em 31 de agosto, no Centro C\u00edvico; inscri\u00e7\u00f5es seguem at\u00e9 as 14h desta quinta feira (13)","og_url":"https:\/\/jornalvia.com\/piracicaba\/oportunidade\/comerciantes-de-piracicaba-podem-se-inscrever-para-participar-do-sabores-na-rua\/","og_site_name":"Piracicaba","article_published_time":"2026-08-12T10:18:42+00:00","og_image":[{"width":1280,"height":917,"url":"https:\/\/jornalvia.com\/piracicaba\/wp-content\/uploads\/sites\/2\/2026\/08\/2026-08-12-ID2-001591.webp","type":"image\/webp"}],"author":"Reda\u00e7\u00e3o","twitter_card":"summary_large_image","twitter_misc":{"Escrito por":"Reda\u00e7\u00e3o","Est. tempo de leitura":"2 minutos"},"schema":{"@context":"https:\/\/schema.org","@graph":[{"@type":"Article","@id":"https:\/\/jornalvia.com\/piracicaba\/oportunidade\/comerciantes-de-piracicaba-podem-se-inscrever-para-participar-do-sabores-na-rua\/#article","isPartOf":{"@id":"https:\/\/jornalvia.com\/piracicaba\/oportunidade\/comerciantes-de-piracicaba-podem-se-inscrever-para-participar-do-sabores-na-rua\/"},"author":{"name":"Reda\u00e7\u00e3o","@id":"https:\/\/jornalvia.com\/piracicaba\/#\/schema\/person\/672c24084b8babca7ca8adc9bb83152a"},"headline":"Comerciantes de Piracicaba podem se inscrever para participar do Sabores na Rua","datePublished":"2026-08-12T10:18:42+00:00","mainEntityOfPage":{"@id":"https:\/\/jornalvia.com\/piracicaba\/oportunidade\/comerciantes-de-piracicaba-podem-se-inscrever-para-participar-do-sabores-na-rua\/"},"wordCount":365,"publisher":{"@id":"https:\/\/jornalvia.com\/piracicaba\/#organization"},"image":{"@id":"https:\/\/jornalvia.com\/piracicaba\/oportunidade\/comerciantes-de-piracicaba-podem-se-inscrever-para-participar-do-sabores-na-rua\/#primaryimage"},"thumbnailUrl":"https:\/\/jornalvia.com\/piracicaba\/wp-content\/uploads\/sites\/2\/2026\/08\/2026-08-12-ID2-001591.webp","articleSection":["Oportunidade"],"inLanguage":"pt-BR"},{"@type":"WebPage","@id":"https:\/\/jornalvia.com\/piracicaba\/oportunidade\/comerciantes-de-piracicaba-podem-se-inscrever-para-participar-do-sabores-na-rua\/","url":"https:\/\/jornalvia.com\/piracicaba\/oportunidade\/comerciantes-de-piracicaba-podem-se-inscrever-para-participar-do-sabores-na-rua\/","name":"Comerciantes de Piracicaba podem se inscrever para participar do Sabores na Rua","isPartOf":{"@id":"https:\/\/jornalvia.com\/piracicaba\/#website"},"primaryImageOfPage":{"@id":"https:\/\/jornalvia.com\/piracicaba\/oportunidade\/comerciantes-de-piracicaba-podem-se-inscrever-para-participar-do-sabores-na-rua\/#primaryimage"},"image":{"@id":"https:\/\/jornalvia.com\/piracicaba\/oportunidade\/comerciantes-de-piracicaba-podem-se-inscrever-para-participar-do-sabores-na-rua\/#primaryimage"},"thumbnailUrl":"https:\/\/jornalvia.com\/piracicaba\/wp-content\/uploads\/sites\/2\/2026\/08\/2026-08-12-ID2-001591.webp","datePublished":"2026-08-12T10:18:42+00:00","breadcrumb":{"@id":"https:\/\/jornalvia.com\/piracicaba\/oportunidade\/comerciantes-de-piracicaba-podem-se-inscrever-para-participar-do-sabores-na-rua\/#breadcrumb"},"inLanguage":"pt-BR","potentialAction":[{"@type":"ReadAction","target":["https:\/\/jornalvia.com\/piracicaba\/oportunidade\/comerciantes-de-piracicaba-podem-se-inscrever-para-participar-do-sabores-na-rua\/"]}]},{"@type":"ImageObject","inLanguage":"pt-BR","@id":"https:\/\/jornalvia.com\/piracicaba\/oportunidade\/comerciantes-de-piracicaba-podem-se-inscrever-para-participar-do-sabores-na-rua\/#primaryimage","url":"https:\/\/jornalvia.com\/piracicaba\/wp-content\/uploads\/sites\/2\/2026\/08\/2026-08-12-ID2-001591.webp","contentUrl":"https:\/\/jornalvia.com\/piracicaba\/wp-content\/uploads\/sites\/2\/2026\/08\/2026-08-12-ID2-001591.webp","width":1280,"height":917,"caption":"Foto: Divulga\u00e7\u00e3o"},{"@type":"BreadcrumbList","@id":"https:\/\/jornalvia.com\/piracicaba\/oportunidade\/comerciantes-de-piracicaba-podem-se-inscrever-para-participar-do-sabores-na-rua\/#breadcrumb","itemListElement":[{"@type":"ListItem","position":1,"name":"In\u00edcio","item":"https:\/\/jornalvia.com\/piracicaba\/"},{"@type":"ListItem","position":2,"name":"Comerciantes de Piracicaba podem se inscrever para participar do Sabores na Rua"}]},{"@type":"WebSite","@id":"https:\/\/jornalvia.com\/piracicaba\/#website","url":"https:\/\/jornalvia.com\/piracicaba\/","name":"Jornal VIA","description":"Seu novo jornal de not\u00edcias em Piracicaba com informa\u00e7\u00f5es locais, do Brasil e do mundo","publisher":{"@id":"https:\/\/jornalvia.com\/piracicaba\/#organization"},"alternateName":"Jornal VIA \u2022 Piracicaba","potentialAction":[{"@type":"SearchAction","target":{"@type":"EntryPoint","urlTemplate":"https:\/\/jornalvia.com\/piracicaba\/?s={search_term_string}"},"query-input":{"@type":"PropertyValueSpecification","valueRequired":true,"valueName":"search_term_string"}}],"inLanguage":"pt-BR"},{"@type":"Organization","@id":"https:\/\/jornalvia.com\/piracicaba\/#organization","name":"Jornal VIA","url":"https:\/\/jornalvia.com\/piracicaba\/","logo":{"@type":"ImageObject","inLanguage":"pt-BR","@id":"https:\/\/jornalvia.com\/piracicaba\/#\/schema\/logo\/image\/","url":"https:\/\/jornalvia.com\/piracicaba\/wp-content\/uploads\/sites\/2\/2025\/09\/cropped-logo_site_5-1.png","contentUrl":"https:\/\/jornalvia.com\/piracicaba\/wp-content\/uploads\/sites\/2\/2025\/09\/cropped-logo_site_5-1.png","width":512,"height":512,"caption":"Jornal VIA"},"image":{"@id":"https:\/\/jornalvia.com\/piracicaba\/#\/schema\/logo\/image\/"}},{"@type":"Person","@id":"https:\/\/jornalvia.com\/piracicaba\/#\/schema\/person\/672c24084b8babca7ca8adc9bb83152a","name":"Reda\u00e7\u00e3o","url":"https:\/\/jornalvia.com\/piracicaba\/author\/jaquelineprates\/"}]}},"_links":{"self":[{"href":"https:\/\/jornalvia.com\/piracicaba\/wp-json\/wp\/v2\/posts\/14890","targetHints":{"allow":["GET"]}}],"collection":[{"href":"https:\/\/jornalvia.com\/piracicaba\/wp-json\/wp\/v2\/posts"}],"about":[{"href":"https:\/\/jornalvia.com\/piracicaba\/wp-json\/wp\/v2\/types\/post"}],"author":[{"embeddable":true,"href":"https:\/\/jornalvia.com\/piracicaba\/wp-json\/wp\/v2\/users\/9"}],"replies":[{"embeddable":true,"href":"https:\/\/jornalvia.com\/piracicaba\/wp-json\/wp\/v2\/comments?post=14890"}],"version-history":[{"count":1,"href":"https:\/\/jornalvia.com\/piracicaba\/wp-json\/wp\/v2\/posts\/14890\/revisions"}],"predecessor-version":[{"id":14892,"href":"https:\/\/jornalvia.com\/piracicaba\/wp-json\/wp\/v2\/posts\/14890\/revisions\/14892"}],"wp:featuredmedia":[{"embeddable":true,"href":"https:\/\/jornalvia.com\/piracicaba\/wp-json\/wp\/v2\/media\/14891"}],"wp:attachment":[{"href":"https:\/\/jornalvia.com\/piracicaba\/wp-json\/wp\/v2\/media?parent=14890"}],"wp:term":[{"taxonomy":"category","embeddable":true,"href":"https:\/\/jornalvia.com\/piracicaba\/wp-json\/wp\/v2\/categories?post=14890"},{"taxonomy":"post_tag","embeddable":true,"href":"https:\/\/jornalvia.com\/piracicaba\/wp-json\/wp\/v2\/tags?post=14890"}],"curies":[{"name":"wp","href":"https:\/\/api.w.org\/{rel}","templated":true}]}}