{"id":14874,"date":"2026-08-11T08:15:46","date_gmt":"2026-08-11T11:15:46","guid":{"rendered":"https:\/\/jornalvia.com\/piracicaba\/?p=14874"},"modified":"2026-08-10T22:07:47","modified_gmt":"2026-08-11T01:07:47","slug":"emprego-em-piracicaba-rota-do-trabalho-reune-mais-de-800-vagas-nesta-quarta-feira","status":"publish","type":"post","link":"https:\/\/jornalvia.com\/piracicaba\/oportunidade\/emprego-em-piracicaba-rota-do-trabalho-reune-mais-de-800-vagas-nesta-quarta-feira\/","title":{"rendered":"Emprego em Piracicaba: Rota do Trabalho re\u00fane mais de 800 vagas nesta quarta feira"},"content":{"rendered":"<p>Quem est\u00e1 em busca de emprego em Piracicaba ter\u00e1 acesso a mais de 800 oportunidades nesta quarta feira (12). A 3\u00aa Rota do Trabalho e Empreendedorismo ser\u00e1 realizada das 9h \u00e0s 12h, na Pra\u00e7a Jos\u00e9 Bonif\u00e1cio, no Centro, com participa\u00e7\u00e3o gratuita.<\/p>\n<p>Promovida pela Prefeitura de Piracicaba, por meio da Secretaria Municipal de Trabalho, Emprego e Renda, a iniciativa integra a programa\u00e7\u00e3o comemorativa dos 259 anos do munic\u00edpio.<\/p>\n<p>A orienta\u00e7\u00e3o \u00e9 para que os interessados compare\u00e7am com v\u00e1rias c\u00f3pias do curr\u00edculo atualizado, j\u00e1 que os documentos poder\u00e3o ser entregues diretamente nos estandes das empresas participantes.<\/p>\n<p><strong>Mais de 800 vagas em diferentes setores<\/strong><br \/>\nAs oportunidades abrangem diferentes n\u00edveis de forma\u00e7\u00e3o e setores da economia, incluindo ind\u00fastria, com\u00e9rcio, alimenta\u00e7\u00e3o, log\u00edstica, sa\u00fade, educa\u00e7\u00e3o, servi\u00e7os, limpeza e segmento automotivo.<\/p>\n<p>Entre as fun\u00e7\u00f5es anunciadas est\u00e3o ajudante e auxiliar de produ\u00e7\u00e3o, operador de produ\u00e7\u00e3o, mec\u00e2nico diesel, gar\u00e7om, balconista, a\u00e7ougueiro, auxiliar de a\u00e7ougue, motorista, analista de or\u00e7amentos, repositor, operador de caixa, operador de empilhadeira, auxiliar de log\u00edstica e ajudante geral.<\/p>\n<p>Tamb\u00e9m haver\u00e1 oportunidades para torneiro mec\u00e2nico, operador de torno CNC, caldeireiro, soldador, auxiliar administrativo, recepcionista, auxiliar de qualidade, auxiliar de limpeza, auxiliar de manuten\u00e7\u00e3o, copeira, cuidador de idosos, auxiliar de enfermagem, atendente de restaurante, farmac\u00eautico e auxiliar de laborat\u00f3rio, entre outras fun\u00e7\u00f5es.<\/p>\n<p>A programa\u00e7\u00e3o inclui ainda vagas afirmativas destinadas a pessoas com defici\u00eancia (PCDs).<\/p>\n<p><strong>Est\u00e1gio, aprendizagem e qualifica\u00e7\u00e3o<\/strong><br \/>\nAl\u00e9m das vagas de trabalho, a Rota do Trabalho ter\u00e1 oportunidades de est\u00e1gio e aprendizagem e informa\u00e7\u00f5es sobre cursos gratuitos de qualifica\u00e7\u00e3o profissional.<\/p>\n<p>A proposta \u00e9 concentrar empresas, candidatos e institui\u00e7\u00f5es de forma\u00e7\u00e3o em um mesmo espa\u00e7o, facilitando o contato de quem procura uma coloca\u00e7\u00e3o profissional com empregadores que possuem postos dispon\u00edveis.<\/p>\n<p>Segundo o prefeito Helinho Zanatta, a quantidade de vagas reunidas no evento demonstra a movimenta\u00e7\u00e3o do mercado de trabalho local.<\/p>\n<blockquote><p>\u201cVer mais de 800 vagas sendo oferecidas em um \u00fanico evento mostra que nossa cidade continua crescendo, atraindo investimentos e criando um ambiente favor\u00e1vel para o desenvolvimento\u201d, afirmou.<\/p><\/blockquote>\n<p>O secret\u00e1rio municipal de Trabalho, Emprego e Renda, Jos\u00e9 Luiz Ribeiro, destacou que a iniciativa busca aproximar trabalhadores e empresas.<\/p>\n<blockquote><p>\u201cTrabalhamos para reunir empresas, candidatos e institui\u00e7\u00f5es de qualifica\u00e7\u00e3o em um mesmo espa\u00e7o, para facilitar o acesso ao emprego e a dignidade\u201d, declarou.<\/p><\/blockquote>\n<p><strong>Como participar<\/strong><br \/>\nA 3\u00aa Rota do Trabalho e Empreendedorismo acontece nesta quarta feira (12), das 9h \u00e0s 12h, na Pra\u00e7a Jos\u00e9 Bonif\u00e1cio, regi\u00e3o central de Piracicaba.<\/p>\n<p>A participa\u00e7\u00e3o \u00e9 gratuita e n\u00e3o foi informada necessidade de inscri\u00e7\u00e3o pr\u00e9via. Os candidatos devem levar v\u00e1rias c\u00f3pias do curr\u00edculo atualizado para distribui\u00e7\u00e3o entre as empresas.<\/p>\n<p>Servi\u00e7o<br \/>\n3\u00aa Rota do Trabalho e Empreendedorismo<br \/>\nQuarta feira, 12 de agosto<br \/>\nDas 9h \u00e0s 12h<br \/>\nPra\u00e7a Jos\u00e9 Bonif\u00e1cio, Centro de Piracicaba<br \/>\nParticipa\u00e7\u00e3o gratuita<br \/>\nLevar v\u00e1rias c\u00f3pias do curr\u00edculo atualizado<\/p>\n","protected":false},"excerpt":{"rendered":"<p>Evento gratuito acontece na Pra\u00e7a Jos\u00e9 Bonif\u00e1cio e ter\u00e1 oportunidades de emprego, est\u00e1gio, aprendizagem e cursos de qualifica\u00e7\u00e3o; candidatos devem levar v\u00e1rias c\u00f3pias do curr\u00edculo<\/p>\n","protected":false},"author":9,"featured_media":14875,"comment_status":"closed","ping_status":"closed","sticky":false,"template":"","format":"standard","meta":{"_acf_changed":false,"footnotes":""},"categories":[82],"tags":[],"class_list":["post-14874","post","type-post","status-publish","format-standard","has-post-thumbnail","hentry","category-oportunidade"],"acf":[],"yoast_head":"<!-- This site is optimized with the Yoast SEO plugin v27.2 - https:\/\/yoast.com\/product\/yoast-seo-wordpress\/ -->\n<title>Emprego em Piracicaba: Rota do Trabalho re\u00fane mais de 800 vagas nesta quarta feira<\/title>\n<meta name=\"robots\" content=\"index, follow, max-snippet:-1, max-image-preview:large, max-video-preview:-1\" \/>\n<link rel=\"canonical\" href=\"https:\/\/jornalvia.com\/piracicaba\/oportunidade\/emprego-em-piracicaba-rota-do-trabalho-reune-mais-de-800-vagas-nesta-quarta-feira\/\" \/>\n<meta property=\"og:locale\" content=\"pt_BR\" \/>\n<meta property=\"og:type\" content=\"article\" \/>\n<meta property=\"og:title\" content=\"Emprego em Piracicaba: Rota do Trabalho re\u00fane mais de 800 vagas nesta quarta feira\" \/>\n<meta property=\"og:description\" content=\"Evento gratuito acontece na Pra\u00e7a Jos\u00e9 Bonif\u00e1cio e ter\u00e1 oportunidades de emprego, est\u00e1gio, aprendizagem e cursos de qualifica\u00e7\u00e3o; candidatos devem levar v\u00e1rias c\u00f3pias do curr\u00edculo\" \/>\n<meta property=\"og:url\" content=\"https:\/\/jornalvia.com\/piracicaba\/oportunidade\/emprego-em-piracicaba-rota-do-trabalho-reune-mais-de-800-vagas-nesta-quarta-feira\/\" \/>\n<meta property=\"og:site_name\" content=\"Piracicaba\" \/>\n<meta property=\"article:published_time\" content=\"2026-08-11T11:15:46+00:00\" \/>\n<meta property=\"og:image\" content=\"https:\/\/jornalvia.com\/piracicaba\/wp-content\/uploads\/sites\/2\/2026\/08\/2026-08-10-ID2-001582.webp\" \/>\n\t<meta property=\"og:image:width\" content=\"1280\" \/>\n\t<meta property=\"og:image:height\" content=\"960\" \/>\n\t<meta property=\"og:image:type\" content=\"image\/webp\" \/>\n<meta name=\"author\" content=\"Reda\u00e7\u00e3o\" \/>\n<meta name=\"twitter:card\" content=\"summary_large_image\" \/>\n<meta name=\"twitter:label1\" content=\"Escrito por\" \/>\n\t<meta name=\"twitter:data1\" content=\"Reda\u00e7\u00e3o\" \/>\n\t<meta name=\"twitter:label2\" content=\"Est. tempo de leitura\" \/>\n\t<meta name=\"twitter:data2\" content=\"3 minutos\" \/>\n<script type=\"application\/ld+json\" class=\"yoast-schema-graph\">{\"@context\":\"https:\/\/schema.org\",\"@graph\":[{\"@type\":\"Article\",\"@id\":\"https:\/\/jornalvia.com\/piracicaba\/oportunidade\/emprego-em-piracicaba-rota-do-trabalho-reune-mais-de-800-vagas-nesta-quarta-feira\/#article\",\"isPartOf\":{\"@id\":\"https:\/\/jornalvia.com\/piracicaba\/oportunidade\/emprego-em-piracicaba-rota-do-trabalho-reune-mais-de-800-vagas-nesta-quarta-feira\/\"},\"author\":{\"name\":\"Reda\u00e7\u00e3o\",\"@id\":\"https:\/\/jornalvia.com\/piracicaba\/#\/schema\/person\/672c24084b8babca7ca8adc9bb83152a\"},\"headline\":\"Emprego em Piracicaba: Rota do Trabalho re\u00fane mais de 800 vagas nesta quarta feira\",\"datePublished\":\"2026-08-11T11:15:46+00:00\",\"mainEntityOfPage\":{\"@id\":\"https:\/\/jornalvia.com\/piracicaba\/oportunidade\/emprego-em-piracicaba-rota-do-trabalho-reune-mais-de-800-vagas-nesta-quarta-feira\/\"},\"wordCount\":519,\"publisher\":{\"@id\":\"https:\/\/jornalvia.com\/piracicaba\/#organization\"},\"image\":{\"@id\":\"https:\/\/jornalvia.com\/piracicaba\/oportunidade\/emprego-em-piracicaba-rota-do-trabalho-reune-mais-de-800-vagas-nesta-quarta-feira\/#primaryimage\"},\"thumbnailUrl\":\"https:\/\/jornalvia.com\/piracicaba\/wp-content\/uploads\/sites\/2\/2026\/08\/2026-08-10-ID2-001582.webp\",\"articleSection\":[\"Oportunidade\"],\"inLanguage\":\"pt-BR\"},{\"@type\":\"WebPage\",\"@id\":\"https:\/\/jornalvia.com\/piracicaba\/oportunidade\/emprego-em-piracicaba-rota-do-trabalho-reune-mais-de-800-vagas-nesta-quarta-feira\/\",\"url\":\"https:\/\/jornalvia.com\/piracicaba\/oportunidade\/emprego-em-piracicaba-rota-do-trabalho-reune-mais-de-800-vagas-nesta-quarta-feira\/\",\"name\":\"Emprego em Piracicaba: Rota do Trabalho re\u00fane mais de 800 vagas nesta quarta feira\",\"isPartOf\":{\"@id\":\"https:\/\/jornalvia.com\/piracicaba\/#website\"},\"primaryImageOfPage\":{\"@id\":\"https:\/\/jornalvia.com\/piracicaba\/oportunidade\/emprego-em-piracicaba-rota-do-trabalho-reune-mais-de-800-vagas-nesta-quarta-feira\/#primaryimage\"},\"image\":{\"@id\":\"https:\/\/jornalvia.com\/piracicaba\/oportunidade\/emprego-em-piracicaba-rota-do-trabalho-reune-mais-de-800-vagas-nesta-quarta-feira\/#primaryimage\"},\"thumbnailUrl\":\"https:\/\/jornalvia.com\/piracicaba\/wp-content\/uploads\/sites\/2\/2026\/08\/2026-08-10-ID2-001582.webp\",\"datePublished\":\"2026-08-11T11:15:46+00:00\",\"breadcrumb\":{\"@id\":\"https:\/\/jornalvia.com\/piracicaba\/oportunidade\/emprego-em-piracicaba-rota-do-trabalho-reune-mais-de-800-vagas-nesta-quarta-feira\/#breadcrumb\"},\"inLanguage\":\"pt-BR\",\"potentialAction\":[{\"@type\":\"ReadAction\",\"target\":[\"https:\/\/jornalvia.com\/piracicaba\/oportunidade\/emprego-em-piracicaba-rota-do-trabalho-reune-mais-de-800-vagas-nesta-quarta-feira\/\"]}]},{\"@type\":\"ImageObject\",\"inLanguage\":\"pt-BR\",\"@id\":\"https:\/\/jornalvia.com\/piracicaba\/oportunidade\/emprego-em-piracicaba-rota-do-trabalho-reune-mais-de-800-vagas-nesta-quarta-feira\/#primaryimage\",\"url\":\"https:\/\/jornalvia.com\/piracicaba\/wp-content\/uploads\/sites\/2\/2026\/08\/2026-08-10-ID2-001582.webp\",\"contentUrl\":\"https:\/\/jornalvia.com\/piracicaba\/wp-content\/uploads\/sites\/2\/2026\/08\/2026-08-10-ID2-001582.webp\",\"width\":1280,\"height\":960,\"caption\":\"Foto: Divulga\u00e7\u00e3o\"},{\"@type\":\"BreadcrumbList\",\"@id\":\"https:\/\/jornalvia.com\/piracicaba\/oportunidade\/emprego-em-piracicaba-rota-do-trabalho-reune-mais-de-800-vagas-nesta-quarta-feira\/#breadcrumb\",\"itemListElement\":[{\"@type\":\"ListItem\",\"position\":1,\"name\":\"In\u00edcio\",\"item\":\"https:\/\/jornalvia.com\/piracicaba\/\"},{\"@type\":\"ListItem\",\"position\":2,\"name\":\"Emprego em Piracicaba: Rota do Trabalho re\u00fane mais de 800 vagas nesta quarta feira\"}]},{\"@type\":\"WebSite\",\"@id\":\"https:\/\/jornalvia.com\/piracicaba\/#website\",\"url\":\"https:\/\/jornalvia.com\/piracicaba\/\",\"name\":\"Jornal VIA\",\"description\":\"Seu novo jornal de not\u00edcias em Piracicaba com informa\u00e7\u00f5es locais, do Brasil e do mundo\",\"publisher\":{\"@id\":\"https:\/\/jornalvia.com\/piracicaba\/#organization\"},\"alternateName\":\"Jornal VIA \u2022 Piracicaba\",\"potentialAction\":[{\"@type\":\"SearchAction\",\"target\":{\"@type\":\"EntryPoint\",\"urlTemplate\":\"https:\/\/jornalvia.com\/piracicaba\/?s={search_term_string}\"},\"query-input\":{\"@type\":\"PropertyValueSpecification\",\"valueRequired\":true,\"valueName\":\"search_term_string\"}}],\"inLanguage\":\"pt-BR\"},{\"@type\":\"Organization\",\"@id\":\"https:\/\/jornalvia.com\/piracicaba\/#organization\",\"name\":\"Jornal VIA\",\"url\":\"https:\/\/jornalvia.com\/piracicaba\/\",\"logo\":{\"@type\":\"ImageObject\",\"inLanguage\":\"pt-BR\",\"@id\":\"https:\/\/jornalvia.com\/piracicaba\/#\/schema\/logo\/image\/\",\"url\":\"https:\/\/jornalvia.com\/piracicaba\/wp-content\/uploads\/sites\/2\/2025\/09\/cropped-logo_site_5-1.png\",\"contentUrl\":\"https:\/\/jornalvia.com\/piracicaba\/wp-content\/uploads\/sites\/2\/2025\/09\/cropped-logo_site_5-1.png\",\"width\":512,\"height\":512,\"caption\":\"Jornal VIA\"},\"image\":{\"@id\":\"https:\/\/jornalvia.com\/piracicaba\/#\/schema\/logo\/image\/\"}},{\"@type\":\"Person\",\"@id\":\"https:\/\/jornalvia.com\/piracicaba\/#\/schema\/person\/672c24084b8babca7ca8adc9bb83152a\",\"name\":\"Reda\u00e7\u00e3o\",\"url\":\"https:\/\/jornalvia.com\/piracicaba\/author\/jaquelineprates\/\"}]}<\/script>\n<!-- \/ Yoast SEO plugin. -->","yoast_head_json":{"title":"Emprego em Piracicaba: Rota do Trabalho re\u00fane mais de 800 vagas nesta quarta feira","robots":{"index":"index","follow":"follow","max-snippet":"max-snippet:-1","max-image-preview":"max-image-preview:large","max-video-preview":"max-video-preview:-1"},"canonical":"https:\/\/jornalvia.com\/piracicaba\/oportunidade\/emprego-em-piracicaba-rota-do-trabalho-reune-mais-de-800-vagas-nesta-quarta-feira\/","og_locale":"pt_BR","og_type":"article","og_title":"Emprego em Piracicaba: Rota do Trabalho re\u00fane mais de 800 vagas nesta quarta feira","og_description":"Evento gratuito acontece na Pra\u00e7a Jos\u00e9 Bonif\u00e1cio e ter\u00e1 oportunidades de emprego, est\u00e1gio, aprendizagem e cursos de qualifica\u00e7\u00e3o; candidatos devem levar v\u00e1rias c\u00f3pias do curr\u00edculo","og_url":"https:\/\/jornalvia.com\/piracicaba\/oportunidade\/emprego-em-piracicaba-rota-do-trabalho-reune-mais-de-800-vagas-nesta-quarta-feira\/","og_site_name":"Piracicaba","article_published_time":"2026-08-11T11:15:46+00:00","og_image":[{"width":1280,"height":960,"url":"https:\/\/jornalvia.com\/piracicaba\/wp-content\/uploads\/sites\/2\/2026\/08\/2026-08-10-ID2-001582.webp","type":"image\/webp"}],"author":"Reda\u00e7\u00e3o","twitter_card":"summary_large_image","twitter_misc":{"Escrito por":"Reda\u00e7\u00e3o","Est. tempo de leitura":"3 minutos"},"schema":{"@context":"https:\/\/schema.org","@graph":[{"@type":"Article","@id":"https:\/\/jornalvia.com\/piracicaba\/oportunidade\/emprego-em-piracicaba-rota-do-trabalho-reune-mais-de-800-vagas-nesta-quarta-feira\/#article","isPartOf":{"@id":"https:\/\/jornalvia.com\/piracicaba\/oportunidade\/emprego-em-piracicaba-rota-do-trabalho-reune-mais-de-800-vagas-nesta-quarta-feira\/"},"author":{"name":"Reda\u00e7\u00e3o","@id":"https:\/\/jornalvia.com\/piracicaba\/#\/schema\/person\/672c24084b8babca7ca8adc9bb83152a"},"headline":"Emprego em Piracicaba: Rota do Trabalho re\u00fane mais de 800 vagas nesta quarta feira","datePublished":"2026-08-11T11:15:46+00:00","mainEntityOfPage":{"@id":"https:\/\/jornalvia.com\/piracicaba\/oportunidade\/emprego-em-piracicaba-rota-do-trabalho-reune-mais-de-800-vagas-nesta-quarta-feira\/"},"wordCount":519,"publisher":{"@id":"https:\/\/jornalvia.com\/piracicaba\/#organization"},"image":{"@id":"https:\/\/jornalvia.com\/piracicaba\/oportunidade\/emprego-em-piracicaba-rota-do-trabalho-reune-mais-de-800-vagas-nesta-quarta-feira\/#primaryimage"},"thumbnailUrl":"https:\/\/jornalvia.com\/piracicaba\/wp-content\/uploads\/sites\/2\/2026\/08\/2026-08-10-ID2-001582.webp","articleSection":["Oportunidade"],"inLanguage":"pt-BR"},{"@type":"WebPage","@id":"https:\/\/jornalvia.com\/piracicaba\/oportunidade\/emprego-em-piracicaba-rota-do-trabalho-reune-mais-de-800-vagas-nesta-quarta-feira\/","url":"https:\/\/jornalvia.com\/piracicaba\/oportunidade\/emprego-em-piracicaba-rota-do-trabalho-reune-mais-de-800-vagas-nesta-quarta-feira\/","name":"Emprego em Piracicaba: Rota do Trabalho re\u00fane mais de 800 vagas nesta quarta feira","isPartOf":{"@id":"https:\/\/jornalvia.com\/piracicaba\/#website"},"primaryImageOfPage":{"@id":"https:\/\/jornalvia.com\/piracicaba\/oportunidade\/emprego-em-piracicaba-rota-do-trabalho-reune-mais-de-800-vagas-nesta-quarta-feira\/#primaryimage"},"image":{"@id":"https:\/\/jornalvia.com\/piracicaba\/oportunidade\/emprego-em-piracicaba-rota-do-trabalho-reune-mais-de-800-vagas-nesta-quarta-feira\/#primaryimage"},"thumbnailUrl":"https:\/\/jornalvia.com\/piracicaba\/wp-content\/uploads\/sites\/2\/2026\/08\/2026-08-10-ID2-001582.webp","datePublished":"2026-08-11T11:15:46+00:00","breadcrumb":{"@id":"https:\/\/jornalvia.com\/piracicaba\/oportunidade\/emprego-em-piracicaba-rota-do-trabalho-reune-mais-de-800-vagas-nesta-quarta-feira\/#breadcrumb"},"inLanguage":"pt-BR","potentialAction":[{"@type":"ReadAction","target":["https:\/\/jornalvia.com\/piracicaba\/oportunidade\/emprego-em-piracicaba-rota-do-trabalho-reune-mais-de-800-vagas-nesta-quarta-feira\/"]}]},{"@type":"ImageObject","inLanguage":"pt-BR","@id":"https:\/\/jornalvia.com\/piracicaba\/oportunidade\/emprego-em-piracicaba-rota-do-trabalho-reune-mais-de-800-vagas-nesta-quarta-feira\/#primaryimage","url":"https:\/\/jornalvia.com\/piracicaba\/wp-content\/uploads\/sites\/2\/2026\/08\/2026-08-10-ID2-001582.webp","contentUrl":"https:\/\/jornalvia.com\/piracicaba\/wp-content\/uploads\/sites\/2\/2026\/08\/2026-08-10-ID2-001582.webp","width":1280,"height":960,"caption":"Foto: Divulga\u00e7\u00e3o"},{"@type":"BreadcrumbList","@id":"https:\/\/jornalvia.com\/piracicaba\/oportunidade\/emprego-em-piracicaba-rota-do-trabalho-reune-mais-de-800-vagas-nesta-quarta-feira\/#breadcrumb","itemListElement":[{"@type":"ListItem","position":1,"name":"In\u00edcio","item":"https:\/\/jornalvia.com\/piracicaba\/"},{"@type":"ListItem","position":2,"name":"Emprego em Piracicaba: Rota do Trabalho re\u00fane mais de 800 vagas nesta quarta feira"}]},{"@type":"WebSite","@id":"https:\/\/jornalvia.com\/piracicaba\/#website","url":"https:\/\/jornalvia.com\/piracicaba\/","name":"Jornal VIA","description":"Seu novo jornal de not\u00edcias em Piracicaba com informa\u00e7\u00f5es locais, do Brasil e do mundo","publisher":{"@id":"https:\/\/jornalvia.com\/piracicaba\/#organization"},"alternateName":"Jornal VIA \u2022 Piracicaba","potentialAction":[{"@type":"SearchAction","target":{"@type":"EntryPoint","urlTemplate":"https:\/\/jornalvia.com\/piracicaba\/?s={search_term_string}"},"query-input":{"@type":"PropertyValueSpecification","valueRequired":true,"valueName":"search_term_string"}}],"inLanguage":"pt-BR"},{"@type":"Organization","@id":"https:\/\/jornalvia.com\/piracicaba\/#organization","name":"Jornal VIA","url":"https:\/\/jornalvia.com\/piracicaba\/","logo":{"@type":"ImageObject","inLanguage":"pt-BR","@id":"https:\/\/jornalvia.com\/piracicaba\/#\/schema\/logo\/image\/","url":"https:\/\/jornalvia.com\/piracicaba\/wp-content\/uploads\/sites\/2\/2025\/09\/cropped-logo_site_5-1.png","contentUrl":"https:\/\/jornalvia.com\/piracicaba\/wp-content\/uploads\/sites\/2\/2025\/09\/cropped-logo_site_5-1.png","width":512,"height":512,"caption":"Jornal VIA"},"image":{"@id":"https:\/\/jornalvia.com\/piracicaba\/#\/schema\/logo\/image\/"}},{"@type":"Person","@id":"https:\/\/jornalvia.com\/piracicaba\/#\/schema\/person\/672c24084b8babca7ca8adc9bb83152a","name":"Reda\u00e7\u00e3o","url":"https:\/\/jornalvia.com\/piracicaba\/author\/jaquelineprates\/"}]}},"_links":{"self":[{"href":"https:\/\/jornalvia.com\/piracicaba\/wp-json\/wp\/v2\/posts\/14874","targetHints":{"allow":["GET"]}}],"collection":[{"href":"https:\/\/jornalvia.com\/piracicaba\/wp-json\/wp\/v2\/posts"}],"about":[{"href":"https:\/\/jornalvia.com\/piracicaba\/wp-json\/wp\/v2\/types\/post"}],"author":[{"embeddable":true,"href":"https:\/\/jornalvia.com\/piracicaba\/wp-json\/wp\/v2\/users\/9"}],"replies":[{"embeddable":true,"href":"https:\/\/jornalvia.com\/piracicaba\/wp-json\/wp\/v2\/comments?post=14874"}],"version-history":[{"count":1,"href":"https:\/\/jornalvia.com\/piracicaba\/wp-json\/wp\/v2\/posts\/14874\/revisions"}],"predecessor-version":[{"id":14876,"href":"https:\/\/jornalvia.com\/piracicaba\/wp-json\/wp\/v2\/posts\/14874\/revisions\/14876"}],"wp:featuredmedia":[{"embeddable":true,"href":"https:\/\/jornalvia.com\/piracicaba\/wp-json\/wp\/v2\/media\/14875"}],"wp:attachment":[{"href":"https:\/\/jornalvia.com\/piracicaba\/wp-json\/wp\/v2\/media?parent=14874"}],"wp:term":[{"taxonomy":"category","embeddable":true,"href":"https:\/\/jornalvia.com\/piracicaba\/wp-json\/wp\/v2\/categories?post=14874"},{"taxonomy":"post_tag","embeddable":true,"href":"https:\/\/jornalvia.com\/piracicaba\/wp-json\/wp\/v2\/tags?post=14874"}],"curies":[{"name":"wp","href":"https:\/\/api.w.org\/{rel}","templated":true}]}}