{"id":14782,"date":"2026-08-06T09:59:53","date_gmt":"2026-08-06T12:59:53","guid":{"rendered":"https:\/\/jornalvia.com\/piracicaba\/?p=14782"},"modified":"2026-08-06T09:59:53","modified_gmt":"2026-08-06T12:59:53","slug":"mais-de-800-vagas-de-emprego-serao-oferecidas-em-evento-gratuito-em-piracicaba","status":"publish","type":"post","link":"https:\/\/jornalvia.com\/piracicaba\/oportunidade\/mais-de-800-vagas-de-emprego-serao-oferecidas-em-evento-gratuito-em-piracicaba\/","title":{"rendered":"Mais de 800 vagas de emprego ser\u00e3o oferecidas em evento gratuito em Piracicaba"},"content":{"rendered":"<p>Quem est\u00e1 em busca de uma oportunidade no mercado de trabalho ter\u00e1 uma chance de encontrar emprego em um \u00fanico lugar. A Prefeitura de Piracicaba realiza, no dia 12 de agosto, a 3\u00aa Rota do Trabalho e Empreendedorismo, evento gratuito que reunir\u00e1 mais de 800 vagas de emprego, al\u00e9m de oportunidades de est\u00e1gio, aprendizagem e cursos de qualifica\u00e7\u00e3o profissional.<\/p>\n<p>A a\u00e7\u00e3o acontece das 9h \u00e0s 12h, na Pra\u00e7a Jos\u00e9 Bonif\u00e1cio, no Centro, e integra a programa\u00e7\u00e3o oficial dos 259 anos de Piracicaba.<\/p>\n<p>Os candidatos devem comparecer ao local levando v\u00e1rias c\u00f3pias do curr\u00edculo atualizado para entregar diretamente nos estandes das empresas participantes.<\/p>\n<p><strong>Vagas em diversos setores<\/strong><br \/>\nAs oportunidades contemplam empresas dos setores de ind\u00fastria, com\u00e9rcio, log\u00edstica, alimenta\u00e7\u00e3o, sa\u00fade, educa\u00e7\u00e3o, servi\u00e7os, limpeza e segmento automotivo.<\/p>\n<p>Entre as vagas dispon\u00edveis est\u00e3o:<\/p>\n<p>Ajudante e auxiliar de produ\u00e7\u00e3o<br \/>\nOperador de produ\u00e7\u00e3o<br \/>\nMec\u00e2nico diesel<br \/>\nGar\u00e7om<br \/>\nBalconista<br \/>\nA\u00e7ougueiro e auxiliar de a\u00e7ougue<br \/>\nMotorista<br \/>\nAnalista de or\u00e7amentos<br \/>\nRepositor<br \/>\nOperador de caixa<br \/>\nOperador de empilhadeira<br \/>\nAuxiliar de log\u00edstica<br \/>\nAjudante geral<br \/>\nTorneiro mec\u00e2nico<br \/>\nOperador de torno CNC<br \/>\nCaldeireiro<br \/>\nSoldador<br \/>\nAuxiliar administrativo<br \/>\nRecepcionista<br \/>\nAuxiliar de qualidade<br \/>\nAuxiliar de limpeza<br \/>\nAuxiliar de manuten\u00e7\u00e3o<br \/>\nCopeira<br \/>\nCuidador de idosos<br \/>\nAuxiliar de enfermagem<br \/>\nAtendente de restaurante<br \/>\nFarmac\u00eautico<br \/>\nAuxiliar de laborat\u00f3rio<\/p>\n<p><strong>Vagas afirmativas para pessoas com defici\u00eancia (PCDs), entre outras.<\/strong><br \/>\nOportunidade para quem busca recoloca\u00e7\u00e3o<br \/>\nSegundo o prefeito Helinho Zanatta, a realiza\u00e7\u00e3o do evento demonstra o fortalecimento da economia local.<\/p>\n<blockquote><p>&#8220;A gera\u00e7\u00e3o de emprego \u00e9 uma das prioridades da nossa gest\u00e3o. Ver mais de 800 vagas sendo oferecidas em um \u00fanico evento mostra que nossa cidade continua crescendo, atraindo investimentos e criando um ambiente favor\u00e1vel para o desenvolvimento&#8221;, afirmou.<\/p><\/blockquote>\n<p>O secret\u00e1rio municipal de Trabalho, Emprego e Renda, Jos\u00e9 Luiz Ribeiro, destacou que a iniciativa aproxima empresas e trabalhadores.<\/p>\n<blockquote><p>&#8220;A grande participa\u00e7\u00e3o das empresas nesta terceira edi\u00e7\u00e3o evidencia que o munic\u00edpio continua gerando oportunidades, e cada uma representa a possibilidade de transformar a realidade de uma fam\u00edlia. Trabalhamos para reunir empresas, candidatos e institui\u00e7\u00f5es de qualifica\u00e7\u00e3o em um mesmo espa\u00e7o, facilitando o acesso ao emprego e \u00e0 qualifica\u00e7\u00e3o profissional&#8221;, disse.<\/p><\/blockquote>\n<p><strong>Servi\u00e7o<\/strong><br \/>\n3\u00aa Rota do Trabalho e Empreendedorismo<br \/>\nData: 12 de agosto<br \/>\nHor\u00e1rio: das 9h \u00e0s 12h<br \/>\nLocal: Pra\u00e7a Jos\u00e9 Bonif\u00e1cio \u2013 Centro de Piracicaba<br \/>\nEntrada: gratuita<br \/>\nImportante: levar v\u00e1rias c\u00f3pias do curr\u00edculo atualizado.<\/p>\n","protected":false},"excerpt":{"rendered":"<p>3\u00aa Rota do Trabalho e Empreendedorismo acontece no dia 12 de agosto, na Pra\u00e7a Jos\u00e9 Bonif\u00e1cio, com oportunidades de trabalho, est\u00e1gio, aprendizagem e cursos de qualifica\u00e7\u00e3o.<\/p>\n","protected":false},"author":9,"featured_media":14783,"comment_status":"closed","ping_status":"closed","sticky":false,"template":"","format":"standard","meta":{"_acf_changed":false,"footnotes":""},"categories":[82],"tags":[],"class_list":["post-14782","post","type-post","status-publish","format-standard","has-post-thumbnail","hentry","category-oportunidade"],"acf":[],"yoast_head":"<!-- This site is optimized with the Yoast SEO plugin v27.2 - https:\/\/yoast.com\/product\/yoast-seo-wordpress\/ -->\n<title>Mais de 800 vagas de emprego ser\u00e3o oferecidas em evento gratuito em Piracicaba<\/title>\n<meta name=\"robots\" content=\"index, follow, max-snippet:-1, max-image-preview:large, max-video-preview:-1\" \/>\n<link rel=\"canonical\" href=\"https:\/\/jornalvia.com\/piracicaba\/oportunidade\/mais-de-800-vagas-de-emprego-serao-oferecidas-em-evento-gratuito-em-piracicaba\/\" \/>\n<meta property=\"og:locale\" content=\"pt_BR\" \/>\n<meta property=\"og:type\" content=\"article\" \/>\n<meta property=\"og:title\" content=\"Mais de 800 vagas de emprego ser\u00e3o oferecidas em evento gratuito em Piracicaba\" \/>\n<meta property=\"og:description\" content=\"3\u00aa Rota do Trabalho e Empreendedorismo acontece no dia 12 de agosto, na Pra\u00e7a Jos\u00e9 Bonif\u00e1cio, com oportunidades de trabalho, est\u00e1gio, aprendizagem e cursos de qualifica\u00e7\u00e3o.\" \/>\n<meta property=\"og:url\" content=\"https:\/\/jornalvia.com\/piracicaba\/oportunidade\/mais-de-800-vagas-de-emprego-serao-oferecidas-em-evento-gratuito-em-piracicaba\/\" \/>\n<meta property=\"og:site_name\" content=\"Piracicaba\" \/>\n<meta property=\"article:published_time\" content=\"2026-08-06T12:59:53+00:00\" \/>\n<meta property=\"og:image\" content=\"https:\/\/jornalvia.com\/piracicaba\/wp-content\/uploads\/sites\/2\/2026\/08\/2026-08-06-ID2-001567.webp\" \/>\n\t<meta property=\"og:image:width\" content=\"1280\" \/>\n\t<meta property=\"og:image:height\" content=\"960\" \/>\n\t<meta property=\"og:image:type\" content=\"image\/webp\" \/>\n<meta name=\"author\" content=\"Reda\u00e7\u00e3o\" \/>\n<meta name=\"twitter:card\" content=\"summary_large_image\" \/>\n<meta name=\"twitter:label1\" content=\"Escrito por\" \/>\n\t<meta name=\"twitter:data1\" content=\"Reda\u00e7\u00e3o\" \/>\n\t<meta name=\"twitter:label2\" content=\"Est. tempo de leitura\" \/>\n\t<meta name=\"twitter:data2\" content=\"2 minutos\" \/>\n<script type=\"application\/ld+json\" class=\"yoast-schema-graph\">{\"@context\":\"https:\/\/schema.org\",\"@graph\":[{\"@type\":\"Article\",\"@id\":\"https:\/\/jornalvia.com\/piracicaba\/oportunidade\/mais-de-800-vagas-de-emprego-serao-oferecidas-em-evento-gratuito-em-piracicaba\/#article\",\"isPartOf\":{\"@id\":\"https:\/\/jornalvia.com\/piracicaba\/oportunidade\/mais-de-800-vagas-de-emprego-serao-oferecidas-em-evento-gratuito-em-piracicaba\/\"},\"author\":{\"name\":\"Reda\u00e7\u00e3o\",\"@id\":\"https:\/\/jornalvia.com\/piracicaba\/#\/schema\/person\/672c24084b8babca7ca8adc9bb83152a\"},\"headline\":\"Mais de 800 vagas de emprego ser\u00e3o oferecidas em evento gratuito em Piracicaba\",\"datePublished\":\"2026-08-06T12:59:53+00:00\",\"mainEntityOfPage\":{\"@id\":\"https:\/\/jornalvia.com\/piracicaba\/oportunidade\/mais-de-800-vagas-de-emprego-serao-oferecidas-em-evento-gratuito-em-piracicaba\/\"},\"wordCount\":423,\"publisher\":{\"@id\":\"https:\/\/jornalvia.com\/piracicaba\/#organization\"},\"image\":{\"@id\":\"https:\/\/jornalvia.com\/piracicaba\/oportunidade\/mais-de-800-vagas-de-emprego-serao-oferecidas-em-evento-gratuito-em-piracicaba\/#primaryimage\"},\"thumbnailUrl\":\"https:\/\/jornalvia.com\/piracicaba\/wp-content\/uploads\/sites\/2\/2026\/08\/2026-08-06-ID2-001567.webp\",\"articleSection\":[\"Oportunidade\"],\"inLanguage\":\"pt-BR\"},{\"@type\":\"WebPage\",\"@id\":\"https:\/\/jornalvia.com\/piracicaba\/oportunidade\/mais-de-800-vagas-de-emprego-serao-oferecidas-em-evento-gratuito-em-piracicaba\/\",\"url\":\"https:\/\/jornalvia.com\/piracicaba\/oportunidade\/mais-de-800-vagas-de-emprego-serao-oferecidas-em-evento-gratuito-em-piracicaba\/\",\"name\":\"Mais de 800 vagas de emprego ser\u00e3o oferecidas em evento gratuito em Piracicaba\",\"isPartOf\":{\"@id\":\"https:\/\/jornalvia.com\/piracicaba\/#website\"},\"primaryImageOfPage\":{\"@id\":\"https:\/\/jornalvia.com\/piracicaba\/oportunidade\/mais-de-800-vagas-de-emprego-serao-oferecidas-em-evento-gratuito-em-piracicaba\/#primaryimage\"},\"image\":{\"@id\":\"https:\/\/jornalvia.com\/piracicaba\/oportunidade\/mais-de-800-vagas-de-emprego-serao-oferecidas-em-evento-gratuito-em-piracicaba\/#primaryimage\"},\"thumbnailUrl\":\"https:\/\/jornalvia.com\/piracicaba\/wp-content\/uploads\/sites\/2\/2026\/08\/2026-08-06-ID2-001567.webp\",\"datePublished\":\"2026-08-06T12:59:53+00:00\",\"breadcrumb\":{\"@id\":\"https:\/\/jornalvia.com\/piracicaba\/oportunidade\/mais-de-800-vagas-de-emprego-serao-oferecidas-em-evento-gratuito-em-piracicaba\/#breadcrumb\"},\"inLanguage\":\"pt-BR\",\"potentialAction\":[{\"@type\":\"ReadAction\",\"target\":[\"https:\/\/jornalvia.com\/piracicaba\/oportunidade\/mais-de-800-vagas-de-emprego-serao-oferecidas-em-evento-gratuito-em-piracicaba\/\"]}]},{\"@type\":\"ImageObject\",\"inLanguage\":\"pt-BR\",\"@id\":\"https:\/\/jornalvia.com\/piracicaba\/oportunidade\/mais-de-800-vagas-de-emprego-serao-oferecidas-em-evento-gratuito-em-piracicaba\/#primaryimage\",\"url\":\"https:\/\/jornalvia.com\/piracicaba\/wp-content\/uploads\/sites\/2\/2026\/08\/2026-08-06-ID2-001567.webp\",\"contentUrl\":\"https:\/\/jornalvia.com\/piracicaba\/wp-content\/uploads\/sites\/2\/2026\/08\/2026-08-06-ID2-001567.webp\",\"width\":1280,\"height\":960,\"caption\":\"Foto: Divulga\u00e7\u00e3o\"},{\"@type\":\"BreadcrumbList\",\"@id\":\"https:\/\/jornalvia.com\/piracicaba\/oportunidade\/mais-de-800-vagas-de-emprego-serao-oferecidas-em-evento-gratuito-em-piracicaba\/#breadcrumb\",\"itemListElement\":[{\"@type\":\"ListItem\",\"position\":1,\"name\":\"In\u00edcio\",\"item\":\"https:\/\/jornalvia.com\/piracicaba\/\"},{\"@type\":\"ListItem\",\"position\":2,\"name\":\"Mais de 800 vagas de emprego ser\u00e3o oferecidas em evento gratuito em Piracicaba\"}]},{\"@type\":\"WebSite\",\"@id\":\"https:\/\/jornalvia.com\/piracicaba\/#website\",\"url\":\"https:\/\/jornalvia.com\/piracicaba\/\",\"name\":\"Jornal VIA\",\"description\":\"Seu novo jornal de not\u00edcias em Piracicaba com informa\u00e7\u00f5es locais, do Brasil e do mundo\",\"publisher\":{\"@id\":\"https:\/\/jornalvia.com\/piracicaba\/#organization\"},\"alternateName\":\"Jornal VIA \u2022 Piracicaba\",\"potentialAction\":[{\"@type\":\"SearchAction\",\"target\":{\"@type\":\"EntryPoint\",\"urlTemplate\":\"https:\/\/jornalvia.com\/piracicaba\/?s={search_term_string}\"},\"query-input\":{\"@type\":\"PropertyValueSpecification\",\"valueRequired\":true,\"valueName\":\"search_term_string\"}}],\"inLanguage\":\"pt-BR\"},{\"@type\":\"Organization\",\"@id\":\"https:\/\/jornalvia.com\/piracicaba\/#organization\",\"name\":\"Jornal VIA\",\"url\":\"https:\/\/jornalvia.com\/piracicaba\/\",\"logo\":{\"@type\":\"ImageObject\",\"inLanguage\":\"pt-BR\",\"@id\":\"https:\/\/jornalvia.com\/piracicaba\/#\/schema\/logo\/image\/\",\"url\":\"https:\/\/jornalvia.com\/piracicaba\/wp-content\/uploads\/sites\/2\/2025\/09\/cropped-logo_site_5-1.png\",\"contentUrl\":\"https:\/\/jornalvia.com\/piracicaba\/wp-content\/uploads\/sites\/2\/2025\/09\/cropped-logo_site_5-1.png\",\"width\":512,\"height\":512,\"caption\":\"Jornal VIA\"},\"image\":{\"@id\":\"https:\/\/jornalvia.com\/piracicaba\/#\/schema\/logo\/image\/\"}},{\"@type\":\"Person\",\"@id\":\"https:\/\/jornalvia.com\/piracicaba\/#\/schema\/person\/672c24084b8babca7ca8adc9bb83152a\",\"name\":\"Reda\u00e7\u00e3o\",\"url\":\"https:\/\/jornalvia.com\/piracicaba\/author\/jaquelineprates\/\"}]}<\/script>\n<!-- \/ Yoast SEO plugin. -->","yoast_head_json":{"title":"Mais de 800 vagas de emprego ser\u00e3o oferecidas em evento gratuito em Piracicaba","robots":{"index":"index","follow":"follow","max-snippet":"max-snippet:-1","max-image-preview":"max-image-preview:large","max-video-preview":"max-video-preview:-1"},"canonical":"https:\/\/jornalvia.com\/piracicaba\/oportunidade\/mais-de-800-vagas-de-emprego-serao-oferecidas-em-evento-gratuito-em-piracicaba\/","og_locale":"pt_BR","og_type":"article","og_title":"Mais de 800 vagas de emprego ser\u00e3o oferecidas em evento gratuito em Piracicaba","og_description":"3\u00aa Rota do Trabalho e Empreendedorismo acontece no dia 12 de agosto, na Pra\u00e7a Jos\u00e9 Bonif\u00e1cio, com oportunidades de trabalho, est\u00e1gio, aprendizagem e cursos de qualifica\u00e7\u00e3o.","og_url":"https:\/\/jornalvia.com\/piracicaba\/oportunidade\/mais-de-800-vagas-de-emprego-serao-oferecidas-em-evento-gratuito-em-piracicaba\/","og_site_name":"Piracicaba","article_published_time":"2026-08-06T12:59:53+00:00","og_image":[{"width":1280,"height":960,"url":"https:\/\/jornalvia.com\/piracicaba\/wp-content\/uploads\/sites\/2\/2026\/08\/2026-08-06-ID2-001567.webp","type":"image\/webp"}],"author":"Reda\u00e7\u00e3o","twitter_card":"summary_large_image","twitter_misc":{"Escrito por":"Reda\u00e7\u00e3o","Est. tempo de leitura":"2 minutos"},"schema":{"@context":"https:\/\/schema.org","@graph":[{"@type":"Article","@id":"https:\/\/jornalvia.com\/piracicaba\/oportunidade\/mais-de-800-vagas-de-emprego-serao-oferecidas-em-evento-gratuito-em-piracicaba\/#article","isPartOf":{"@id":"https:\/\/jornalvia.com\/piracicaba\/oportunidade\/mais-de-800-vagas-de-emprego-serao-oferecidas-em-evento-gratuito-em-piracicaba\/"},"author":{"name":"Reda\u00e7\u00e3o","@id":"https:\/\/jornalvia.com\/piracicaba\/#\/schema\/person\/672c24084b8babca7ca8adc9bb83152a"},"headline":"Mais de 800 vagas de emprego ser\u00e3o oferecidas em evento gratuito em Piracicaba","datePublished":"2026-08-06T12:59:53+00:00","mainEntityOfPage":{"@id":"https:\/\/jornalvia.com\/piracicaba\/oportunidade\/mais-de-800-vagas-de-emprego-serao-oferecidas-em-evento-gratuito-em-piracicaba\/"},"wordCount":423,"publisher":{"@id":"https:\/\/jornalvia.com\/piracicaba\/#organization"},"image":{"@id":"https:\/\/jornalvia.com\/piracicaba\/oportunidade\/mais-de-800-vagas-de-emprego-serao-oferecidas-em-evento-gratuito-em-piracicaba\/#primaryimage"},"thumbnailUrl":"https:\/\/jornalvia.com\/piracicaba\/wp-content\/uploads\/sites\/2\/2026\/08\/2026-08-06-ID2-001567.webp","articleSection":["Oportunidade"],"inLanguage":"pt-BR"},{"@type":"WebPage","@id":"https:\/\/jornalvia.com\/piracicaba\/oportunidade\/mais-de-800-vagas-de-emprego-serao-oferecidas-em-evento-gratuito-em-piracicaba\/","url":"https:\/\/jornalvia.com\/piracicaba\/oportunidade\/mais-de-800-vagas-de-emprego-serao-oferecidas-em-evento-gratuito-em-piracicaba\/","name":"Mais de 800 vagas de emprego ser\u00e3o oferecidas em evento gratuito em Piracicaba","isPartOf":{"@id":"https:\/\/jornalvia.com\/piracicaba\/#website"},"primaryImageOfPage":{"@id":"https:\/\/jornalvia.com\/piracicaba\/oportunidade\/mais-de-800-vagas-de-emprego-serao-oferecidas-em-evento-gratuito-em-piracicaba\/#primaryimage"},"image":{"@id":"https:\/\/jornalvia.com\/piracicaba\/oportunidade\/mais-de-800-vagas-de-emprego-serao-oferecidas-em-evento-gratuito-em-piracicaba\/#primaryimage"},"thumbnailUrl":"https:\/\/jornalvia.com\/piracicaba\/wp-content\/uploads\/sites\/2\/2026\/08\/2026-08-06-ID2-001567.webp","datePublished":"2026-08-06T12:59:53+00:00","breadcrumb":{"@id":"https:\/\/jornalvia.com\/piracicaba\/oportunidade\/mais-de-800-vagas-de-emprego-serao-oferecidas-em-evento-gratuito-em-piracicaba\/#breadcrumb"},"inLanguage":"pt-BR","potentialAction":[{"@type":"ReadAction","target":["https:\/\/jornalvia.com\/piracicaba\/oportunidade\/mais-de-800-vagas-de-emprego-serao-oferecidas-em-evento-gratuito-em-piracicaba\/"]}]},{"@type":"ImageObject","inLanguage":"pt-BR","@id":"https:\/\/jornalvia.com\/piracicaba\/oportunidade\/mais-de-800-vagas-de-emprego-serao-oferecidas-em-evento-gratuito-em-piracicaba\/#primaryimage","url":"https:\/\/jornalvia.com\/piracicaba\/wp-content\/uploads\/sites\/2\/2026\/08\/2026-08-06-ID2-001567.webp","contentUrl":"https:\/\/jornalvia.com\/piracicaba\/wp-content\/uploads\/sites\/2\/2026\/08\/2026-08-06-ID2-001567.webp","width":1280,"height":960,"caption":"Foto: Divulga\u00e7\u00e3o"},{"@type":"BreadcrumbList","@id":"https:\/\/jornalvia.com\/piracicaba\/oportunidade\/mais-de-800-vagas-de-emprego-serao-oferecidas-em-evento-gratuito-em-piracicaba\/#breadcrumb","itemListElement":[{"@type":"ListItem","position":1,"name":"In\u00edcio","item":"https:\/\/jornalvia.com\/piracicaba\/"},{"@type":"ListItem","position":2,"name":"Mais de 800 vagas de emprego ser\u00e3o oferecidas em evento gratuito em Piracicaba"}]},{"@type":"WebSite","@id":"https:\/\/jornalvia.com\/piracicaba\/#website","url":"https:\/\/jornalvia.com\/piracicaba\/","name":"Jornal VIA","description":"Seu novo jornal de not\u00edcias em Piracicaba com informa\u00e7\u00f5es locais, do Brasil e do mundo","publisher":{"@id":"https:\/\/jornalvia.com\/piracicaba\/#organization"},"alternateName":"Jornal VIA \u2022 Piracicaba","potentialAction":[{"@type":"SearchAction","target":{"@type":"EntryPoint","urlTemplate":"https:\/\/jornalvia.com\/piracicaba\/?s={search_term_string}"},"query-input":{"@type":"PropertyValueSpecification","valueRequired":true,"valueName":"search_term_string"}}],"inLanguage":"pt-BR"},{"@type":"Organization","@id":"https:\/\/jornalvia.com\/piracicaba\/#organization","name":"Jornal VIA","url":"https:\/\/jornalvia.com\/piracicaba\/","logo":{"@type":"ImageObject","inLanguage":"pt-BR","@id":"https:\/\/jornalvia.com\/piracicaba\/#\/schema\/logo\/image\/","url":"https:\/\/jornalvia.com\/piracicaba\/wp-content\/uploads\/sites\/2\/2025\/09\/cropped-logo_site_5-1.png","contentUrl":"https:\/\/jornalvia.com\/piracicaba\/wp-content\/uploads\/sites\/2\/2025\/09\/cropped-logo_site_5-1.png","width":512,"height":512,"caption":"Jornal VIA"},"image":{"@id":"https:\/\/jornalvia.com\/piracicaba\/#\/schema\/logo\/image\/"}},{"@type":"Person","@id":"https:\/\/jornalvia.com\/piracicaba\/#\/schema\/person\/672c24084b8babca7ca8adc9bb83152a","name":"Reda\u00e7\u00e3o","url":"https:\/\/jornalvia.com\/piracicaba\/author\/jaquelineprates\/"}]}},"_links":{"self":[{"href":"https:\/\/jornalvia.com\/piracicaba\/wp-json\/wp\/v2\/posts\/14782","targetHints":{"allow":["GET"]}}],"collection":[{"href":"https:\/\/jornalvia.com\/piracicaba\/wp-json\/wp\/v2\/posts"}],"about":[{"href":"https:\/\/jornalvia.com\/piracicaba\/wp-json\/wp\/v2\/types\/post"}],"author":[{"embeddable":true,"href":"https:\/\/jornalvia.com\/piracicaba\/wp-json\/wp\/v2\/users\/9"}],"replies":[{"embeddable":true,"href":"https:\/\/jornalvia.com\/piracicaba\/wp-json\/wp\/v2\/comments?post=14782"}],"version-history":[{"count":1,"href":"https:\/\/jornalvia.com\/piracicaba\/wp-json\/wp\/v2\/posts\/14782\/revisions"}],"predecessor-version":[{"id":14784,"href":"https:\/\/jornalvia.com\/piracicaba\/wp-json\/wp\/v2\/posts\/14782\/revisions\/14784"}],"wp:featuredmedia":[{"embeddable":true,"href":"https:\/\/jornalvia.com\/piracicaba\/wp-json\/wp\/v2\/media\/14783"}],"wp:attachment":[{"href":"https:\/\/jornalvia.com\/piracicaba\/wp-json\/wp\/v2\/media?parent=14782"}],"wp:term":[{"taxonomy":"category","embeddable":true,"href":"https:\/\/jornalvia.com\/piracicaba\/wp-json\/wp\/v2\/categories?post=14782"},{"taxonomy":"post_tag","embeddable":true,"href":"https:\/\/jornalvia.com\/piracicaba\/wp-json\/wp\/v2\/tags?post=14782"}],"curies":[{"name":"wp","href":"https:\/\/api.w.org\/{rel}","templated":true}]}}