{"id":14604,"date":"2026-07-29T08:00:32","date_gmt":"2026-07-29T11:00:32","guid":{"rendered":"https:\/\/jornalvia.com\/piracicaba\/?p=14604"},"modified":"2026-07-28T22:16:46","modified_gmt":"2026-07-29T01:16:46","slug":"fundo-social-de-piracicaba-recebe-meia-tonelada-de-alimentos-arrecadados-em-festa-junina-estudantil","status":"publish","type":"post","link":"https:\/\/jornalvia.com\/piracicaba\/comunidade\/fundo-social-de-piracicaba-recebe-meia-tonelada-de-alimentos-arrecadados-em-festa-junina-estudantil\/","title":{"rendered":"Fundo Social de Piracicaba recebe meia tonelada de alimentos arrecadados em festa junina estudantil"},"content":{"rendered":"<p>O Fundo Social de Solidariedade de Piracicaba recebeu aproximadamente 500 quilos de alimentos arrecadados durante a festa junina promovida pela Rep\u00fablica Forf\u00e9, tradicional rep\u00fablica estudantil da Escola Superior de Agricultura Luiz de Queiroz (Esalq\/USP). A entrega ocorreu no \u00faltimo s\u00e1bado (26) e os donativos j\u00e1 foram encaminhados a entidades assistenciais do munic\u00edpio.<\/p>\n<p>A arrecada\u00e7\u00e3o foi realizada durante o evento junino promovido no Engenho Central, com apoio da Prefeitura de Piracicaba e da Associa\u00e7\u00e3o Cultural Festa das Na\u00e7\u00f5es de Piracicaba (Fenapi).<\/p>\n<p><strong>Alimentos beneficiam tr\u00eas institui\u00e7\u00f5es<\/strong><\/p>\n<p>Os alimentos foram distribu\u00eddos para tr\u00eas organiza\u00e7\u00f5es que desenvolvem trabalhos sociais em Piracicaba:<\/p>\n<p>APASPI (Associa\u00e7\u00e3o dos Pais e Amigos de Surdos de Piracicaba), que atua no atendimento de crian\u00e7as e adolescentes com defici\u00eancia auditiva;<\/p>\n<p>CaravanArte, institui\u00e7\u00e3o voltada ao desenvolvimento de projetos culturais, oficinas art\u00edsticas, conta\u00e7\u00e3o de hist\u00f3rias e valoriza\u00e7\u00e3o da cultura popular;<\/p>\n<p>Caphiv (Centro de Apoio aos Portadores do V\u00edrus HIV\/AIDS e Hepatites Virais), que presta apoio, orienta\u00e7\u00e3o e realiza a\u00e7\u00f5es de preven\u00e7\u00e3o relacionadas ao HIV, \u00e0 Aids e \u00e0s hepatites virais.<\/p>\n<p><strong>Solidariedade entre universidade e comunidade<\/strong><\/p>\n<p>Fundada em 1999, a Rep\u00fablica Forf\u00e9 \u00e9 uma das tradicionais rep\u00fablicas estudantis da Esalq\/USP e desenvolve, al\u00e9m das atividades de integra\u00e7\u00e3o universit\u00e1ria, iniciativas voltadas \u00e0 responsabilidade social e \u00e0 promo\u00e7\u00e3o de a\u00e7\u00f5es beneficentes.<\/p>\n<p>A presidente do Fundo Social de Solidariedade de Piracicaba, Valkiria Callovi, destacou a import\u00e2ncia da mobiliza\u00e7\u00e3o coletiva para fortalecer o trabalho das entidades assistenciais. Segundo ela, a uni\u00e3o entre estudantes, institui\u00e7\u00f5es e poder p\u00fablico amplia o alcance das a\u00e7\u00f5es solid\u00e1rias e contribui para atender pessoas em situa\u00e7\u00e3o de vulnerabilidade.<\/p>\n<p>A iniciativa refor\u00e7a o papel das campanhas de arrecada\u00e7\u00e3o na complementa\u00e7\u00e3o do atendimento prestado por organiza\u00e7\u00f5es sociais que atuam diariamente no munic\u00edpio.<\/p>\n","protected":false},"excerpt":{"rendered":"<p>Doa\u00e7\u00f5es foram destinadas a tr\u00eas entidades assistenciais do munic\u00edpio e refor\u00e7am a\u00e7\u00f5es de solidariedade entre estudantes, institui\u00e7\u00f5es e comunidade.<\/p>\n","protected":false},"author":9,"featured_media":14605,"comment_status":"closed","ping_status":"closed","sticky":false,"template":"","format":"standard","meta":{"_acf_changed":false,"footnotes":""},"categories":[46],"tags":[],"class_list":["post-14604","post","type-post","status-publish","format-standard","has-post-thumbnail","hentry","category-comunidade"],"acf":[],"yoast_head":"<!-- This site is optimized with the Yoast SEO plugin v27.2 - https:\/\/yoast.com\/product\/yoast-seo-wordpress\/ -->\n<title>Fundo Social de Piracicaba recebe meia tonelada de alimentos arrecadados em festa junina estudantil<\/title>\n<meta name=\"robots\" content=\"index, follow, max-snippet:-1, max-image-preview:large, max-video-preview:-1\" \/>\n<link rel=\"canonical\" href=\"https:\/\/jornalvia.com\/piracicaba\/comunidade\/fundo-social-de-piracicaba-recebe-meia-tonelada-de-alimentos-arrecadados-em-festa-junina-estudantil\/\" \/>\n<meta property=\"og:locale\" content=\"pt_BR\" \/>\n<meta property=\"og:type\" content=\"article\" \/>\n<meta property=\"og:title\" content=\"Fundo Social de Piracicaba recebe meia tonelada de alimentos arrecadados em festa junina estudantil\" \/>\n<meta property=\"og:description\" content=\"Doa\u00e7\u00f5es foram destinadas a tr\u00eas entidades assistenciais do munic\u00edpio e refor\u00e7am a\u00e7\u00f5es de solidariedade entre estudantes, institui\u00e7\u00f5es e comunidade.\" \/>\n<meta property=\"og:url\" content=\"https:\/\/jornalvia.com\/piracicaba\/comunidade\/fundo-social-de-piracicaba-recebe-meia-tonelada-de-alimentos-arrecadados-em-festa-junina-estudantil\/\" \/>\n<meta property=\"og:site_name\" content=\"Piracicaba\" \/>\n<meta property=\"article:published_time\" content=\"2026-07-29T11:00:32+00:00\" \/>\n<meta property=\"og:image\" content=\"https:\/\/jornalvia.com\/piracicaba\/wp-content\/uploads\/sites\/2\/2026\/07\/2026-07-28-ID2-001533.webp\" \/>\n\t<meta property=\"og:image:width\" content=\"960\" \/>\n\t<meta property=\"og:image:height\" content=\"1181\" \/>\n\t<meta property=\"og:image:type\" content=\"image\/webp\" \/>\n<meta name=\"author\" content=\"Reda\u00e7\u00e3o\" \/>\n<meta name=\"twitter:card\" content=\"summary_large_image\" \/>\n<meta name=\"twitter:label1\" content=\"Escrito por\" \/>\n\t<meta name=\"twitter:data1\" content=\"Reda\u00e7\u00e3o\" \/>\n\t<meta name=\"twitter:label2\" content=\"Est. tempo de leitura\" \/>\n\t<meta name=\"twitter:data2\" content=\"2 minutos\" \/>\n<script type=\"application\/ld+json\" class=\"yoast-schema-graph\">{\"@context\":\"https:\/\/schema.org\",\"@graph\":[{\"@type\":\"Article\",\"@id\":\"https:\/\/jornalvia.com\/piracicaba\/comunidade\/fundo-social-de-piracicaba-recebe-meia-tonelada-de-alimentos-arrecadados-em-festa-junina-estudantil\/#article\",\"isPartOf\":{\"@id\":\"https:\/\/jornalvia.com\/piracicaba\/comunidade\/fundo-social-de-piracicaba-recebe-meia-tonelada-de-alimentos-arrecadados-em-festa-junina-estudantil\/\"},\"author\":{\"name\":\"Reda\u00e7\u00e3o\",\"@id\":\"https:\/\/jornalvia.com\/piracicaba\/#\/schema\/person\/672c24084b8babca7ca8adc9bb83152a\"},\"headline\":\"Fundo Social de Piracicaba recebe meia tonelada de alimentos arrecadados em festa junina estudantil\",\"datePublished\":\"2026-07-29T11:00:32+00:00\",\"mainEntityOfPage\":{\"@id\":\"https:\/\/jornalvia.com\/piracicaba\/comunidade\/fundo-social-de-piracicaba-recebe-meia-tonelada-de-alimentos-arrecadados-em-festa-junina-estudantil\/\"},\"wordCount\":329,\"publisher\":{\"@id\":\"https:\/\/jornalvia.com\/piracicaba\/#organization\"},\"image\":{\"@id\":\"https:\/\/jornalvia.com\/piracicaba\/comunidade\/fundo-social-de-piracicaba-recebe-meia-tonelada-de-alimentos-arrecadados-em-festa-junina-estudantil\/#primaryimage\"},\"thumbnailUrl\":\"https:\/\/jornalvia.com\/piracicaba\/wp-content\/uploads\/sites\/2\/2026\/07\/2026-07-28-ID2-001533.webp\",\"articleSection\":[\"Comunidade\"],\"inLanguage\":\"pt-BR\"},{\"@type\":\"WebPage\",\"@id\":\"https:\/\/jornalvia.com\/piracicaba\/comunidade\/fundo-social-de-piracicaba-recebe-meia-tonelada-de-alimentos-arrecadados-em-festa-junina-estudantil\/\",\"url\":\"https:\/\/jornalvia.com\/piracicaba\/comunidade\/fundo-social-de-piracicaba-recebe-meia-tonelada-de-alimentos-arrecadados-em-festa-junina-estudantil\/\",\"name\":\"Fundo Social de Piracicaba recebe meia tonelada de alimentos arrecadados em festa junina estudantil\",\"isPartOf\":{\"@id\":\"https:\/\/jornalvia.com\/piracicaba\/#website\"},\"primaryImageOfPage\":{\"@id\":\"https:\/\/jornalvia.com\/piracicaba\/comunidade\/fundo-social-de-piracicaba-recebe-meia-tonelada-de-alimentos-arrecadados-em-festa-junina-estudantil\/#primaryimage\"},\"image\":{\"@id\":\"https:\/\/jornalvia.com\/piracicaba\/comunidade\/fundo-social-de-piracicaba-recebe-meia-tonelada-de-alimentos-arrecadados-em-festa-junina-estudantil\/#primaryimage\"},\"thumbnailUrl\":\"https:\/\/jornalvia.com\/piracicaba\/wp-content\/uploads\/sites\/2\/2026\/07\/2026-07-28-ID2-001533.webp\",\"datePublished\":\"2026-07-29T11:00:32+00:00\",\"breadcrumb\":{\"@id\":\"https:\/\/jornalvia.com\/piracicaba\/comunidade\/fundo-social-de-piracicaba-recebe-meia-tonelada-de-alimentos-arrecadados-em-festa-junina-estudantil\/#breadcrumb\"},\"inLanguage\":\"pt-BR\",\"potentialAction\":[{\"@type\":\"ReadAction\",\"target\":[\"https:\/\/jornalvia.com\/piracicaba\/comunidade\/fundo-social-de-piracicaba-recebe-meia-tonelada-de-alimentos-arrecadados-em-festa-junina-estudantil\/\"]}]},{\"@type\":\"ImageObject\",\"inLanguage\":\"pt-BR\",\"@id\":\"https:\/\/jornalvia.com\/piracicaba\/comunidade\/fundo-social-de-piracicaba-recebe-meia-tonelada-de-alimentos-arrecadados-em-festa-junina-estudantil\/#primaryimage\",\"url\":\"https:\/\/jornalvia.com\/piracicaba\/wp-content\/uploads\/sites\/2\/2026\/07\/2026-07-28-ID2-001533.webp\",\"contentUrl\":\"https:\/\/jornalvia.com\/piracicaba\/wp-content\/uploads\/sites\/2\/2026\/07\/2026-07-28-ID2-001533.webp\",\"width\":960,\"height\":1181,\"caption\":\"Foto: Divulga\u00e7\u00e3o\"},{\"@type\":\"BreadcrumbList\",\"@id\":\"https:\/\/jornalvia.com\/piracicaba\/comunidade\/fundo-social-de-piracicaba-recebe-meia-tonelada-de-alimentos-arrecadados-em-festa-junina-estudantil\/#breadcrumb\",\"itemListElement\":[{\"@type\":\"ListItem\",\"position\":1,\"name\":\"In\u00edcio\",\"item\":\"https:\/\/jornalvia.com\/piracicaba\/\"},{\"@type\":\"ListItem\",\"position\":2,\"name\":\"Fundo Social de Piracicaba recebe meia tonelada de alimentos arrecadados em festa junina estudantil\"}]},{\"@type\":\"WebSite\",\"@id\":\"https:\/\/jornalvia.com\/piracicaba\/#website\",\"url\":\"https:\/\/jornalvia.com\/piracicaba\/\",\"name\":\"Jornal VIA\",\"description\":\"Seu novo jornal de not\u00edcias em Piracicaba com informa\u00e7\u00f5es locais, do Brasil e do mundo\",\"publisher\":{\"@id\":\"https:\/\/jornalvia.com\/piracicaba\/#organization\"},\"alternateName\":\"Jornal VIA \u2022 Piracicaba\",\"potentialAction\":[{\"@type\":\"SearchAction\",\"target\":{\"@type\":\"EntryPoint\",\"urlTemplate\":\"https:\/\/jornalvia.com\/piracicaba\/?s={search_term_string}\"},\"query-input\":{\"@type\":\"PropertyValueSpecification\",\"valueRequired\":true,\"valueName\":\"search_term_string\"}}],\"inLanguage\":\"pt-BR\"},{\"@type\":\"Organization\",\"@id\":\"https:\/\/jornalvia.com\/piracicaba\/#organization\",\"name\":\"Jornal VIA\",\"url\":\"https:\/\/jornalvia.com\/piracicaba\/\",\"logo\":{\"@type\":\"ImageObject\",\"inLanguage\":\"pt-BR\",\"@id\":\"https:\/\/jornalvia.com\/piracicaba\/#\/schema\/logo\/image\/\",\"url\":\"https:\/\/jornalvia.com\/piracicaba\/wp-content\/uploads\/sites\/2\/2025\/09\/cropped-logo_site_5-1.png\",\"contentUrl\":\"https:\/\/jornalvia.com\/piracicaba\/wp-content\/uploads\/sites\/2\/2025\/09\/cropped-logo_site_5-1.png\",\"width\":512,\"height\":512,\"caption\":\"Jornal VIA\"},\"image\":{\"@id\":\"https:\/\/jornalvia.com\/piracicaba\/#\/schema\/logo\/image\/\"}},{\"@type\":\"Person\",\"@id\":\"https:\/\/jornalvia.com\/piracicaba\/#\/schema\/person\/672c24084b8babca7ca8adc9bb83152a\",\"name\":\"Reda\u00e7\u00e3o\",\"url\":\"https:\/\/jornalvia.com\/piracicaba\/author\/jaquelineprates\/\"}]}<\/script>\n<!-- \/ Yoast SEO plugin. -->","yoast_head_json":{"title":"Fundo Social de Piracicaba recebe meia tonelada de alimentos arrecadados em festa junina estudantil","robots":{"index":"index","follow":"follow","max-snippet":"max-snippet:-1","max-image-preview":"max-image-preview:large","max-video-preview":"max-video-preview:-1"},"canonical":"https:\/\/jornalvia.com\/piracicaba\/comunidade\/fundo-social-de-piracicaba-recebe-meia-tonelada-de-alimentos-arrecadados-em-festa-junina-estudantil\/","og_locale":"pt_BR","og_type":"article","og_title":"Fundo Social de Piracicaba recebe meia tonelada de alimentos arrecadados em festa junina estudantil","og_description":"Doa\u00e7\u00f5es foram destinadas a tr\u00eas entidades assistenciais do munic\u00edpio e refor\u00e7am a\u00e7\u00f5es de solidariedade entre estudantes, institui\u00e7\u00f5es e comunidade.","og_url":"https:\/\/jornalvia.com\/piracicaba\/comunidade\/fundo-social-de-piracicaba-recebe-meia-tonelada-de-alimentos-arrecadados-em-festa-junina-estudantil\/","og_site_name":"Piracicaba","article_published_time":"2026-07-29T11:00:32+00:00","og_image":[{"width":960,"height":1181,"url":"https:\/\/jornalvia.com\/piracicaba\/wp-content\/uploads\/sites\/2\/2026\/07\/2026-07-28-ID2-001533.webp","type":"image\/webp"}],"author":"Reda\u00e7\u00e3o","twitter_card":"summary_large_image","twitter_misc":{"Escrito por":"Reda\u00e7\u00e3o","Est. tempo de leitura":"2 minutos"},"schema":{"@context":"https:\/\/schema.org","@graph":[{"@type":"Article","@id":"https:\/\/jornalvia.com\/piracicaba\/comunidade\/fundo-social-de-piracicaba-recebe-meia-tonelada-de-alimentos-arrecadados-em-festa-junina-estudantil\/#article","isPartOf":{"@id":"https:\/\/jornalvia.com\/piracicaba\/comunidade\/fundo-social-de-piracicaba-recebe-meia-tonelada-de-alimentos-arrecadados-em-festa-junina-estudantil\/"},"author":{"name":"Reda\u00e7\u00e3o","@id":"https:\/\/jornalvia.com\/piracicaba\/#\/schema\/person\/672c24084b8babca7ca8adc9bb83152a"},"headline":"Fundo Social de Piracicaba recebe meia tonelada de alimentos arrecadados em festa junina estudantil","datePublished":"2026-07-29T11:00:32+00:00","mainEntityOfPage":{"@id":"https:\/\/jornalvia.com\/piracicaba\/comunidade\/fundo-social-de-piracicaba-recebe-meia-tonelada-de-alimentos-arrecadados-em-festa-junina-estudantil\/"},"wordCount":329,"publisher":{"@id":"https:\/\/jornalvia.com\/piracicaba\/#organization"},"image":{"@id":"https:\/\/jornalvia.com\/piracicaba\/comunidade\/fundo-social-de-piracicaba-recebe-meia-tonelada-de-alimentos-arrecadados-em-festa-junina-estudantil\/#primaryimage"},"thumbnailUrl":"https:\/\/jornalvia.com\/piracicaba\/wp-content\/uploads\/sites\/2\/2026\/07\/2026-07-28-ID2-001533.webp","articleSection":["Comunidade"],"inLanguage":"pt-BR"},{"@type":"WebPage","@id":"https:\/\/jornalvia.com\/piracicaba\/comunidade\/fundo-social-de-piracicaba-recebe-meia-tonelada-de-alimentos-arrecadados-em-festa-junina-estudantil\/","url":"https:\/\/jornalvia.com\/piracicaba\/comunidade\/fundo-social-de-piracicaba-recebe-meia-tonelada-de-alimentos-arrecadados-em-festa-junina-estudantil\/","name":"Fundo Social de Piracicaba recebe meia tonelada de alimentos arrecadados em festa junina estudantil","isPartOf":{"@id":"https:\/\/jornalvia.com\/piracicaba\/#website"},"primaryImageOfPage":{"@id":"https:\/\/jornalvia.com\/piracicaba\/comunidade\/fundo-social-de-piracicaba-recebe-meia-tonelada-de-alimentos-arrecadados-em-festa-junina-estudantil\/#primaryimage"},"image":{"@id":"https:\/\/jornalvia.com\/piracicaba\/comunidade\/fundo-social-de-piracicaba-recebe-meia-tonelada-de-alimentos-arrecadados-em-festa-junina-estudantil\/#primaryimage"},"thumbnailUrl":"https:\/\/jornalvia.com\/piracicaba\/wp-content\/uploads\/sites\/2\/2026\/07\/2026-07-28-ID2-001533.webp","datePublished":"2026-07-29T11:00:32+00:00","breadcrumb":{"@id":"https:\/\/jornalvia.com\/piracicaba\/comunidade\/fundo-social-de-piracicaba-recebe-meia-tonelada-de-alimentos-arrecadados-em-festa-junina-estudantil\/#breadcrumb"},"inLanguage":"pt-BR","potentialAction":[{"@type":"ReadAction","target":["https:\/\/jornalvia.com\/piracicaba\/comunidade\/fundo-social-de-piracicaba-recebe-meia-tonelada-de-alimentos-arrecadados-em-festa-junina-estudantil\/"]}]},{"@type":"ImageObject","inLanguage":"pt-BR","@id":"https:\/\/jornalvia.com\/piracicaba\/comunidade\/fundo-social-de-piracicaba-recebe-meia-tonelada-de-alimentos-arrecadados-em-festa-junina-estudantil\/#primaryimage","url":"https:\/\/jornalvia.com\/piracicaba\/wp-content\/uploads\/sites\/2\/2026\/07\/2026-07-28-ID2-001533.webp","contentUrl":"https:\/\/jornalvia.com\/piracicaba\/wp-content\/uploads\/sites\/2\/2026\/07\/2026-07-28-ID2-001533.webp","width":960,"height":1181,"caption":"Foto: Divulga\u00e7\u00e3o"},{"@type":"BreadcrumbList","@id":"https:\/\/jornalvia.com\/piracicaba\/comunidade\/fundo-social-de-piracicaba-recebe-meia-tonelada-de-alimentos-arrecadados-em-festa-junina-estudantil\/#breadcrumb","itemListElement":[{"@type":"ListItem","position":1,"name":"In\u00edcio","item":"https:\/\/jornalvia.com\/piracicaba\/"},{"@type":"ListItem","position":2,"name":"Fundo Social de Piracicaba recebe meia tonelada de alimentos arrecadados em festa junina estudantil"}]},{"@type":"WebSite","@id":"https:\/\/jornalvia.com\/piracicaba\/#website","url":"https:\/\/jornalvia.com\/piracicaba\/","name":"Jornal VIA","description":"Seu novo jornal de not\u00edcias em Piracicaba com informa\u00e7\u00f5es locais, do Brasil e do mundo","publisher":{"@id":"https:\/\/jornalvia.com\/piracicaba\/#organization"},"alternateName":"Jornal VIA \u2022 Piracicaba","potentialAction":[{"@type":"SearchAction","target":{"@type":"EntryPoint","urlTemplate":"https:\/\/jornalvia.com\/piracicaba\/?s={search_term_string}"},"query-input":{"@type":"PropertyValueSpecification","valueRequired":true,"valueName":"search_term_string"}}],"inLanguage":"pt-BR"},{"@type":"Organization","@id":"https:\/\/jornalvia.com\/piracicaba\/#organization","name":"Jornal VIA","url":"https:\/\/jornalvia.com\/piracicaba\/","logo":{"@type":"ImageObject","inLanguage":"pt-BR","@id":"https:\/\/jornalvia.com\/piracicaba\/#\/schema\/logo\/image\/","url":"https:\/\/jornalvia.com\/piracicaba\/wp-content\/uploads\/sites\/2\/2025\/09\/cropped-logo_site_5-1.png","contentUrl":"https:\/\/jornalvia.com\/piracicaba\/wp-content\/uploads\/sites\/2\/2025\/09\/cropped-logo_site_5-1.png","width":512,"height":512,"caption":"Jornal VIA"},"image":{"@id":"https:\/\/jornalvia.com\/piracicaba\/#\/schema\/logo\/image\/"}},{"@type":"Person","@id":"https:\/\/jornalvia.com\/piracicaba\/#\/schema\/person\/672c24084b8babca7ca8adc9bb83152a","name":"Reda\u00e7\u00e3o","url":"https:\/\/jornalvia.com\/piracicaba\/author\/jaquelineprates\/"}]}},"_links":{"self":[{"href":"https:\/\/jornalvia.com\/piracicaba\/wp-json\/wp\/v2\/posts\/14604","targetHints":{"allow":["GET"]}}],"collection":[{"href":"https:\/\/jornalvia.com\/piracicaba\/wp-json\/wp\/v2\/posts"}],"about":[{"href":"https:\/\/jornalvia.com\/piracicaba\/wp-json\/wp\/v2\/types\/post"}],"author":[{"embeddable":true,"href":"https:\/\/jornalvia.com\/piracicaba\/wp-json\/wp\/v2\/users\/9"}],"replies":[{"embeddable":true,"href":"https:\/\/jornalvia.com\/piracicaba\/wp-json\/wp\/v2\/comments?post=14604"}],"version-history":[{"count":1,"href":"https:\/\/jornalvia.com\/piracicaba\/wp-json\/wp\/v2\/posts\/14604\/revisions"}],"predecessor-version":[{"id":14606,"href":"https:\/\/jornalvia.com\/piracicaba\/wp-json\/wp\/v2\/posts\/14604\/revisions\/14606"}],"wp:featuredmedia":[{"embeddable":true,"href":"https:\/\/jornalvia.com\/piracicaba\/wp-json\/wp\/v2\/media\/14605"}],"wp:attachment":[{"href":"https:\/\/jornalvia.com\/piracicaba\/wp-json\/wp\/v2\/media?parent=14604"}],"wp:term":[{"taxonomy":"category","embeddable":true,"href":"https:\/\/jornalvia.com\/piracicaba\/wp-json\/wp\/v2\/categories?post=14604"},{"taxonomy":"post_tag","embeddable":true,"href":"https:\/\/jornalvia.com\/piracicaba\/wp-json\/wp\/v2\/tags?post=14604"}],"curies":[{"name":"wp","href":"https:\/\/api.w.org\/{rel}","templated":true}]}}