{"id":14520,"date":"2026-07-24T12:55:23","date_gmt":"2026-07-24T15:55:23","guid":{"rendered":"https:\/\/jornalvia.com\/piracicaba\/?p=14520"},"modified":"2026-07-24T12:55:23","modified_gmt":"2026-07-24T15:55:23","slug":"ingressos-solidarios-para-a-festa-do-peao-de-piracicaba-ja-podem-ser-trocados-por-alimentos-e-fraldas","status":"publish","type":"post","link":"https:\/\/jornalvia.com\/piracicaba\/comunidade\/ingressos-solidarios-para-a-festa-do-peao-de-piracicaba-ja-podem-ser-trocados-por-alimentos-e-fraldas\/","title":{"rendered":"Ingressos solid\u00e1rios para a Festa do Pe\u00e3o de Piracicaba j\u00e1 podem ser trocados por alimentos e fraldas"},"content":{"rendered":"<p>Quem pretende assistir aos shows da Festa do Pe\u00e3o de Piracicaba 2026 j\u00e1 pode garantir o ingresso por meio da campanha solid\u00e1ria promovida em parceria com o Fundo Social de Solidariedade. A troca \u00e9 feita mediante a doa\u00e7\u00e3o de alimentos n\u00e3o perec\u00edveis ou fraldas infantis e segue enquanto houver disponibilidade de ingressos para cada dia do evento.<\/p>\n<p>A festa ser\u00e1 realizada entre os dias 11 e 22 de agosto, no Parque Unileste, com uma programa\u00e7\u00e3o que re\u00fane grandes nomes da m\u00fasica nacional.<\/p>\n<p><strong>Como fazer a troca<\/strong><br \/>\nOs ingressos podem ser retirados de segunda a sexta-feira, das 9h \u00e0s 17h, em dois pontos de atendimento:<\/p>\n<p>Fundo Social de Solidariedade \u2013 Avenida dos Marins, 100, Glebas Calif\u00f3rnia (ao lado da Escola Ilda Jenny)<br \/>\nTeatro S\u00e3o Jos\u00e9 \u2013 Rua S\u00e3o Jos\u00e9, 799, Centro<br \/>\nPara participar da campanha, \u00e9 necess\u00e1rio doar:<\/p>\n<p>2 kg de arroz ou 2 kg de feij\u00e3o, que d\u00e3o direito a um ingresso;<br \/>\nUm pacote de fraldas infantis, que garante dois ingressos.<\/p>\n<p>A organiza\u00e7\u00e3o informa que os ingressos s\u00e3o limitados e distribu\u00eddos de acordo com a capacidade de p\u00fablico de cada dia de evento.<\/p>\n<p><strong>Doa\u00e7\u00f5es ser\u00e3o destinadas a fam\u00edlias atendidas pelo Fundo Social<\/strong><br \/>\nOs alimentos e itens de higiene arrecadados durante a campanha ser\u00e3o destinados a entidades assistenciais e fam\u00edlias em situa\u00e7\u00e3o de vulnerabilidade social de Piracicaba.<\/p>\n<p>Em caso de d\u00favidas, o atendimento \u00e9 realizado pelo WhatsApp (19) 99853-9823.<\/p>\n<p><strong>Programa\u00e7\u00e3o re\u00fane grandes atra\u00e7\u00f5es<\/strong><br \/>\nA edi\u00e7\u00e3o de 2026 da Festa do Pe\u00e3o de Piracicaba ter\u00e1 apresenta\u00e7\u00f5es de artistas como Gusttavo Lima, Pedro Sampaio, Bruno &amp; Marrone, Frei Gilson, Natanzinho Lima, \u00cdcaro e Gilmar e Elis Justi, entre outros.<\/p>\n<p>Mais informa\u00e7\u00f5es sobre a programa\u00e7\u00e3o podem ser acompanhadas nas redes sociais oficiais da Festa do Pe\u00e3o de Piracicaba.<\/p>\n","protected":false},"excerpt":{"rendered":"<p>Troca antecipada \u00e9 realizada no Fundo Social e no Teatro S\u00e3o Jos\u00e9. Evento acontece entre 11 e 22 de agosto, no Parque Unileste.<\/p>\n","protected":false},"author":9,"featured_media":14521,"comment_status":"closed","ping_status":"closed","sticky":false,"template":"","format":"standard","meta":{"_acf_changed":false,"footnotes":""},"categories":[46],"tags":[],"class_list":["post-14520","post","type-post","status-publish","format-standard","has-post-thumbnail","hentry","category-comunidade"],"acf":[],"yoast_head":"<!-- This site is optimized with the Yoast SEO plugin v27.2 - https:\/\/yoast.com\/product\/yoast-seo-wordpress\/ -->\n<title>Ingressos solid\u00e1rios para a Festa do Pe\u00e3o de Piracicaba j\u00e1 podem ser trocados por alimentos e fraldas<\/title>\n<meta name=\"robots\" content=\"index, follow, max-snippet:-1, max-image-preview:large, max-video-preview:-1\" \/>\n<link rel=\"canonical\" href=\"https:\/\/jornalvia.com\/piracicaba\/comunidade\/ingressos-solidarios-para-a-festa-do-peao-de-piracicaba-ja-podem-ser-trocados-por-alimentos-e-fraldas\/\" \/>\n<meta property=\"og:locale\" content=\"pt_BR\" \/>\n<meta property=\"og:type\" content=\"article\" \/>\n<meta property=\"og:title\" content=\"Ingressos solid\u00e1rios para a Festa do Pe\u00e3o de Piracicaba j\u00e1 podem ser trocados por alimentos e fraldas\" \/>\n<meta property=\"og:description\" content=\"Troca antecipada \u00e9 realizada no Fundo Social e no Teatro S\u00e3o Jos\u00e9. Evento acontece entre 11 e 22 de agosto, no Parque Unileste.\" \/>\n<meta property=\"og:url\" content=\"https:\/\/jornalvia.com\/piracicaba\/comunidade\/ingressos-solidarios-para-a-festa-do-peao-de-piracicaba-ja-podem-ser-trocados-por-alimentos-e-fraldas\/\" \/>\n<meta property=\"og:site_name\" content=\"Piracicaba\" \/>\n<meta property=\"article:published_time\" content=\"2026-07-24T15:55:23+00:00\" \/>\n<meta property=\"og:image\" content=\"https:\/\/jornalvia.com\/piracicaba\/wp-content\/uploads\/sites\/2\/2026\/07\/2026-07-24-ID2-001518.webp\" \/>\n\t<meta property=\"og:image:width\" content=\"1300\" \/>\n\t<meta property=\"og:image:height\" content=\"867\" \/>\n\t<meta property=\"og:image:type\" content=\"image\/webp\" \/>\n<meta name=\"author\" content=\"Reda\u00e7\u00e3o\" \/>\n<meta name=\"twitter:card\" content=\"summary_large_image\" \/>\n<meta name=\"twitter:label1\" content=\"Escrito por\" \/>\n\t<meta name=\"twitter:data1\" content=\"Reda\u00e7\u00e3o\" \/>\n\t<meta name=\"twitter:label2\" content=\"Est. tempo de leitura\" \/>\n\t<meta name=\"twitter:data2\" content=\"2 minutos\" \/>\n<script type=\"application\/ld+json\" class=\"yoast-schema-graph\">{\"@context\":\"https:\/\/schema.org\",\"@graph\":[{\"@type\":\"Article\",\"@id\":\"https:\/\/jornalvia.com\/piracicaba\/comunidade\/ingressos-solidarios-para-a-festa-do-peao-de-piracicaba-ja-podem-ser-trocados-por-alimentos-e-fraldas\/#article\",\"isPartOf\":{\"@id\":\"https:\/\/jornalvia.com\/piracicaba\/comunidade\/ingressos-solidarios-para-a-festa-do-peao-de-piracicaba-ja-podem-ser-trocados-por-alimentos-e-fraldas\/\"},\"author\":{\"name\":\"Reda\u00e7\u00e3o\",\"@id\":\"https:\/\/jornalvia.com\/piracicaba\/#\/schema\/person\/672c24084b8babca7ca8adc9bb83152a\"},\"headline\":\"Ingressos solid\u00e1rios para a Festa do Pe\u00e3o de Piracicaba j\u00e1 podem ser trocados por alimentos e fraldas\",\"datePublished\":\"2026-07-24T15:55:23+00:00\",\"mainEntityOfPage\":{\"@id\":\"https:\/\/jornalvia.com\/piracicaba\/comunidade\/ingressos-solidarios-para-a-festa-do-peao-de-piracicaba-ja-podem-ser-trocados-por-alimentos-e-fraldas\/\"},\"wordCount\":323,\"publisher\":{\"@id\":\"https:\/\/jornalvia.com\/piracicaba\/#organization\"},\"image\":{\"@id\":\"https:\/\/jornalvia.com\/piracicaba\/comunidade\/ingressos-solidarios-para-a-festa-do-peao-de-piracicaba-ja-podem-ser-trocados-por-alimentos-e-fraldas\/#primaryimage\"},\"thumbnailUrl\":\"https:\/\/jornalvia.com\/piracicaba\/wp-content\/uploads\/sites\/2\/2026\/07\/2026-07-24-ID2-001518.webp\",\"articleSection\":[\"Comunidade\"],\"inLanguage\":\"pt-BR\"},{\"@type\":\"WebPage\",\"@id\":\"https:\/\/jornalvia.com\/piracicaba\/comunidade\/ingressos-solidarios-para-a-festa-do-peao-de-piracicaba-ja-podem-ser-trocados-por-alimentos-e-fraldas\/\",\"url\":\"https:\/\/jornalvia.com\/piracicaba\/comunidade\/ingressos-solidarios-para-a-festa-do-peao-de-piracicaba-ja-podem-ser-trocados-por-alimentos-e-fraldas\/\",\"name\":\"Ingressos solid\u00e1rios para a Festa do Pe\u00e3o de Piracicaba j\u00e1 podem ser trocados por alimentos e fraldas\",\"isPartOf\":{\"@id\":\"https:\/\/jornalvia.com\/piracicaba\/#website\"},\"primaryImageOfPage\":{\"@id\":\"https:\/\/jornalvia.com\/piracicaba\/comunidade\/ingressos-solidarios-para-a-festa-do-peao-de-piracicaba-ja-podem-ser-trocados-por-alimentos-e-fraldas\/#primaryimage\"},\"image\":{\"@id\":\"https:\/\/jornalvia.com\/piracicaba\/comunidade\/ingressos-solidarios-para-a-festa-do-peao-de-piracicaba-ja-podem-ser-trocados-por-alimentos-e-fraldas\/#primaryimage\"},\"thumbnailUrl\":\"https:\/\/jornalvia.com\/piracicaba\/wp-content\/uploads\/sites\/2\/2026\/07\/2026-07-24-ID2-001518.webp\",\"datePublished\":\"2026-07-24T15:55:23+00:00\",\"breadcrumb\":{\"@id\":\"https:\/\/jornalvia.com\/piracicaba\/comunidade\/ingressos-solidarios-para-a-festa-do-peao-de-piracicaba-ja-podem-ser-trocados-por-alimentos-e-fraldas\/#breadcrumb\"},\"inLanguage\":\"pt-BR\",\"potentialAction\":[{\"@type\":\"ReadAction\",\"target\":[\"https:\/\/jornalvia.com\/piracicaba\/comunidade\/ingressos-solidarios-para-a-festa-do-peao-de-piracicaba-ja-podem-ser-trocados-por-alimentos-e-fraldas\/\"]}]},{\"@type\":\"ImageObject\",\"inLanguage\":\"pt-BR\",\"@id\":\"https:\/\/jornalvia.com\/piracicaba\/comunidade\/ingressos-solidarios-para-a-festa-do-peao-de-piracicaba-ja-podem-ser-trocados-por-alimentos-e-fraldas\/#primaryimage\",\"url\":\"https:\/\/jornalvia.com\/piracicaba\/wp-content\/uploads\/sites\/2\/2026\/07\/2026-07-24-ID2-001518.webp\",\"contentUrl\":\"https:\/\/jornalvia.com\/piracicaba\/wp-content\/uploads\/sites\/2\/2026\/07\/2026-07-24-ID2-001518.webp\",\"width\":1300,\"height\":867,\"caption\":\"Foto: Divulga\u00e7\u00e3o\"},{\"@type\":\"BreadcrumbList\",\"@id\":\"https:\/\/jornalvia.com\/piracicaba\/comunidade\/ingressos-solidarios-para-a-festa-do-peao-de-piracicaba-ja-podem-ser-trocados-por-alimentos-e-fraldas\/#breadcrumb\",\"itemListElement\":[{\"@type\":\"ListItem\",\"position\":1,\"name\":\"In\u00edcio\",\"item\":\"https:\/\/jornalvia.com\/piracicaba\/\"},{\"@type\":\"ListItem\",\"position\":2,\"name\":\"Ingressos solid\u00e1rios para a Festa do Pe\u00e3o de Piracicaba j\u00e1 podem ser trocados por alimentos e fraldas\"}]},{\"@type\":\"WebSite\",\"@id\":\"https:\/\/jornalvia.com\/piracicaba\/#website\",\"url\":\"https:\/\/jornalvia.com\/piracicaba\/\",\"name\":\"Jornal VIA\",\"description\":\"Seu novo jornal de not\u00edcias em Piracicaba com informa\u00e7\u00f5es locais, do Brasil e do mundo\",\"publisher\":{\"@id\":\"https:\/\/jornalvia.com\/piracicaba\/#organization\"},\"alternateName\":\"Jornal VIA \u2022 Piracicaba\",\"potentialAction\":[{\"@type\":\"SearchAction\",\"target\":{\"@type\":\"EntryPoint\",\"urlTemplate\":\"https:\/\/jornalvia.com\/piracicaba\/?s={search_term_string}\"},\"query-input\":{\"@type\":\"PropertyValueSpecification\",\"valueRequired\":true,\"valueName\":\"search_term_string\"}}],\"inLanguage\":\"pt-BR\"},{\"@type\":\"Organization\",\"@id\":\"https:\/\/jornalvia.com\/piracicaba\/#organization\",\"name\":\"Jornal VIA\",\"url\":\"https:\/\/jornalvia.com\/piracicaba\/\",\"logo\":{\"@type\":\"ImageObject\",\"inLanguage\":\"pt-BR\",\"@id\":\"https:\/\/jornalvia.com\/piracicaba\/#\/schema\/logo\/image\/\",\"url\":\"https:\/\/jornalvia.com\/piracicaba\/wp-content\/uploads\/sites\/2\/2025\/09\/cropped-logo_site_5-1.png\",\"contentUrl\":\"https:\/\/jornalvia.com\/piracicaba\/wp-content\/uploads\/sites\/2\/2025\/09\/cropped-logo_site_5-1.png\",\"width\":512,\"height\":512,\"caption\":\"Jornal VIA\"},\"image\":{\"@id\":\"https:\/\/jornalvia.com\/piracicaba\/#\/schema\/logo\/image\/\"}},{\"@type\":\"Person\",\"@id\":\"https:\/\/jornalvia.com\/piracicaba\/#\/schema\/person\/672c24084b8babca7ca8adc9bb83152a\",\"name\":\"Reda\u00e7\u00e3o\",\"url\":\"https:\/\/jornalvia.com\/piracicaba\/author\/jaquelineprates\/\"}]}<\/script>\n<!-- \/ Yoast SEO plugin. -->","yoast_head_json":{"title":"Ingressos solid\u00e1rios para a Festa do Pe\u00e3o de Piracicaba j\u00e1 podem ser trocados por alimentos e fraldas","robots":{"index":"index","follow":"follow","max-snippet":"max-snippet:-1","max-image-preview":"max-image-preview:large","max-video-preview":"max-video-preview:-1"},"canonical":"https:\/\/jornalvia.com\/piracicaba\/comunidade\/ingressos-solidarios-para-a-festa-do-peao-de-piracicaba-ja-podem-ser-trocados-por-alimentos-e-fraldas\/","og_locale":"pt_BR","og_type":"article","og_title":"Ingressos solid\u00e1rios para a Festa do Pe\u00e3o de Piracicaba j\u00e1 podem ser trocados por alimentos e fraldas","og_description":"Troca antecipada \u00e9 realizada no Fundo Social e no Teatro S\u00e3o Jos\u00e9. Evento acontece entre 11 e 22 de agosto, no Parque Unileste.","og_url":"https:\/\/jornalvia.com\/piracicaba\/comunidade\/ingressos-solidarios-para-a-festa-do-peao-de-piracicaba-ja-podem-ser-trocados-por-alimentos-e-fraldas\/","og_site_name":"Piracicaba","article_published_time":"2026-07-24T15:55:23+00:00","og_image":[{"width":1300,"height":867,"url":"https:\/\/jornalvia.com\/piracicaba\/wp-content\/uploads\/sites\/2\/2026\/07\/2026-07-24-ID2-001518.webp","type":"image\/webp"}],"author":"Reda\u00e7\u00e3o","twitter_card":"summary_large_image","twitter_misc":{"Escrito por":"Reda\u00e7\u00e3o","Est. tempo de leitura":"2 minutos"},"schema":{"@context":"https:\/\/schema.org","@graph":[{"@type":"Article","@id":"https:\/\/jornalvia.com\/piracicaba\/comunidade\/ingressos-solidarios-para-a-festa-do-peao-de-piracicaba-ja-podem-ser-trocados-por-alimentos-e-fraldas\/#article","isPartOf":{"@id":"https:\/\/jornalvia.com\/piracicaba\/comunidade\/ingressos-solidarios-para-a-festa-do-peao-de-piracicaba-ja-podem-ser-trocados-por-alimentos-e-fraldas\/"},"author":{"name":"Reda\u00e7\u00e3o","@id":"https:\/\/jornalvia.com\/piracicaba\/#\/schema\/person\/672c24084b8babca7ca8adc9bb83152a"},"headline":"Ingressos solid\u00e1rios para a Festa do Pe\u00e3o de Piracicaba j\u00e1 podem ser trocados por alimentos e fraldas","datePublished":"2026-07-24T15:55:23+00:00","mainEntityOfPage":{"@id":"https:\/\/jornalvia.com\/piracicaba\/comunidade\/ingressos-solidarios-para-a-festa-do-peao-de-piracicaba-ja-podem-ser-trocados-por-alimentos-e-fraldas\/"},"wordCount":323,"publisher":{"@id":"https:\/\/jornalvia.com\/piracicaba\/#organization"},"image":{"@id":"https:\/\/jornalvia.com\/piracicaba\/comunidade\/ingressos-solidarios-para-a-festa-do-peao-de-piracicaba-ja-podem-ser-trocados-por-alimentos-e-fraldas\/#primaryimage"},"thumbnailUrl":"https:\/\/jornalvia.com\/piracicaba\/wp-content\/uploads\/sites\/2\/2026\/07\/2026-07-24-ID2-001518.webp","articleSection":["Comunidade"],"inLanguage":"pt-BR"},{"@type":"WebPage","@id":"https:\/\/jornalvia.com\/piracicaba\/comunidade\/ingressos-solidarios-para-a-festa-do-peao-de-piracicaba-ja-podem-ser-trocados-por-alimentos-e-fraldas\/","url":"https:\/\/jornalvia.com\/piracicaba\/comunidade\/ingressos-solidarios-para-a-festa-do-peao-de-piracicaba-ja-podem-ser-trocados-por-alimentos-e-fraldas\/","name":"Ingressos solid\u00e1rios para a Festa do Pe\u00e3o de Piracicaba j\u00e1 podem ser trocados por alimentos e fraldas","isPartOf":{"@id":"https:\/\/jornalvia.com\/piracicaba\/#website"},"primaryImageOfPage":{"@id":"https:\/\/jornalvia.com\/piracicaba\/comunidade\/ingressos-solidarios-para-a-festa-do-peao-de-piracicaba-ja-podem-ser-trocados-por-alimentos-e-fraldas\/#primaryimage"},"image":{"@id":"https:\/\/jornalvia.com\/piracicaba\/comunidade\/ingressos-solidarios-para-a-festa-do-peao-de-piracicaba-ja-podem-ser-trocados-por-alimentos-e-fraldas\/#primaryimage"},"thumbnailUrl":"https:\/\/jornalvia.com\/piracicaba\/wp-content\/uploads\/sites\/2\/2026\/07\/2026-07-24-ID2-001518.webp","datePublished":"2026-07-24T15:55:23+00:00","breadcrumb":{"@id":"https:\/\/jornalvia.com\/piracicaba\/comunidade\/ingressos-solidarios-para-a-festa-do-peao-de-piracicaba-ja-podem-ser-trocados-por-alimentos-e-fraldas\/#breadcrumb"},"inLanguage":"pt-BR","potentialAction":[{"@type":"ReadAction","target":["https:\/\/jornalvia.com\/piracicaba\/comunidade\/ingressos-solidarios-para-a-festa-do-peao-de-piracicaba-ja-podem-ser-trocados-por-alimentos-e-fraldas\/"]}]},{"@type":"ImageObject","inLanguage":"pt-BR","@id":"https:\/\/jornalvia.com\/piracicaba\/comunidade\/ingressos-solidarios-para-a-festa-do-peao-de-piracicaba-ja-podem-ser-trocados-por-alimentos-e-fraldas\/#primaryimage","url":"https:\/\/jornalvia.com\/piracicaba\/wp-content\/uploads\/sites\/2\/2026\/07\/2026-07-24-ID2-001518.webp","contentUrl":"https:\/\/jornalvia.com\/piracicaba\/wp-content\/uploads\/sites\/2\/2026\/07\/2026-07-24-ID2-001518.webp","width":1300,"height":867,"caption":"Foto: Divulga\u00e7\u00e3o"},{"@type":"BreadcrumbList","@id":"https:\/\/jornalvia.com\/piracicaba\/comunidade\/ingressos-solidarios-para-a-festa-do-peao-de-piracicaba-ja-podem-ser-trocados-por-alimentos-e-fraldas\/#breadcrumb","itemListElement":[{"@type":"ListItem","position":1,"name":"In\u00edcio","item":"https:\/\/jornalvia.com\/piracicaba\/"},{"@type":"ListItem","position":2,"name":"Ingressos solid\u00e1rios para a Festa do Pe\u00e3o de Piracicaba j\u00e1 podem ser trocados por alimentos e fraldas"}]},{"@type":"WebSite","@id":"https:\/\/jornalvia.com\/piracicaba\/#website","url":"https:\/\/jornalvia.com\/piracicaba\/","name":"Jornal VIA","description":"Seu novo jornal de not\u00edcias em Piracicaba com informa\u00e7\u00f5es locais, do Brasil e do mundo","publisher":{"@id":"https:\/\/jornalvia.com\/piracicaba\/#organization"},"alternateName":"Jornal VIA \u2022 Piracicaba","potentialAction":[{"@type":"SearchAction","target":{"@type":"EntryPoint","urlTemplate":"https:\/\/jornalvia.com\/piracicaba\/?s={search_term_string}"},"query-input":{"@type":"PropertyValueSpecification","valueRequired":true,"valueName":"search_term_string"}}],"inLanguage":"pt-BR"},{"@type":"Organization","@id":"https:\/\/jornalvia.com\/piracicaba\/#organization","name":"Jornal VIA","url":"https:\/\/jornalvia.com\/piracicaba\/","logo":{"@type":"ImageObject","inLanguage":"pt-BR","@id":"https:\/\/jornalvia.com\/piracicaba\/#\/schema\/logo\/image\/","url":"https:\/\/jornalvia.com\/piracicaba\/wp-content\/uploads\/sites\/2\/2025\/09\/cropped-logo_site_5-1.png","contentUrl":"https:\/\/jornalvia.com\/piracicaba\/wp-content\/uploads\/sites\/2\/2025\/09\/cropped-logo_site_5-1.png","width":512,"height":512,"caption":"Jornal VIA"},"image":{"@id":"https:\/\/jornalvia.com\/piracicaba\/#\/schema\/logo\/image\/"}},{"@type":"Person","@id":"https:\/\/jornalvia.com\/piracicaba\/#\/schema\/person\/672c24084b8babca7ca8adc9bb83152a","name":"Reda\u00e7\u00e3o","url":"https:\/\/jornalvia.com\/piracicaba\/author\/jaquelineprates\/"}]}},"_links":{"self":[{"href":"https:\/\/jornalvia.com\/piracicaba\/wp-json\/wp\/v2\/posts\/14520","targetHints":{"allow":["GET"]}}],"collection":[{"href":"https:\/\/jornalvia.com\/piracicaba\/wp-json\/wp\/v2\/posts"}],"about":[{"href":"https:\/\/jornalvia.com\/piracicaba\/wp-json\/wp\/v2\/types\/post"}],"author":[{"embeddable":true,"href":"https:\/\/jornalvia.com\/piracicaba\/wp-json\/wp\/v2\/users\/9"}],"replies":[{"embeddable":true,"href":"https:\/\/jornalvia.com\/piracicaba\/wp-json\/wp\/v2\/comments?post=14520"}],"version-history":[{"count":1,"href":"https:\/\/jornalvia.com\/piracicaba\/wp-json\/wp\/v2\/posts\/14520\/revisions"}],"predecessor-version":[{"id":14522,"href":"https:\/\/jornalvia.com\/piracicaba\/wp-json\/wp\/v2\/posts\/14520\/revisions\/14522"}],"wp:featuredmedia":[{"embeddable":true,"href":"https:\/\/jornalvia.com\/piracicaba\/wp-json\/wp\/v2\/media\/14521"}],"wp:attachment":[{"href":"https:\/\/jornalvia.com\/piracicaba\/wp-json\/wp\/v2\/media?parent=14520"}],"wp:term":[{"taxonomy":"category","embeddable":true,"href":"https:\/\/jornalvia.com\/piracicaba\/wp-json\/wp\/v2\/categories?post=14520"},{"taxonomy":"post_tag","embeddable":true,"href":"https:\/\/jornalvia.com\/piracicaba\/wp-json\/wp\/v2\/tags?post=14520"}],"curies":[{"name":"wp","href":"https:\/\/api.w.org\/{rel}","templated":true}]}}