{"id":14023,"date":"2026-07-07T12:10:21","date_gmt":"2026-07-07T15:10:21","guid":{"rendered":"https:\/\/jornalvia.com\/piracicaba\/?p=14023"},"modified":"2026-07-07T12:10:21","modified_gmt":"2026-07-07T15:10:21","slug":"prefeitura-conclui-reforma-de-sete-centros-comunitarios-e-amplia-espacos-de-convivencia-em-piracicaba","status":"publish","type":"post","link":"https:\/\/jornalvia.com\/piracicaba\/comunidade\/prefeitura-conclui-reforma-de-sete-centros-comunitarios-e-amplia-espacos-de-convivencia-em-piracicaba\/","title":{"rendered":"Prefeitura conclui reforma de sete centros comunit\u00e1rios e amplia espa\u00e7os de conviv\u00eancia em Piracicaba"},"content":{"rendered":"<p>A Prefeitura de Piracicaba concluiu a reforma de sete Centros Comunit\u00e1rios e Centros Sociais localizados nos bairros Santana, Jardim Planalto, Santa Rosa, Algodoal, Santa Teresinha, Novo Horizonte e Santo Ant\u00f4nio. As obras foram executadas por meio da Secretaria Municipal de Cidadania e Parcerias e fazem parte de um programa de revitaliza\u00e7\u00e3o de 20 equipamentos p\u00fablicos distribu\u00eddos pelo munic\u00edpio.<\/p>\n<p>Segundo a administra\u00e7\u00e3o municipal, o objetivo \u00e9 recuperar espa\u00e7os que estavam sem manuten\u00e7\u00e3o h\u00e1 anos e ampliar a oferta de atividades voltadas \u00e0 popula\u00e7\u00e3o, como a\u00e7\u00f5es culturais, esportivas, cursos de qualifica\u00e7\u00e3o profissional e projetos de conviv\u00eancia comunit\u00e1ria.<\/p>\n<blockquote><p>&#8220;O objetivo \u00e9 devolver esses espa\u00e7os \u00e0 popula\u00e7\u00e3o com estrutura adequada para receber atividades que promovam inclus\u00e3o, conviv\u00eancia e oportunidades para os moradores&#8221;, destacou o prefeito Helinho Zanatta.<\/p><\/blockquote>\n<p><strong>Investimento supera R$ 3,7 milh\u00f5es<\/strong><br \/>\nAs interven\u00e7\u00f5es come\u00e7aram ap\u00f3s a assinatura da Ordem de Servi\u00e7o, em mar\u00e7o deste ano, e somam investimento de R$ 3.771.137,63.<\/p>\n<p>No Centro Social Santana, por exemplo, foram realizadas melhorias na cozinha e nos sanit\u00e1rios, revis\u00e3o das instala\u00e7\u00f5es el\u00e9tricas e hidr\u00e1ulicas, manuten\u00e7\u00e3o da cobertura, substitui\u00e7\u00e3o de portas e esquadrias e pintura interna e externa.<\/p>\n<p>J\u00e1 o Centro Social Santa Rosa recebeu recupera\u00e7\u00e3o do piso externo, implanta\u00e7\u00e3o de novas calhas, melhorias no sistema de drenagem, recupera\u00e7\u00e3o de paredes e instala\u00e7\u00e3o e manuten\u00e7\u00e3o de alambrados.<\/p>\n<p>No Centro Comunit\u00e1rio Santa Teresinha, as equipes executaram troca de portas, batentes, ferragens e lumin\u00e1rias, al\u00e9m de reparos nas instala\u00e7\u00f5es hidr\u00e1ulicas e el\u00e9tricas, manuten\u00e7\u00e3o dos sanit\u00e1rios e pintura geral.<\/p>\n<p>Moradora do bairro Santana, a l\u00edder comunit\u00e1ria Gabriela Vitti Bomback comemorou a revitaliza\u00e7\u00e3o do espa\u00e7o.<\/p>\n<blockquote><p>&#8220;Agrade\u00e7o \u00e0 Prefeitura por fazer esta obra em nosso centro social para termos um espa\u00e7o de lazer mais bonito e melhor para a nossa comunidade&#8221;, afirmou.<\/p><\/blockquote>\n<p><strong>Outras 13 unidades seguem em obras<\/strong><br \/>\nCom a conclus\u00e3o das sete primeiras reformas, outras 13 unidades continuam em processo de revitaliza\u00e7\u00e3o.<\/p>\n<p>As obras seguem nos seguintes espa\u00e7os:<\/p>\n<p>Centro Social Cecap;<br \/>\nCentro Comunit\u00e1rio Cecap\/Eldorado;<br \/>\nCentro Comunit\u00e1rio Monte Alegre;<br \/>\nCentro Comunit\u00e1rio Nova Am\u00e9rica;<br \/>\nCentro Social Parque Orlanda;<br \/>\nCentro Comunit\u00e1rio Piracicamirim;<br \/>\nCentro Social Tatuap\u00e9 II;<br \/>\nCentro Comunit\u00e1rio Vila Cristina;<br \/>\nCentro Comunit\u00e1rio Parque Piracicaba;<br \/>\nCentro Digital Parque Piracicaba;<br \/>\nCentro Comunit\u00e1rio Primavera;<br \/>\nCentro Comunit\u00e1rio Boa Esperan\u00e7a;<br \/>\nCentro Comunit\u00e1rio Sol Nascente.<\/p>\n<p><strong>Regulariza\u00e7\u00e3o dos espa\u00e7os<\/strong><br \/>\nAl\u00e9m das reformas, a Prefeitura informou que pretende regularizar o uso dos Centros Comunit\u00e1rios e Centros Sociais por meio da formaliza\u00e7\u00e3o de termos de permiss\u00e3o com associa\u00e7\u00f5es sem fins lucrativos.<\/p>\n<p>Segundo o secret\u00e1rio municipal de Cidadania e Parcerias, Paulo Nardino, a iniciativa busca fortalecer esses equipamentos p\u00fablicos como refer\u00eancia para os bairros, ampliando a oferta de projetos e incentivando a participa\u00e7\u00e3o da comunidade.<\/p>\n<p>&nbsp;<\/p>\n","protected":false},"excerpt":{"rendered":"<p>Melhorias fazem parte de um pacote de obras em 20 unidades e incluem adequa\u00e7\u00f5es estruturais para ampliar atividades sociais, culturais, esportivas e de qualifica\u00e7\u00e3o profissional<\/p>\n","protected":false},"author":9,"featured_media":14024,"comment_status":"closed","ping_status":"closed","sticky":false,"template":"","format":"standard","meta":{"_acf_changed":false,"footnotes":""},"categories":[46],"tags":[],"class_list":["post-14023","post","type-post","status-publish","format-standard","has-post-thumbnail","hentry","category-comunidade"],"acf":[],"yoast_head":"<!-- This site is optimized with the Yoast SEO plugin v27.2 - https:\/\/yoast.com\/product\/yoast-seo-wordpress\/ -->\n<title>Prefeitura conclui reforma de sete centros comunit\u00e1rios e amplia espa\u00e7os de conviv\u00eancia em Piracicaba<\/title>\n<meta name=\"robots\" content=\"index, follow, max-snippet:-1, max-image-preview:large, max-video-preview:-1\" \/>\n<link rel=\"canonical\" href=\"https:\/\/jornalvia.com\/piracicaba\/comunidade\/prefeitura-conclui-reforma-de-sete-centros-comunitarios-e-amplia-espacos-de-convivencia-em-piracicaba\/\" \/>\n<meta property=\"og:locale\" content=\"pt_BR\" \/>\n<meta property=\"og:type\" content=\"article\" \/>\n<meta property=\"og:title\" content=\"Prefeitura conclui reforma de sete centros comunit\u00e1rios e amplia espa\u00e7os de conviv\u00eancia em Piracicaba\" \/>\n<meta property=\"og:description\" content=\"Melhorias fazem parte de um pacote de obras em 20 unidades e incluem adequa\u00e7\u00f5es estruturais para ampliar atividades sociais, culturais, esportivas e de qualifica\u00e7\u00e3o profissional\" \/>\n<meta property=\"og:url\" content=\"https:\/\/jornalvia.com\/piracicaba\/comunidade\/prefeitura-conclui-reforma-de-sete-centros-comunitarios-e-amplia-espacos-de-convivencia-em-piracicaba\/\" \/>\n<meta property=\"og:site_name\" content=\"Piracicaba\" \/>\n<meta property=\"article:published_time\" content=\"2026-07-07T15:10:21+00:00\" \/>\n<meta property=\"og:image\" content=\"https:\/\/jornalvia.com\/piracicaba\/wp-content\/uploads\/sites\/2\/2026\/07\/2026-07-07-ID2-001459.webp\" \/>\n\t<meta property=\"og:image:width\" content=\"1536\" \/>\n\t<meta property=\"og:image:height\" content=\"864\" \/>\n\t<meta property=\"og:image:type\" content=\"image\/webp\" \/>\n<meta name=\"author\" content=\"Reda\u00e7\u00e3o\" \/>\n<meta name=\"twitter:card\" content=\"summary_large_image\" \/>\n<meta name=\"twitter:label1\" content=\"Escrito por\" \/>\n\t<meta name=\"twitter:data1\" content=\"Reda\u00e7\u00e3o\" \/>\n\t<meta name=\"twitter:label2\" content=\"Est. tempo de leitura\" \/>\n\t<meta name=\"twitter:data2\" content=\"2 minutos\" \/>\n<script type=\"application\/ld+json\" class=\"yoast-schema-graph\">{\"@context\":\"https:\/\/schema.org\",\"@graph\":[{\"@type\":\"Article\",\"@id\":\"https:\/\/jornalvia.com\/piracicaba\/comunidade\/prefeitura-conclui-reforma-de-sete-centros-comunitarios-e-amplia-espacos-de-convivencia-em-piracicaba\/#article\",\"isPartOf\":{\"@id\":\"https:\/\/jornalvia.com\/piracicaba\/comunidade\/prefeitura-conclui-reforma-de-sete-centros-comunitarios-e-amplia-espacos-de-convivencia-em-piracicaba\/\"},\"author\":{\"name\":\"Reda\u00e7\u00e3o\",\"@id\":\"https:\/\/jornalvia.com\/piracicaba\/#\/schema\/person\/672c24084b8babca7ca8adc9bb83152a\"},\"headline\":\"Prefeitura conclui reforma de sete centros comunit\u00e1rios e amplia espa\u00e7os de conviv\u00eancia em Piracicaba\",\"datePublished\":\"2026-07-07T15:10:21+00:00\",\"mainEntityOfPage\":{\"@id\":\"https:\/\/jornalvia.com\/piracicaba\/comunidade\/prefeitura-conclui-reforma-de-sete-centros-comunitarios-e-amplia-espacos-de-convivencia-em-piracicaba\/\"},\"wordCount\":505,\"publisher\":{\"@id\":\"https:\/\/jornalvia.com\/piracicaba\/#organization\"},\"image\":{\"@id\":\"https:\/\/jornalvia.com\/piracicaba\/comunidade\/prefeitura-conclui-reforma-de-sete-centros-comunitarios-e-amplia-espacos-de-convivencia-em-piracicaba\/#primaryimage\"},\"thumbnailUrl\":\"https:\/\/jornalvia.com\/piracicaba\/wp-content\/uploads\/sites\/2\/2026\/07\/2026-07-07-ID2-001459.webp\",\"articleSection\":[\"Comunidade\"],\"inLanguage\":\"pt-BR\"},{\"@type\":\"WebPage\",\"@id\":\"https:\/\/jornalvia.com\/piracicaba\/comunidade\/prefeitura-conclui-reforma-de-sete-centros-comunitarios-e-amplia-espacos-de-convivencia-em-piracicaba\/\",\"url\":\"https:\/\/jornalvia.com\/piracicaba\/comunidade\/prefeitura-conclui-reforma-de-sete-centros-comunitarios-e-amplia-espacos-de-convivencia-em-piracicaba\/\",\"name\":\"Prefeitura conclui reforma de sete centros comunit\u00e1rios e amplia espa\u00e7os de conviv\u00eancia em Piracicaba\",\"isPartOf\":{\"@id\":\"https:\/\/jornalvia.com\/piracicaba\/#website\"},\"primaryImageOfPage\":{\"@id\":\"https:\/\/jornalvia.com\/piracicaba\/comunidade\/prefeitura-conclui-reforma-de-sete-centros-comunitarios-e-amplia-espacos-de-convivencia-em-piracicaba\/#primaryimage\"},\"image\":{\"@id\":\"https:\/\/jornalvia.com\/piracicaba\/comunidade\/prefeitura-conclui-reforma-de-sete-centros-comunitarios-e-amplia-espacos-de-convivencia-em-piracicaba\/#primaryimage\"},\"thumbnailUrl\":\"https:\/\/jornalvia.com\/piracicaba\/wp-content\/uploads\/sites\/2\/2026\/07\/2026-07-07-ID2-001459.webp\",\"datePublished\":\"2026-07-07T15:10:21+00:00\",\"breadcrumb\":{\"@id\":\"https:\/\/jornalvia.com\/piracicaba\/comunidade\/prefeitura-conclui-reforma-de-sete-centros-comunitarios-e-amplia-espacos-de-convivencia-em-piracicaba\/#breadcrumb\"},\"inLanguage\":\"pt-BR\",\"potentialAction\":[{\"@type\":\"ReadAction\",\"target\":[\"https:\/\/jornalvia.com\/piracicaba\/comunidade\/prefeitura-conclui-reforma-de-sete-centros-comunitarios-e-amplia-espacos-de-convivencia-em-piracicaba\/\"]}]},{\"@type\":\"ImageObject\",\"inLanguage\":\"pt-BR\",\"@id\":\"https:\/\/jornalvia.com\/piracicaba\/comunidade\/prefeitura-conclui-reforma-de-sete-centros-comunitarios-e-amplia-espacos-de-convivencia-em-piracicaba\/#primaryimage\",\"url\":\"https:\/\/jornalvia.com\/piracicaba\/wp-content\/uploads\/sites\/2\/2026\/07\/2026-07-07-ID2-001459.webp\",\"contentUrl\":\"https:\/\/jornalvia.com\/piracicaba\/wp-content\/uploads\/sites\/2\/2026\/07\/2026-07-07-ID2-001459.webp\",\"width\":1536,\"height\":864,\"caption\":\"Foto: Divulga\u00e7\u00e3o\"},{\"@type\":\"BreadcrumbList\",\"@id\":\"https:\/\/jornalvia.com\/piracicaba\/comunidade\/prefeitura-conclui-reforma-de-sete-centros-comunitarios-e-amplia-espacos-de-convivencia-em-piracicaba\/#breadcrumb\",\"itemListElement\":[{\"@type\":\"ListItem\",\"position\":1,\"name\":\"In\u00edcio\",\"item\":\"https:\/\/jornalvia.com\/piracicaba\/\"},{\"@type\":\"ListItem\",\"position\":2,\"name\":\"Prefeitura conclui reforma de sete centros comunit\u00e1rios e amplia espa\u00e7os de conviv\u00eancia em Piracicaba\"}]},{\"@type\":\"WebSite\",\"@id\":\"https:\/\/jornalvia.com\/piracicaba\/#website\",\"url\":\"https:\/\/jornalvia.com\/piracicaba\/\",\"name\":\"Jornal VIA\",\"description\":\"Seu novo jornal de not\u00edcias em Piracicaba com informa\u00e7\u00f5es locais, do Brasil e do mundo\",\"publisher\":{\"@id\":\"https:\/\/jornalvia.com\/piracicaba\/#organization\"},\"alternateName\":\"Jornal VIA \u2022 Piracicaba\",\"potentialAction\":[{\"@type\":\"SearchAction\",\"target\":{\"@type\":\"EntryPoint\",\"urlTemplate\":\"https:\/\/jornalvia.com\/piracicaba\/?s={search_term_string}\"},\"query-input\":{\"@type\":\"PropertyValueSpecification\",\"valueRequired\":true,\"valueName\":\"search_term_string\"}}],\"inLanguage\":\"pt-BR\"},{\"@type\":\"Organization\",\"@id\":\"https:\/\/jornalvia.com\/piracicaba\/#organization\",\"name\":\"Jornal VIA\",\"url\":\"https:\/\/jornalvia.com\/piracicaba\/\",\"logo\":{\"@type\":\"ImageObject\",\"inLanguage\":\"pt-BR\",\"@id\":\"https:\/\/jornalvia.com\/piracicaba\/#\/schema\/logo\/image\/\",\"url\":\"https:\/\/jornalvia.com\/piracicaba\/wp-content\/uploads\/sites\/2\/2025\/09\/cropped-logo_site_5-1.png\",\"contentUrl\":\"https:\/\/jornalvia.com\/piracicaba\/wp-content\/uploads\/sites\/2\/2025\/09\/cropped-logo_site_5-1.png\",\"width\":512,\"height\":512,\"caption\":\"Jornal VIA\"},\"image\":{\"@id\":\"https:\/\/jornalvia.com\/piracicaba\/#\/schema\/logo\/image\/\"}},{\"@type\":\"Person\",\"@id\":\"https:\/\/jornalvia.com\/piracicaba\/#\/schema\/person\/672c24084b8babca7ca8adc9bb83152a\",\"name\":\"Reda\u00e7\u00e3o\",\"url\":\"https:\/\/jornalvia.com\/piracicaba\/author\/jaquelineprates\/\"}]}<\/script>\n<!-- \/ Yoast SEO plugin. -->","yoast_head_json":{"title":"Prefeitura conclui reforma de sete centros comunit\u00e1rios e amplia espa\u00e7os de conviv\u00eancia em Piracicaba","robots":{"index":"index","follow":"follow","max-snippet":"max-snippet:-1","max-image-preview":"max-image-preview:large","max-video-preview":"max-video-preview:-1"},"canonical":"https:\/\/jornalvia.com\/piracicaba\/comunidade\/prefeitura-conclui-reforma-de-sete-centros-comunitarios-e-amplia-espacos-de-convivencia-em-piracicaba\/","og_locale":"pt_BR","og_type":"article","og_title":"Prefeitura conclui reforma de sete centros comunit\u00e1rios e amplia espa\u00e7os de conviv\u00eancia em Piracicaba","og_description":"Melhorias fazem parte de um pacote de obras em 20 unidades e incluem adequa\u00e7\u00f5es estruturais para ampliar atividades sociais, culturais, esportivas e de qualifica\u00e7\u00e3o profissional","og_url":"https:\/\/jornalvia.com\/piracicaba\/comunidade\/prefeitura-conclui-reforma-de-sete-centros-comunitarios-e-amplia-espacos-de-convivencia-em-piracicaba\/","og_site_name":"Piracicaba","article_published_time":"2026-07-07T15:10:21+00:00","og_image":[{"width":1536,"height":864,"url":"https:\/\/jornalvia.com\/piracicaba\/wp-content\/uploads\/sites\/2\/2026\/07\/2026-07-07-ID2-001459.webp","type":"image\/webp"}],"author":"Reda\u00e7\u00e3o","twitter_card":"summary_large_image","twitter_misc":{"Escrito por":"Reda\u00e7\u00e3o","Est. tempo de leitura":"2 minutos"},"schema":{"@context":"https:\/\/schema.org","@graph":[{"@type":"Article","@id":"https:\/\/jornalvia.com\/piracicaba\/comunidade\/prefeitura-conclui-reforma-de-sete-centros-comunitarios-e-amplia-espacos-de-convivencia-em-piracicaba\/#article","isPartOf":{"@id":"https:\/\/jornalvia.com\/piracicaba\/comunidade\/prefeitura-conclui-reforma-de-sete-centros-comunitarios-e-amplia-espacos-de-convivencia-em-piracicaba\/"},"author":{"name":"Reda\u00e7\u00e3o","@id":"https:\/\/jornalvia.com\/piracicaba\/#\/schema\/person\/672c24084b8babca7ca8adc9bb83152a"},"headline":"Prefeitura conclui reforma de sete centros comunit\u00e1rios e amplia espa\u00e7os de conviv\u00eancia em Piracicaba","datePublished":"2026-07-07T15:10:21+00:00","mainEntityOfPage":{"@id":"https:\/\/jornalvia.com\/piracicaba\/comunidade\/prefeitura-conclui-reforma-de-sete-centros-comunitarios-e-amplia-espacos-de-convivencia-em-piracicaba\/"},"wordCount":505,"publisher":{"@id":"https:\/\/jornalvia.com\/piracicaba\/#organization"},"image":{"@id":"https:\/\/jornalvia.com\/piracicaba\/comunidade\/prefeitura-conclui-reforma-de-sete-centros-comunitarios-e-amplia-espacos-de-convivencia-em-piracicaba\/#primaryimage"},"thumbnailUrl":"https:\/\/jornalvia.com\/piracicaba\/wp-content\/uploads\/sites\/2\/2026\/07\/2026-07-07-ID2-001459.webp","articleSection":["Comunidade"],"inLanguage":"pt-BR"},{"@type":"WebPage","@id":"https:\/\/jornalvia.com\/piracicaba\/comunidade\/prefeitura-conclui-reforma-de-sete-centros-comunitarios-e-amplia-espacos-de-convivencia-em-piracicaba\/","url":"https:\/\/jornalvia.com\/piracicaba\/comunidade\/prefeitura-conclui-reforma-de-sete-centros-comunitarios-e-amplia-espacos-de-convivencia-em-piracicaba\/","name":"Prefeitura conclui reforma de sete centros comunit\u00e1rios e amplia espa\u00e7os de conviv\u00eancia em Piracicaba","isPartOf":{"@id":"https:\/\/jornalvia.com\/piracicaba\/#website"},"primaryImageOfPage":{"@id":"https:\/\/jornalvia.com\/piracicaba\/comunidade\/prefeitura-conclui-reforma-de-sete-centros-comunitarios-e-amplia-espacos-de-convivencia-em-piracicaba\/#primaryimage"},"image":{"@id":"https:\/\/jornalvia.com\/piracicaba\/comunidade\/prefeitura-conclui-reforma-de-sete-centros-comunitarios-e-amplia-espacos-de-convivencia-em-piracicaba\/#primaryimage"},"thumbnailUrl":"https:\/\/jornalvia.com\/piracicaba\/wp-content\/uploads\/sites\/2\/2026\/07\/2026-07-07-ID2-001459.webp","datePublished":"2026-07-07T15:10:21+00:00","breadcrumb":{"@id":"https:\/\/jornalvia.com\/piracicaba\/comunidade\/prefeitura-conclui-reforma-de-sete-centros-comunitarios-e-amplia-espacos-de-convivencia-em-piracicaba\/#breadcrumb"},"inLanguage":"pt-BR","potentialAction":[{"@type":"ReadAction","target":["https:\/\/jornalvia.com\/piracicaba\/comunidade\/prefeitura-conclui-reforma-de-sete-centros-comunitarios-e-amplia-espacos-de-convivencia-em-piracicaba\/"]}]},{"@type":"ImageObject","inLanguage":"pt-BR","@id":"https:\/\/jornalvia.com\/piracicaba\/comunidade\/prefeitura-conclui-reforma-de-sete-centros-comunitarios-e-amplia-espacos-de-convivencia-em-piracicaba\/#primaryimage","url":"https:\/\/jornalvia.com\/piracicaba\/wp-content\/uploads\/sites\/2\/2026\/07\/2026-07-07-ID2-001459.webp","contentUrl":"https:\/\/jornalvia.com\/piracicaba\/wp-content\/uploads\/sites\/2\/2026\/07\/2026-07-07-ID2-001459.webp","width":1536,"height":864,"caption":"Foto: Divulga\u00e7\u00e3o"},{"@type":"BreadcrumbList","@id":"https:\/\/jornalvia.com\/piracicaba\/comunidade\/prefeitura-conclui-reforma-de-sete-centros-comunitarios-e-amplia-espacos-de-convivencia-em-piracicaba\/#breadcrumb","itemListElement":[{"@type":"ListItem","position":1,"name":"In\u00edcio","item":"https:\/\/jornalvia.com\/piracicaba\/"},{"@type":"ListItem","position":2,"name":"Prefeitura conclui reforma de sete centros comunit\u00e1rios e amplia espa\u00e7os de conviv\u00eancia em Piracicaba"}]},{"@type":"WebSite","@id":"https:\/\/jornalvia.com\/piracicaba\/#website","url":"https:\/\/jornalvia.com\/piracicaba\/","name":"Jornal VIA","description":"Seu novo jornal de not\u00edcias em Piracicaba com informa\u00e7\u00f5es locais, do Brasil e do mundo","publisher":{"@id":"https:\/\/jornalvia.com\/piracicaba\/#organization"},"alternateName":"Jornal VIA \u2022 Piracicaba","potentialAction":[{"@type":"SearchAction","target":{"@type":"EntryPoint","urlTemplate":"https:\/\/jornalvia.com\/piracicaba\/?s={search_term_string}"},"query-input":{"@type":"PropertyValueSpecification","valueRequired":true,"valueName":"search_term_string"}}],"inLanguage":"pt-BR"},{"@type":"Organization","@id":"https:\/\/jornalvia.com\/piracicaba\/#organization","name":"Jornal VIA","url":"https:\/\/jornalvia.com\/piracicaba\/","logo":{"@type":"ImageObject","inLanguage":"pt-BR","@id":"https:\/\/jornalvia.com\/piracicaba\/#\/schema\/logo\/image\/","url":"https:\/\/jornalvia.com\/piracicaba\/wp-content\/uploads\/sites\/2\/2025\/09\/cropped-logo_site_5-1.png","contentUrl":"https:\/\/jornalvia.com\/piracicaba\/wp-content\/uploads\/sites\/2\/2025\/09\/cropped-logo_site_5-1.png","width":512,"height":512,"caption":"Jornal VIA"},"image":{"@id":"https:\/\/jornalvia.com\/piracicaba\/#\/schema\/logo\/image\/"}},{"@type":"Person","@id":"https:\/\/jornalvia.com\/piracicaba\/#\/schema\/person\/672c24084b8babca7ca8adc9bb83152a","name":"Reda\u00e7\u00e3o","url":"https:\/\/jornalvia.com\/piracicaba\/author\/jaquelineprates\/"}]}},"_links":{"self":[{"href":"https:\/\/jornalvia.com\/piracicaba\/wp-json\/wp\/v2\/posts\/14023","targetHints":{"allow":["GET"]}}],"collection":[{"href":"https:\/\/jornalvia.com\/piracicaba\/wp-json\/wp\/v2\/posts"}],"about":[{"href":"https:\/\/jornalvia.com\/piracicaba\/wp-json\/wp\/v2\/types\/post"}],"author":[{"embeddable":true,"href":"https:\/\/jornalvia.com\/piracicaba\/wp-json\/wp\/v2\/users\/9"}],"replies":[{"embeddable":true,"href":"https:\/\/jornalvia.com\/piracicaba\/wp-json\/wp\/v2\/comments?post=14023"}],"version-history":[{"count":1,"href":"https:\/\/jornalvia.com\/piracicaba\/wp-json\/wp\/v2\/posts\/14023\/revisions"}],"predecessor-version":[{"id":14025,"href":"https:\/\/jornalvia.com\/piracicaba\/wp-json\/wp\/v2\/posts\/14023\/revisions\/14025"}],"wp:featuredmedia":[{"embeddable":true,"href":"https:\/\/jornalvia.com\/piracicaba\/wp-json\/wp\/v2\/media\/14024"}],"wp:attachment":[{"href":"https:\/\/jornalvia.com\/piracicaba\/wp-json\/wp\/v2\/media?parent=14023"}],"wp:term":[{"taxonomy":"category","embeddable":true,"href":"https:\/\/jornalvia.com\/piracicaba\/wp-json\/wp\/v2\/categories?post=14023"},{"taxonomy":"post_tag","embeddable":true,"href":"https:\/\/jornalvia.com\/piracicaba\/wp-json\/wp\/v2\/tags?post=14023"}],"curies":[{"name":"wp","href":"https:\/\/api.w.org\/{rel}","templated":true}]}}