{"id":14015,"date":"2026-07-07T08:58:49","date_gmt":"2026-07-07T11:58:49","guid":{"rendered":"https:\/\/jornalvia.com\/piracicaba\/cidade\/el-nino-aumenta-risco-de-incendios-florestais-e-coloca-brasil-em-alerta-em-2026"},"modified":"2026-07-07T08:58:49","modified_gmt":"2026-07-07T11:58:49","slug":"el-nino-aumenta-risco-de-incendios-florestais-e-coloca-brasil-em-alerta-em-2026","status":"publish","type":"post","link":"https:\/\/jornalvia.com\/piracicaba\/meio-ambiente\/el-nino-aumenta-risco-de-incendios-florestais-e-coloca-brasil-em-alerta-em-2026\/","title":{"rendered":"El Ni\u00f1o aumenta risco de inc\u00eandios florestais e coloca Brasil em alerta em 2026"},"content":{"rendered":"<p>O Brasil entra na temporada de seca de 2026 sob um cen\u00e1rio de maior preocupa\u00e7\u00e3o com os inc\u00eandios florestais. A previs\u00e3o de fortalecimento do fen\u00f4meno El Ni\u00f1o aumenta o risco de queimadas em diversas regi\u00f5es do pa\u00eds e coloca \u00e0 prova as estrat\u00e9gias de preven\u00e7\u00e3o e combate desenvolvidas ap\u00f3s os recordes registrados em 2024.<\/p>\n<p>De acordo com especialistas, o El Ni\u00f1o favorece temperaturas mais elevadas e redu\u00e7\u00e3o das chuvas principalmente nas regi\u00f5es Norte, Centro Oeste e parte do Sudeste, criando condi\u00e7\u00f5es prop\u00edcias para a propaga\u00e7\u00e3o do fogo. A Administra\u00e7\u00e3o Nacional Oce\u00e2nica e Atmosf\u00e9rica dos Estados Unidos (NOAA) estima 63% de probabilidade de o fen\u00f4meno atingir intensidade considerada muito forte nos pr\u00f3ximos meses.<\/p>\n<p>Em 2024, o Brasil registrou a maior \u00e1rea queimada desde 2012. J\u00e1 em 2025, houve redu\u00e7\u00e3o significativa das queimadas, resultado atribu\u00eddo \u00e0s condi\u00e7\u00f5es clim\u00e1ticas mais favor\u00e1veis e ao fortalecimento da Pol\u00edtica Nacional de Manejo Integrado do Fogo (PNMIF), criada para ampliar as a\u00e7\u00f5es preventivas e substituir a antiga l\u00f3gica de combate baseada apenas no chamado &#8220;fogo zero&#8221;.<\/p>\n<p><strong>Governo amplia estrutura de preven\u00e7\u00e3o<\/strong><br \/>\nPara enfrentar a temporada de maior risco, o Governo Federal refor\u00e7ou a estrutura destinada ao combate aos inc\u00eandios. Segundo o Minist\u00e9rio do Meio Ambiente, o or\u00e7amento destinado \u00e0s a\u00e7\u00f5es em 2026 supera R$ 1 bilh\u00e3o, o maior j\u00e1 registrado para a \u00e1rea.<\/p>\n<p>A opera\u00e7\u00e3o contar\u00e1 com:<\/p>\n<p>240 brigadas especializadas;<br \/>\n4.410 brigadistas contratados;<br \/>\n220 servidores federais;<br \/>\n19 helic\u00f3pteros;<br \/>\n18 avi\u00f5es para lan\u00e7amento de \u00e1gua;<br \/>\nve\u00edculos especiais e bases operacionais distribu\u00eddas em \u00e1reas estrat\u00e9gicas do pa\u00eds.<br \/>\nAl\u00e9m disso, desde fevereiro o governo mant\u00e9m decreto de emerg\u00eancia ambiental em regi\u00f5es consideradas mais vulner\u00e1veis aos inc\u00eandios.<\/p>\n<p><strong>\u00c1reas de maior preocupa\u00e7\u00e3o<\/strong><br \/>\nAs previs\u00f5es do Centro Nacional de Monitoramento e Alertas de Desastres Naturais (Cemaden) indicam que mais de 2,5 mil munic\u00edpios apresentam algum n\u00edvel de risco para inc\u00eandios entre julho e setembro.<\/p>\n<p>As \u00e1reas mais cr\u00edticas concentram se no Centro Oeste, sul da Amaz\u00f4nia, Mato Grosso, Rond\u00f4nia, Acre, sul do Amazonas, sul do Par\u00e1, Tocantins e na regi\u00e3o conhecida como Matopiba, formada por \u00e1reas do Maranh\u00e3o, Tocantins, Piau\u00ed e Bahia.<\/p>\n<p><strong>Especialistas alertam para desafios<\/strong><br \/>\nPesquisadores reconhecem os avan\u00e7os obtidos nos \u00faltimos anos, principalmente com a cria\u00e7\u00e3o da Pol\u00edtica Nacional de Manejo Integrado do Fogo, mas destacam que ainda existem desafios importantes.<\/p>\n<p>Entre eles est\u00e3o a necessidade de ampliar a implementa\u00e7\u00e3o das pol\u00edticas de preven\u00e7\u00e3o nos estados e munic\u00edpios, garantir recursos financeiros permanentes e fortalecer o planejamento antes do in\u00edcio da temporada de seca.<\/p>\n<p>Segundo especialistas, as mudan\u00e7as clim\u00e1ticas, associadas ao uso inadequado do fogo e ao avan\u00e7o das \u00e1reas degradadas, tornam os inc\u00eandios cada vez mais frequentes e severos, exigindo atua\u00e7\u00e3o integrada entre governos, produtores rurais e sociedade.<\/p>\n","protected":false},"excerpt":{"rendered":"<p>Fen\u00f4meno clim\u00e1tico deve intensificar calor e seca em parte do pa\u00eds, enquanto governo refor\u00e7a a\u00e7\u00f5es de preven\u00e7\u00e3o e amplia estrutura de combate ao fogo<\/p>\n","protected":false},"author":9,"featured_media":14016,"comment_status":"closed","ping_status":"closed","sticky":false,"template":"","format":"standard","meta":{"_acf_changed":false,"footnotes":""},"categories":[29],"tags":[],"class_list":["post-14015","post","type-post","status-publish","format-standard","has-post-thumbnail","hentry","category-meio-ambiente"],"acf":[],"yoast_head":"<!-- This site is optimized with the Yoast SEO plugin v27.2 - https:\/\/yoast.com\/product\/yoast-seo-wordpress\/ -->\n<title>El Ni\u00f1o aumenta risco de inc\u00eandios florestais e coloca Brasil em alerta em 2026<\/title>\n<meta name=\"robots\" content=\"index, follow, max-snippet:-1, max-image-preview:large, max-video-preview:-1\" \/>\n<link rel=\"canonical\" href=\"https:\/\/jornalvia.com\/piracicaba\/meio-ambiente\/el-nino-aumenta-risco-de-incendios-florestais-e-coloca-brasil-em-alerta-em-2026\/\" \/>\n<meta property=\"og:locale\" content=\"pt_BR\" \/>\n<meta property=\"og:type\" content=\"article\" \/>\n<meta property=\"og:title\" content=\"El Ni\u00f1o aumenta risco de inc\u00eandios florestais e coloca Brasil em alerta em 2026\" \/>\n<meta property=\"og:description\" content=\"Fen\u00f4meno clim\u00e1tico deve intensificar calor e seca em parte do pa\u00eds, enquanto governo refor\u00e7a a\u00e7\u00f5es de preven\u00e7\u00e3o e amplia estrutura de combate ao fogo\" \/>\n<meta property=\"og:url\" content=\"https:\/\/jornalvia.com\/piracicaba\/meio-ambiente\/el-nino-aumenta-risco-de-incendios-florestais-e-coloca-brasil-em-alerta-em-2026\/\" \/>\n<meta property=\"og:site_name\" content=\"Piracicaba\" \/>\n<meta property=\"article:published_time\" content=\"2026-07-07T11:58:49+00:00\" \/>\n<meta property=\"og:image\" content=\"https:\/\/jornalvia.com\/piracicaba\/wp-content\/uploads\/sites\/2\/2026\/07\/2026-07-07-ID1-001360.webp\" \/>\n\t<meta property=\"og:image:width\" content=\"1170\" \/>\n\t<meta property=\"og:image:height\" content=\"700\" \/>\n\t<meta property=\"og:image:type\" content=\"image\/webp\" \/>\n<meta name=\"author\" content=\"Reda\u00e7\u00e3o\" \/>\n<meta name=\"twitter:card\" content=\"summary_large_image\" \/>\n<meta name=\"twitter:label1\" content=\"Escrito por\" \/>\n\t<meta name=\"twitter:data1\" content=\"Reda\u00e7\u00e3o\" \/>\n\t<meta name=\"twitter:label2\" content=\"Est. tempo de leitura\" \/>\n\t<meta name=\"twitter:data2\" content=\"2 minutos\" \/>\n<script type=\"application\/ld+json\" class=\"yoast-schema-graph\">{\"@context\":\"https:\/\/schema.org\",\"@graph\":[{\"@type\":\"Article\",\"@id\":\"https:\/\/jornalvia.com\/piracicaba\/meio-ambiente\/el-nino-aumenta-risco-de-incendios-florestais-e-coloca-brasil-em-alerta-em-2026\/#article\",\"isPartOf\":{\"@id\":\"https:\/\/jornalvia.com\/piracicaba\/meio-ambiente\/el-nino-aumenta-risco-de-incendios-florestais-e-coloca-brasil-em-alerta-em-2026\/\"},\"author\":{\"name\":\"Reda\u00e7\u00e3o\",\"@id\":\"https:\/\/jornalvia.com\/piracicaba\/#\/schema\/person\/672c24084b8babca7ca8adc9bb83152a\"},\"headline\":\"El Ni\u00f1o aumenta risco de inc\u00eandios florestais e coloca Brasil em alerta em 2026\",\"datePublished\":\"2026-07-07T11:58:49+00:00\",\"mainEntityOfPage\":{\"@id\":\"https:\/\/jornalvia.com\/piracicaba\/meio-ambiente\/el-nino-aumenta-risco-de-incendios-florestais-e-coloca-brasil-em-alerta-em-2026\/\"},\"wordCount\":512,\"publisher\":{\"@id\":\"https:\/\/jornalvia.com\/piracicaba\/#organization\"},\"image\":{\"@id\":\"https:\/\/jornalvia.com\/piracicaba\/meio-ambiente\/el-nino-aumenta-risco-de-incendios-florestais-e-coloca-brasil-em-alerta-em-2026\/#primaryimage\"},\"thumbnailUrl\":\"https:\/\/jornalvia.com\/piracicaba\/wp-content\/uploads\/sites\/2\/2026\/07\/2026-07-07-ID1-001360.webp\",\"articleSection\":[\"Meio Ambiente\"],\"inLanguage\":\"pt-BR\"},{\"@type\":\"WebPage\",\"@id\":\"https:\/\/jornalvia.com\/piracicaba\/meio-ambiente\/el-nino-aumenta-risco-de-incendios-florestais-e-coloca-brasil-em-alerta-em-2026\/\",\"url\":\"https:\/\/jornalvia.com\/piracicaba\/meio-ambiente\/el-nino-aumenta-risco-de-incendios-florestais-e-coloca-brasil-em-alerta-em-2026\/\",\"name\":\"El Ni\u00f1o aumenta risco de inc\u00eandios florestais e coloca Brasil em alerta em 2026\",\"isPartOf\":{\"@id\":\"https:\/\/jornalvia.com\/piracicaba\/#website\"},\"primaryImageOfPage\":{\"@id\":\"https:\/\/jornalvia.com\/piracicaba\/meio-ambiente\/el-nino-aumenta-risco-de-incendios-florestais-e-coloca-brasil-em-alerta-em-2026\/#primaryimage\"},\"image\":{\"@id\":\"https:\/\/jornalvia.com\/piracicaba\/meio-ambiente\/el-nino-aumenta-risco-de-incendios-florestais-e-coloca-brasil-em-alerta-em-2026\/#primaryimage\"},\"thumbnailUrl\":\"https:\/\/jornalvia.com\/piracicaba\/wp-content\/uploads\/sites\/2\/2026\/07\/2026-07-07-ID1-001360.webp\",\"datePublished\":\"2026-07-07T11:58:49+00:00\",\"breadcrumb\":{\"@id\":\"https:\/\/jornalvia.com\/piracicaba\/meio-ambiente\/el-nino-aumenta-risco-de-incendios-florestais-e-coloca-brasil-em-alerta-em-2026\/#breadcrumb\"},\"inLanguage\":\"pt-BR\",\"potentialAction\":[{\"@type\":\"ReadAction\",\"target\":[\"https:\/\/jornalvia.com\/piracicaba\/meio-ambiente\/el-nino-aumenta-risco-de-incendios-florestais-e-coloca-brasil-em-alerta-em-2026\/\"]}]},{\"@type\":\"ImageObject\",\"inLanguage\":\"pt-BR\",\"@id\":\"https:\/\/jornalvia.com\/piracicaba\/meio-ambiente\/el-nino-aumenta-risco-de-incendios-florestais-e-coloca-brasil-em-alerta-em-2026\/#primaryimage\",\"url\":\"https:\/\/jornalvia.com\/piracicaba\/wp-content\/uploads\/sites\/2\/2026\/07\/2026-07-07-ID1-001360.webp\",\"contentUrl\":\"https:\/\/jornalvia.com\/piracicaba\/wp-content\/uploads\/sites\/2\/2026\/07\/2026-07-07-ID1-001360.webp\",\"width\":1170,\"height\":700,\"caption\":\"Foto: Reprodu\u00e7\u00e3o EBC\"},{\"@type\":\"BreadcrumbList\",\"@id\":\"https:\/\/jornalvia.com\/piracicaba\/meio-ambiente\/el-nino-aumenta-risco-de-incendios-florestais-e-coloca-brasil-em-alerta-em-2026\/#breadcrumb\",\"itemListElement\":[{\"@type\":\"ListItem\",\"position\":1,\"name\":\"In\u00edcio\",\"item\":\"https:\/\/jornalvia.com\/piracicaba\/\"},{\"@type\":\"ListItem\",\"position\":2,\"name\":\"El Ni\u00f1o aumenta risco de inc\u00eandios florestais e coloca Brasil em alerta em 2026\"}]},{\"@type\":\"WebSite\",\"@id\":\"https:\/\/jornalvia.com\/piracicaba\/#website\",\"url\":\"https:\/\/jornalvia.com\/piracicaba\/\",\"name\":\"Jornal VIA\",\"description\":\"Seu novo jornal de not\u00edcias em Piracicaba com informa\u00e7\u00f5es locais, do Brasil e do mundo\",\"publisher\":{\"@id\":\"https:\/\/jornalvia.com\/piracicaba\/#organization\"},\"alternateName\":\"Jornal VIA \u2022 Piracicaba\",\"potentialAction\":[{\"@type\":\"SearchAction\",\"target\":{\"@type\":\"EntryPoint\",\"urlTemplate\":\"https:\/\/jornalvia.com\/piracicaba\/?s={search_term_string}\"},\"query-input\":{\"@type\":\"PropertyValueSpecification\",\"valueRequired\":true,\"valueName\":\"search_term_string\"}}],\"inLanguage\":\"pt-BR\"},{\"@type\":\"Organization\",\"@id\":\"https:\/\/jornalvia.com\/piracicaba\/#organization\",\"name\":\"Jornal VIA\",\"url\":\"https:\/\/jornalvia.com\/piracicaba\/\",\"logo\":{\"@type\":\"ImageObject\",\"inLanguage\":\"pt-BR\",\"@id\":\"https:\/\/jornalvia.com\/piracicaba\/#\/schema\/logo\/image\/\",\"url\":\"https:\/\/jornalvia.com\/piracicaba\/wp-content\/uploads\/sites\/2\/2025\/09\/cropped-logo_site_5-1.png\",\"contentUrl\":\"https:\/\/jornalvia.com\/piracicaba\/wp-content\/uploads\/sites\/2\/2025\/09\/cropped-logo_site_5-1.png\",\"width\":512,\"height\":512,\"caption\":\"Jornal VIA\"},\"image\":{\"@id\":\"https:\/\/jornalvia.com\/piracicaba\/#\/schema\/logo\/image\/\"}},{\"@type\":\"Person\",\"@id\":\"https:\/\/jornalvia.com\/piracicaba\/#\/schema\/person\/672c24084b8babca7ca8adc9bb83152a\",\"name\":\"Reda\u00e7\u00e3o\",\"url\":\"https:\/\/jornalvia.com\/piracicaba\/author\/jaquelineprates\/\"}]}<\/script>\n<!-- \/ Yoast SEO plugin. -->","yoast_head_json":{"title":"El Ni\u00f1o aumenta risco de inc\u00eandios florestais e coloca Brasil em alerta em 2026","robots":{"index":"index","follow":"follow","max-snippet":"max-snippet:-1","max-image-preview":"max-image-preview:large","max-video-preview":"max-video-preview:-1"},"canonical":"https:\/\/jornalvia.com\/piracicaba\/meio-ambiente\/el-nino-aumenta-risco-de-incendios-florestais-e-coloca-brasil-em-alerta-em-2026\/","og_locale":"pt_BR","og_type":"article","og_title":"El Ni\u00f1o aumenta risco de inc\u00eandios florestais e coloca Brasil em alerta em 2026","og_description":"Fen\u00f4meno clim\u00e1tico deve intensificar calor e seca em parte do pa\u00eds, enquanto governo refor\u00e7a a\u00e7\u00f5es de preven\u00e7\u00e3o e amplia estrutura de combate ao fogo","og_url":"https:\/\/jornalvia.com\/piracicaba\/meio-ambiente\/el-nino-aumenta-risco-de-incendios-florestais-e-coloca-brasil-em-alerta-em-2026\/","og_site_name":"Piracicaba","article_published_time":"2026-07-07T11:58:49+00:00","og_image":[{"width":1170,"height":700,"url":"https:\/\/jornalvia.com\/piracicaba\/wp-content\/uploads\/sites\/2\/2026\/07\/2026-07-07-ID1-001360.webp","type":"image\/webp"}],"author":"Reda\u00e7\u00e3o","twitter_card":"summary_large_image","twitter_misc":{"Escrito por":"Reda\u00e7\u00e3o","Est. tempo de leitura":"2 minutos"},"schema":{"@context":"https:\/\/schema.org","@graph":[{"@type":"Article","@id":"https:\/\/jornalvia.com\/piracicaba\/meio-ambiente\/el-nino-aumenta-risco-de-incendios-florestais-e-coloca-brasil-em-alerta-em-2026\/#article","isPartOf":{"@id":"https:\/\/jornalvia.com\/piracicaba\/meio-ambiente\/el-nino-aumenta-risco-de-incendios-florestais-e-coloca-brasil-em-alerta-em-2026\/"},"author":{"name":"Reda\u00e7\u00e3o","@id":"https:\/\/jornalvia.com\/piracicaba\/#\/schema\/person\/672c24084b8babca7ca8adc9bb83152a"},"headline":"El Ni\u00f1o aumenta risco de inc\u00eandios florestais e coloca Brasil em alerta em 2026","datePublished":"2026-07-07T11:58:49+00:00","mainEntityOfPage":{"@id":"https:\/\/jornalvia.com\/piracicaba\/meio-ambiente\/el-nino-aumenta-risco-de-incendios-florestais-e-coloca-brasil-em-alerta-em-2026\/"},"wordCount":512,"publisher":{"@id":"https:\/\/jornalvia.com\/piracicaba\/#organization"},"image":{"@id":"https:\/\/jornalvia.com\/piracicaba\/meio-ambiente\/el-nino-aumenta-risco-de-incendios-florestais-e-coloca-brasil-em-alerta-em-2026\/#primaryimage"},"thumbnailUrl":"https:\/\/jornalvia.com\/piracicaba\/wp-content\/uploads\/sites\/2\/2026\/07\/2026-07-07-ID1-001360.webp","articleSection":["Meio Ambiente"],"inLanguage":"pt-BR"},{"@type":"WebPage","@id":"https:\/\/jornalvia.com\/piracicaba\/meio-ambiente\/el-nino-aumenta-risco-de-incendios-florestais-e-coloca-brasil-em-alerta-em-2026\/","url":"https:\/\/jornalvia.com\/piracicaba\/meio-ambiente\/el-nino-aumenta-risco-de-incendios-florestais-e-coloca-brasil-em-alerta-em-2026\/","name":"El Ni\u00f1o aumenta risco de inc\u00eandios florestais e coloca Brasil em alerta em 2026","isPartOf":{"@id":"https:\/\/jornalvia.com\/piracicaba\/#website"},"primaryImageOfPage":{"@id":"https:\/\/jornalvia.com\/piracicaba\/meio-ambiente\/el-nino-aumenta-risco-de-incendios-florestais-e-coloca-brasil-em-alerta-em-2026\/#primaryimage"},"image":{"@id":"https:\/\/jornalvia.com\/piracicaba\/meio-ambiente\/el-nino-aumenta-risco-de-incendios-florestais-e-coloca-brasil-em-alerta-em-2026\/#primaryimage"},"thumbnailUrl":"https:\/\/jornalvia.com\/piracicaba\/wp-content\/uploads\/sites\/2\/2026\/07\/2026-07-07-ID1-001360.webp","datePublished":"2026-07-07T11:58:49+00:00","breadcrumb":{"@id":"https:\/\/jornalvia.com\/piracicaba\/meio-ambiente\/el-nino-aumenta-risco-de-incendios-florestais-e-coloca-brasil-em-alerta-em-2026\/#breadcrumb"},"inLanguage":"pt-BR","potentialAction":[{"@type":"ReadAction","target":["https:\/\/jornalvia.com\/piracicaba\/meio-ambiente\/el-nino-aumenta-risco-de-incendios-florestais-e-coloca-brasil-em-alerta-em-2026\/"]}]},{"@type":"ImageObject","inLanguage":"pt-BR","@id":"https:\/\/jornalvia.com\/piracicaba\/meio-ambiente\/el-nino-aumenta-risco-de-incendios-florestais-e-coloca-brasil-em-alerta-em-2026\/#primaryimage","url":"https:\/\/jornalvia.com\/piracicaba\/wp-content\/uploads\/sites\/2\/2026\/07\/2026-07-07-ID1-001360.webp","contentUrl":"https:\/\/jornalvia.com\/piracicaba\/wp-content\/uploads\/sites\/2\/2026\/07\/2026-07-07-ID1-001360.webp","width":1170,"height":700,"caption":"Foto: Reprodu\u00e7\u00e3o EBC"},{"@type":"BreadcrumbList","@id":"https:\/\/jornalvia.com\/piracicaba\/meio-ambiente\/el-nino-aumenta-risco-de-incendios-florestais-e-coloca-brasil-em-alerta-em-2026\/#breadcrumb","itemListElement":[{"@type":"ListItem","position":1,"name":"In\u00edcio","item":"https:\/\/jornalvia.com\/piracicaba\/"},{"@type":"ListItem","position":2,"name":"El Ni\u00f1o aumenta risco de inc\u00eandios florestais e coloca Brasil em alerta em 2026"}]},{"@type":"WebSite","@id":"https:\/\/jornalvia.com\/piracicaba\/#website","url":"https:\/\/jornalvia.com\/piracicaba\/","name":"Jornal VIA","description":"Seu novo jornal de not\u00edcias em Piracicaba com informa\u00e7\u00f5es locais, do Brasil e do mundo","publisher":{"@id":"https:\/\/jornalvia.com\/piracicaba\/#organization"},"alternateName":"Jornal VIA \u2022 Piracicaba","potentialAction":[{"@type":"SearchAction","target":{"@type":"EntryPoint","urlTemplate":"https:\/\/jornalvia.com\/piracicaba\/?s={search_term_string}"},"query-input":{"@type":"PropertyValueSpecification","valueRequired":true,"valueName":"search_term_string"}}],"inLanguage":"pt-BR"},{"@type":"Organization","@id":"https:\/\/jornalvia.com\/piracicaba\/#organization","name":"Jornal VIA","url":"https:\/\/jornalvia.com\/piracicaba\/","logo":{"@type":"ImageObject","inLanguage":"pt-BR","@id":"https:\/\/jornalvia.com\/piracicaba\/#\/schema\/logo\/image\/","url":"https:\/\/jornalvia.com\/piracicaba\/wp-content\/uploads\/sites\/2\/2025\/09\/cropped-logo_site_5-1.png","contentUrl":"https:\/\/jornalvia.com\/piracicaba\/wp-content\/uploads\/sites\/2\/2025\/09\/cropped-logo_site_5-1.png","width":512,"height":512,"caption":"Jornal VIA"},"image":{"@id":"https:\/\/jornalvia.com\/piracicaba\/#\/schema\/logo\/image\/"}},{"@type":"Person","@id":"https:\/\/jornalvia.com\/piracicaba\/#\/schema\/person\/672c24084b8babca7ca8adc9bb83152a","name":"Reda\u00e7\u00e3o","url":"https:\/\/jornalvia.com\/piracicaba\/author\/jaquelineprates\/"}]}},"_links":{"self":[{"href":"https:\/\/jornalvia.com\/piracicaba\/wp-json\/wp\/v2\/posts\/14015","targetHints":{"allow":["GET"]}}],"collection":[{"href":"https:\/\/jornalvia.com\/piracicaba\/wp-json\/wp\/v2\/posts"}],"about":[{"href":"https:\/\/jornalvia.com\/piracicaba\/wp-json\/wp\/v2\/types\/post"}],"author":[{"embeddable":true,"href":"https:\/\/jornalvia.com\/piracicaba\/wp-json\/wp\/v2\/users\/9"}],"replies":[{"embeddable":true,"href":"https:\/\/jornalvia.com\/piracicaba\/wp-json\/wp\/v2\/comments?post=14015"}],"version-history":[{"count":0,"href":"https:\/\/jornalvia.com\/piracicaba\/wp-json\/wp\/v2\/posts\/14015\/revisions"}],"wp:featuredmedia":[{"embeddable":true,"href":"https:\/\/jornalvia.com\/piracicaba\/wp-json\/wp\/v2\/media\/14016"}],"wp:attachment":[{"href":"https:\/\/jornalvia.com\/piracicaba\/wp-json\/wp\/v2\/media?parent=14015"}],"wp:term":[{"taxonomy":"category","embeddable":true,"href":"https:\/\/jornalvia.com\/piracicaba\/wp-json\/wp\/v2\/categories?post=14015"},{"taxonomy":"post_tag","embeddable":true,"href":"https:\/\/jornalvia.com\/piracicaba\/wp-json\/wp\/v2\/tags?post=14015"}],"curies":[{"name":"wp","href":"https:\/\/api.w.org\/{rel}","templated":true}]}}