{"id":13431,"date":"2026-06-16T07:38:51","date_gmt":"2026-06-16T10:38:51","guid":{"rendered":"https:\/\/jornalvia.com\/piracicaba\/?p=13431"},"modified":"2026-06-16T07:38:51","modified_gmt":"2026-06-16T10:38:51","slug":"semana-do-meio-ambiente-reune-mais-de-800-participantes-em-acoes-de-conscientizacao-em-piracicaba","status":"publish","type":"post","link":"https:\/\/jornalvia.com\/piracicaba\/meio-ambiente\/semana-do-meio-ambiente-reune-mais-de-800-participantes-em-acoes-de-conscientizacao-em-piracicaba\/","title":{"rendered":"Semana do Meio Ambiente re\u00fane mais de 800 participantes em a\u00e7\u00f5es de conscientiza\u00e7\u00e3o em Piracicaba"},"content":{"rendered":"<p>A Semana do Meio Ambiente 2026 mobilizou mais de 800 pessoas em Piracicaba durante uma s\u00e9rie de atividades voltadas \u00e0 educa\u00e7\u00e3o ambiental, sustentabilidade e conscientiza\u00e7\u00e3o sobre a preserva\u00e7\u00e3o dos recursos naturais. A iniciativa foi realizada entre os dias 2 e 12 de junho pela Prefeitura de Piracicaba, por meio do Servi\u00e7o Municipal de \u00c1gua e Esgoto (Semae), em parceria com a Secretaria de Agricultura, Abastecimento e Meio Ambiente.<\/p>\n<p>A programa\u00e7\u00e3o reuniu crian\u00e7as e adolescentes de escolas municipais, estaduais e particulares de Piracicaba e regi\u00e3o, al\u00e9m de representantes de institui\u00e7\u00f5es parceiras e servidores p\u00fablicos. O objetivo foi promover o conhecimento sobre temas relacionados ao meio ambiente, saneamento e responsabilidade socioambiental.<\/p>\n<p>O encerramento aconteceu na \u00faltima sexta-feira, 12 de junho, com uma programa\u00e7\u00e3o especial voltada aos servidores do Semae. Cerca de 140 colaboradores participaram das atividades, que refor\u00e7aram a import\u00e2ncia das pr\u00e1ticas sustent\u00e1veis no cotidiano e o papel de cada cidad\u00e3o na preserva\u00e7\u00e3o dos recursos naturais.<\/p>\n<p>Entre os destaques esteve a palestra \u201cSustentabilidade e o cuidado invis\u00edvel com a cidade\u201d, ministrada pela engenheira ambiental e pedagoga Aline Leite, idealizadora do podcast EcoConecta. Os participantes tamb\u00e9m conheceram projetos e iniciativas sustent\u00e1veis desenvolvidos por institui\u00e7\u00f5es, organiza\u00e7\u00f5es da sociedade civil e empresas parceiras.<\/p>\n<p>Como incentivo \u00e0 ado\u00e7\u00e3o de h\u00e1bitos mais sustent\u00e1veis, os servidores receberam canecas reutiliz\u00e1veis, estimulando a redu\u00e7\u00e3o do uso de materiais descart\u00e1veis.<\/p>\n<p><strong>Educa\u00e7\u00e3o ambiental como ferramenta de transforma\u00e7\u00e3o<\/strong><\/p>\n<p>Com o tema \u201cPreservar o Nosso Ecossistema \u00e9 Construir o Amanh\u00e3\u201d, a edi\u00e7\u00e3o deste ano promoveu oficinas educativas, atividades pr\u00e1ticas de reciclagem, artesanato sustent\u00e1vel, demonstra\u00e7\u00f5es t\u00e9cnicas e palestras sobre biodiversidade, comportamento animal e preven\u00e7\u00e3o de zoonoses.<\/p>\n<p>Segundo a gerente ambiental do Semae, Nat\u00e1ssia Bonini Vidas, a\u00e7\u00f5es como essas fortalecem a conscientiza\u00e7\u00e3o coletiva e ajudam a construir uma rela\u00e7\u00e3o mais respons\u00e1vel com o meio ambiente.<\/p>\n<blockquote><p>\u201cQuando aproximamos crian\u00e7as, jovens e servidores de temas ligados \u00e0 preserva\u00e7\u00e3o dos recursos naturais, fortalecemos uma cultura de responsabilidade coletiva capaz de transformar pequenas atitudes em grandes mudan\u00e7as para a cidade\u201d, destacou.<\/p><\/blockquote>\n<p>O presidente do Semae, Ronald Pereira, ressaltou que a preserva\u00e7\u00e3o ambiental est\u00e1 diretamente ligada \u00e0 qualidade de vida da popula\u00e7\u00e3o.<\/p>\n<blockquote><p>\u201cCuidar da \u00e1gua, do saneamento e do meio ambiente \u00e9 cuidar das pessoas. A sustentabilidade precisa fazer parte das nossas decis\u00f5es di\u00e1rias, porque as escolhas que fazemos hoje refletem diretamente no futuro que queremos para Piracicaba\u201d, afirmou.<\/p><\/blockquote>\n<p>A Semana do Meio Ambiente integra as a\u00e7\u00f5es permanentes de educa\u00e7\u00e3o ambiental desenvolvidas pelo munic\u00edpio e busca ampliar a conscientiza\u00e7\u00e3o da popula\u00e7\u00e3o sobre a import\u00e2ncia da preserva\u00e7\u00e3o dos recursos naturais e da constru\u00e7\u00e3o de uma cidade mais sustent\u00e1vel.<\/p>\n","protected":false},"excerpt":{"rendered":"<p>Programa\u00e7\u00e3o promovida pelo Semae envolveu estudantes, institui\u00e7\u00f5es e servidores municipais em atividades voltadas \u00e0 preserva\u00e7\u00e3o ambiental, saneamento e sustentabilidade<\/p>\n","protected":false},"author":9,"featured_media":13432,"comment_status":"closed","ping_status":"closed","sticky":false,"template":"","format":"standard","meta":{"_acf_changed":false,"footnotes":""},"categories":[29],"tags":[],"class_list":["post-13431","post","type-post","status-publish","format-standard","has-post-thumbnail","hentry","category-meio-ambiente"],"acf":[],"yoast_head":"<!-- This site is optimized with the Yoast SEO plugin v27.2 - https:\/\/yoast.com\/product\/yoast-seo-wordpress\/ -->\n<title>Semana do Meio Ambiente re\u00fane mais de 800 participantes em a\u00e7\u00f5es de conscientiza\u00e7\u00e3o em Piracicaba<\/title>\n<meta name=\"robots\" content=\"index, follow, max-snippet:-1, max-image-preview:large, max-video-preview:-1\" \/>\n<link rel=\"canonical\" href=\"https:\/\/jornalvia.com\/piracicaba\/meio-ambiente\/semana-do-meio-ambiente-reune-mais-de-800-participantes-em-acoes-de-conscientizacao-em-piracicaba\/\" \/>\n<meta property=\"og:locale\" content=\"pt_BR\" \/>\n<meta property=\"og:type\" content=\"article\" \/>\n<meta property=\"og:title\" content=\"Semana do Meio Ambiente re\u00fane mais de 800 participantes em a\u00e7\u00f5es de conscientiza\u00e7\u00e3o em Piracicaba\" \/>\n<meta property=\"og:description\" content=\"Programa\u00e7\u00e3o promovida pelo Semae envolveu estudantes, institui\u00e7\u00f5es e servidores municipais em atividades voltadas \u00e0 preserva\u00e7\u00e3o ambiental, saneamento e sustentabilidade\" \/>\n<meta property=\"og:url\" content=\"https:\/\/jornalvia.com\/piracicaba\/meio-ambiente\/semana-do-meio-ambiente-reune-mais-de-800-participantes-em-acoes-de-conscientizacao-em-piracicaba\/\" \/>\n<meta property=\"og:site_name\" content=\"Piracicaba\" \/>\n<meta property=\"article:published_time\" content=\"2026-06-16T10:38:51+00:00\" \/>\n<meta property=\"og:image\" content=\"https:\/\/jornalvia.com\/piracicaba\/wp-content\/uploads\/sites\/2\/2026\/06\/2026-06-16-ID2-001379.webp\" \/>\n\t<meta property=\"og:image:width\" content=\"1156\" \/>\n\t<meta property=\"og:image:height\" content=\"868\" \/>\n\t<meta property=\"og:image:type\" content=\"image\/webp\" \/>\n<meta name=\"author\" content=\"Reda\u00e7\u00e3o\" \/>\n<meta name=\"twitter:card\" content=\"summary_large_image\" \/>\n<meta name=\"twitter:label1\" content=\"Escrito por\" \/>\n\t<meta name=\"twitter:data1\" content=\"Reda\u00e7\u00e3o\" \/>\n\t<meta name=\"twitter:label2\" content=\"Est. tempo de leitura\" \/>\n\t<meta name=\"twitter:data2\" content=\"2 minutos\" \/>\n<script type=\"application\/ld+json\" class=\"yoast-schema-graph\">{\"@context\":\"https:\/\/schema.org\",\"@graph\":[{\"@type\":\"Article\",\"@id\":\"https:\/\/jornalvia.com\/piracicaba\/meio-ambiente\/semana-do-meio-ambiente-reune-mais-de-800-participantes-em-acoes-de-conscientizacao-em-piracicaba\/#article\",\"isPartOf\":{\"@id\":\"https:\/\/jornalvia.com\/piracicaba\/meio-ambiente\/semana-do-meio-ambiente-reune-mais-de-800-participantes-em-acoes-de-conscientizacao-em-piracicaba\/\"},\"author\":{\"name\":\"Reda\u00e7\u00e3o\",\"@id\":\"https:\/\/jornalvia.com\/piracicaba\/#\/schema\/person\/672c24084b8babca7ca8adc9bb83152a\"},\"headline\":\"Semana do Meio Ambiente re\u00fane mais de 800 participantes em a\u00e7\u00f5es de conscientiza\u00e7\u00e3o em Piracicaba\",\"datePublished\":\"2026-06-16T10:38:51+00:00\",\"mainEntityOfPage\":{\"@id\":\"https:\/\/jornalvia.com\/piracicaba\/meio-ambiente\/semana-do-meio-ambiente-reune-mais-de-800-participantes-em-acoes-de-conscientizacao-em-piracicaba\/\"},\"wordCount\":479,\"publisher\":{\"@id\":\"https:\/\/jornalvia.com\/piracicaba\/#organization\"},\"image\":{\"@id\":\"https:\/\/jornalvia.com\/piracicaba\/meio-ambiente\/semana-do-meio-ambiente-reune-mais-de-800-participantes-em-acoes-de-conscientizacao-em-piracicaba\/#primaryimage\"},\"thumbnailUrl\":\"https:\/\/jornalvia.com\/piracicaba\/wp-content\/uploads\/sites\/2\/2026\/06\/2026-06-16-ID2-001379.webp\",\"articleSection\":[\"Meio Ambiente\"],\"inLanguage\":\"pt-BR\"},{\"@type\":\"WebPage\",\"@id\":\"https:\/\/jornalvia.com\/piracicaba\/meio-ambiente\/semana-do-meio-ambiente-reune-mais-de-800-participantes-em-acoes-de-conscientizacao-em-piracicaba\/\",\"url\":\"https:\/\/jornalvia.com\/piracicaba\/meio-ambiente\/semana-do-meio-ambiente-reune-mais-de-800-participantes-em-acoes-de-conscientizacao-em-piracicaba\/\",\"name\":\"Semana do Meio Ambiente re\u00fane mais de 800 participantes em a\u00e7\u00f5es de conscientiza\u00e7\u00e3o em Piracicaba\",\"isPartOf\":{\"@id\":\"https:\/\/jornalvia.com\/piracicaba\/#website\"},\"primaryImageOfPage\":{\"@id\":\"https:\/\/jornalvia.com\/piracicaba\/meio-ambiente\/semana-do-meio-ambiente-reune-mais-de-800-participantes-em-acoes-de-conscientizacao-em-piracicaba\/#primaryimage\"},\"image\":{\"@id\":\"https:\/\/jornalvia.com\/piracicaba\/meio-ambiente\/semana-do-meio-ambiente-reune-mais-de-800-participantes-em-acoes-de-conscientizacao-em-piracicaba\/#primaryimage\"},\"thumbnailUrl\":\"https:\/\/jornalvia.com\/piracicaba\/wp-content\/uploads\/sites\/2\/2026\/06\/2026-06-16-ID2-001379.webp\",\"datePublished\":\"2026-06-16T10:38:51+00:00\",\"breadcrumb\":{\"@id\":\"https:\/\/jornalvia.com\/piracicaba\/meio-ambiente\/semana-do-meio-ambiente-reune-mais-de-800-participantes-em-acoes-de-conscientizacao-em-piracicaba\/#breadcrumb\"},\"inLanguage\":\"pt-BR\",\"potentialAction\":[{\"@type\":\"ReadAction\",\"target\":[\"https:\/\/jornalvia.com\/piracicaba\/meio-ambiente\/semana-do-meio-ambiente-reune-mais-de-800-participantes-em-acoes-de-conscientizacao-em-piracicaba\/\"]}]},{\"@type\":\"ImageObject\",\"inLanguage\":\"pt-BR\",\"@id\":\"https:\/\/jornalvia.com\/piracicaba\/meio-ambiente\/semana-do-meio-ambiente-reune-mais-de-800-participantes-em-acoes-de-conscientizacao-em-piracicaba\/#primaryimage\",\"url\":\"https:\/\/jornalvia.com\/piracicaba\/wp-content\/uploads\/sites\/2\/2026\/06\/2026-06-16-ID2-001379.webp\",\"contentUrl\":\"https:\/\/jornalvia.com\/piracicaba\/wp-content\/uploads\/sites\/2\/2026\/06\/2026-06-16-ID2-001379.webp\",\"width\":1156,\"height\":868,\"caption\":\"Foto: Divulga\u00e7\u00e3o\"},{\"@type\":\"BreadcrumbList\",\"@id\":\"https:\/\/jornalvia.com\/piracicaba\/meio-ambiente\/semana-do-meio-ambiente-reune-mais-de-800-participantes-em-acoes-de-conscientizacao-em-piracicaba\/#breadcrumb\",\"itemListElement\":[{\"@type\":\"ListItem\",\"position\":1,\"name\":\"In\u00edcio\",\"item\":\"https:\/\/jornalvia.com\/piracicaba\/\"},{\"@type\":\"ListItem\",\"position\":2,\"name\":\"Semana do Meio Ambiente re\u00fane mais de 800 participantes em a\u00e7\u00f5es de conscientiza\u00e7\u00e3o em Piracicaba\"}]},{\"@type\":\"WebSite\",\"@id\":\"https:\/\/jornalvia.com\/piracicaba\/#website\",\"url\":\"https:\/\/jornalvia.com\/piracicaba\/\",\"name\":\"Jornal VIA\",\"description\":\"Seu novo jornal de not\u00edcias em Piracicaba com informa\u00e7\u00f5es locais, do Brasil e do mundo\",\"publisher\":{\"@id\":\"https:\/\/jornalvia.com\/piracicaba\/#organization\"},\"alternateName\":\"Jornal VIA \u2022 Piracicaba\",\"potentialAction\":[{\"@type\":\"SearchAction\",\"target\":{\"@type\":\"EntryPoint\",\"urlTemplate\":\"https:\/\/jornalvia.com\/piracicaba\/?s={search_term_string}\"},\"query-input\":{\"@type\":\"PropertyValueSpecification\",\"valueRequired\":true,\"valueName\":\"search_term_string\"}}],\"inLanguage\":\"pt-BR\"},{\"@type\":\"Organization\",\"@id\":\"https:\/\/jornalvia.com\/piracicaba\/#organization\",\"name\":\"Jornal VIA\",\"url\":\"https:\/\/jornalvia.com\/piracicaba\/\",\"logo\":{\"@type\":\"ImageObject\",\"inLanguage\":\"pt-BR\",\"@id\":\"https:\/\/jornalvia.com\/piracicaba\/#\/schema\/logo\/image\/\",\"url\":\"https:\/\/jornalvia.com\/piracicaba\/wp-content\/uploads\/sites\/2\/2025\/09\/cropped-logo_site_5-1.png\",\"contentUrl\":\"https:\/\/jornalvia.com\/piracicaba\/wp-content\/uploads\/sites\/2\/2025\/09\/cropped-logo_site_5-1.png\",\"width\":512,\"height\":512,\"caption\":\"Jornal VIA\"},\"image\":{\"@id\":\"https:\/\/jornalvia.com\/piracicaba\/#\/schema\/logo\/image\/\"}},{\"@type\":\"Person\",\"@id\":\"https:\/\/jornalvia.com\/piracicaba\/#\/schema\/person\/672c24084b8babca7ca8adc9bb83152a\",\"name\":\"Reda\u00e7\u00e3o\",\"url\":\"https:\/\/jornalvia.com\/piracicaba\/author\/jaquelineprates\/\"}]}<\/script>\n<!-- \/ Yoast SEO plugin. -->","yoast_head_json":{"title":"Semana do Meio Ambiente re\u00fane mais de 800 participantes em a\u00e7\u00f5es de conscientiza\u00e7\u00e3o em Piracicaba","robots":{"index":"index","follow":"follow","max-snippet":"max-snippet:-1","max-image-preview":"max-image-preview:large","max-video-preview":"max-video-preview:-1"},"canonical":"https:\/\/jornalvia.com\/piracicaba\/meio-ambiente\/semana-do-meio-ambiente-reune-mais-de-800-participantes-em-acoes-de-conscientizacao-em-piracicaba\/","og_locale":"pt_BR","og_type":"article","og_title":"Semana do Meio Ambiente re\u00fane mais de 800 participantes em a\u00e7\u00f5es de conscientiza\u00e7\u00e3o em Piracicaba","og_description":"Programa\u00e7\u00e3o promovida pelo Semae envolveu estudantes, institui\u00e7\u00f5es e servidores municipais em atividades voltadas \u00e0 preserva\u00e7\u00e3o ambiental, saneamento e sustentabilidade","og_url":"https:\/\/jornalvia.com\/piracicaba\/meio-ambiente\/semana-do-meio-ambiente-reune-mais-de-800-participantes-em-acoes-de-conscientizacao-em-piracicaba\/","og_site_name":"Piracicaba","article_published_time":"2026-06-16T10:38:51+00:00","og_image":[{"width":1156,"height":868,"url":"https:\/\/jornalvia.com\/piracicaba\/wp-content\/uploads\/sites\/2\/2026\/06\/2026-06-16-ID2-001379.webp","type":"image\/webp"}],"author":"Reda\u00e7\u00e3o","twitter_card":"summary_large_image","twitter_misc":{"Escrito por":"Reda\u00e7\u00e3o","Est. tempo de leitura":"2 minutos"},"schema":{"@context":"https:\/\/schema.org","@graph":[{"@type":"Article","@id":"https:\/\/jornalvia.com\/piracicaba\/meio-ambiente\/semana-do-meio-ambiente-reune-mais-de-800-participantes-em-acoes-de-conscientizacao-em-piracicaba\/#article","isPartOf":{"@id":"https:\/\/jornalvia.com\/piracicaba\/meio-ambiente\/semana-do-meio-ambiente-reune-mais-de-800-participantes-em-acoes-de-conscientizacao-em-piracicaba\/"},"author":{"name":"Reda\u00e7\u00e3o","@id":"https:\/\/jornalvia.com\/piracicaba\/#\/schema\/person\/672c24084b8babca7ca8adc9bb83152a"},"headline":"Semana do Meio Ambiente re\u00fane mais de 800 participantes em a\u00e7\u00f5es de conscientiza\u00e7\u00e3o em Piracicaba","datePublished":"2026-06-16T10:38:51+00:00","mainEntityOfPage":{"@id":"https:\/\/jornalvia.com\/piracicaba\/meio-ambiente\/semana-do-meio-ambiente-reune-mais-de-800-participantes-em-acoes-de-conscientizacao-em-piracicaba\/"},"wordCount":479,"publisher":{"@id":"https:\/\/jornalvia.com\/piracicaba\/#organization"},"image":{"@id":"https:\/\/jornalvia.com\/piracicaba\/meio-ambiente\/semana-do-meio-ambiente-reune-mais-de-800-participantes-em-acoes-de-conscientizacao-em-piracicaba\/#primaryimage"},"thumbnailUrl":"https:\/\/jornalvia.com\/piracicaba\/wp-content\/uploads\/sites\/2\/2026\/06\/2026-06-16-ID2-001379.webp","articleSection":["Meio Ambiente"],"inLanguage":"pt-BR"},{"@type":"WebPage","@id":"https:\/\/jornalvia.com\/piracicaba\/meio-ambiente\/semana-do-meio-ambiente-reune-mais-de-800-participantes-em-acoes-de-conscientizacao-em-piracicaba\/","url":"https:\/\/jornalvia.com\/piracicaba\/meio-ambiente\/semana-do-meio-ambiente-reune-mais-de-800-participantes-em-acoes-de-conscientizacao-em-piracicaba\/","name":"Semana do Meio Ambiente re\u00fane mais de 800 participantes em a\u00e7\u00f5es de conscientiza\u00e7\u00e3o em Piracicaba","isPartOf":{"@id":"https:\/\/jornalvia.com\/piracicaba\/#website"},"primaryImageOfPage":{"@id":"https:\/\/jornalvia.com\/piracicaba\/meio-ambiente\/semana-do-meio-ambiente-reune-mais-de-800-participantes-em-acoes-de-conscientizacao-em-piracicaba\/#primaryimage"},"image":{"@id":"https:\/\/jornalvia.com\/piracicaba\/meio-ambiente\/semana-do-meio-ambiente-reune-mais-de-800-participantes-em-acoes-de-conscientizacao-em-piracicaba\/#primaryimage"},"thumbnailUrl":"https:\/\/jornalvia.com\/piracicaba\/wp-content\/uploads\/sites\/2\/2026\/06\/2026-06-16-ID2-001379.webp","datePublished":"2026-06-16T10:38:51+00:00","breadcrumb":{"@id":"https:\/\/jornalvia.com\/piracicaba\/meio-ambiente\/semana-do-meio-ambiente-reune-mais-de-800-participantes-em-acoes-de-conscientizacao-em-piracicaba\/#breadcrumb"},"inLanguage":"pt-BR","potentialAction":[{"@type":"ReadAction","target":["https:\/\/jornalvia.com\/piracicaba\/meio-ambiente\/semana-do-meio-ambiente-reune-mais-de-800-participantes-em-acoes-de-conscientizacao-em-piracicaba\/"]}]},{"@type":"ImageObject","inLanguage":"pt-BR","@id":"https:\/\/jornalvia.com\/piracicaba\/meio-ambiente\/semana-do-meio-ambiente-reune-mais-de-800-participantes-em-acoes-de-conscientizacao-em-piracicaba\/#primaryimage","url":"https:\/\/jornalvia.com\/piracicaba\/wp-content\/uploads\/sites\/2\/2026\/06\/2026-06-16-ID2-001379.webp","contentUrl":"https:\/\/jornalvia.com\/piracicaba\/wp-content\/uploads\/sites\/2\/2026\/06\/2026-06-16-ID2-001379.webp","width":1156,"height":868,"caption":"Foto: Divulga\u00e7\u00e3o"},{"@type":"BreadcrumbList","@id":"https:\/\/jornalvia.com\/piracicaba\/meio-ambiente\/semana-do-meio-ambiente-reune-mais-de-800-participantes-em-acoes-de-conscientizacao-em-piracicaba\/#breadcrumb","itemListElement":[{"@type":"ListItem","position":1,"name":"In\u00edcio","item":"https:\/\/jornalvia.com\/piracicaba\/"},{"@type":"ListItem","position":2,"name":"Semana do Meio Ambiente re\u00fane mais de 800 participantes em a\u00e7\u00f5es de conscientiza\u00e7\u00e3o em Piracicaba"}]},{"@type":"WebSite","@id":"https:\/\/jornalvia.com\/piracicaba\/#website","url":"https:\/\/jornalvia.com\/piracicaba\/","name":"Jornal VIA","description":"Seu novo jornal de not\u00edcias em Piracicaba com informa\u00e7\u00f5es locais, do Brasil e do mundo","publisher":{"@id":"https:\/\/jornalvia.com\/piracicaba\/#organization"},"alternateName":"Jornal VIA \u2022 Piracicaba","potentialAction":[{"@type":"SearchAction","target":{"@type":"EntryPoint","urlTemplate":"https:\/\/jornalvia.com\/piracicaba\/?s={search_term_string}"},"query-input":{"@type":"PropertyValueSpecification","valueRequired":true,"valueName":"search_term_string"}}],"inLanguage":"pt-BR"},{"@type":"Organization","@id":"https:\/\/jornalvia.com\/piracicaba\/#organization","name":"Jornal VIA","url":"https:\/\/jornalvia.com\/piracicaba\/","logo":{"@type":"ImageObject","inLanguage":"pt-BR","@id":"https:\/\/jornalvia.com\/piracicaba\/#\/schema\/logo\/image\/","url":"https:\/\/jornalvia.com\/piracicaba\/wp-content\/uploads\/sites\/2\/2025\/09\/cropped-logo_site_5-1.png","contentUrl":"https:\/\/jornalvia.com\/piracicaba\/wp-content\/uploads\/sites\/2\/2025\/09\/cropped-logo_site_5-1.png","width":512,"height":512,"caption":"Jornal VIA"},"image":{"@id":"https:\/\/jornalvia.com\/piracicaba\/#\/schema\/logo\/image\/"}},{"@type":"Person","@id":"https:\/\/jornalvia.com\/piracicaba\/#\/schema\/person\/672c24084b8babca7ca8adc9bb83152a","name":"Reda\u00e7\u00e3o","url":"https:\/\/jornalvia.com\/piracicaba\/author\/jaquelineprates\/"}]}},"_links":{"self":[{"href":"https:\/\/jornalvia.com\/piracicaba\/wp-json\/wp\/v2\/posts\/13431","targetHints":{"allow":["GET"]}}],"collection":[{"href":"https:\/\/jornalvia.com\/piracicaba\/wp-json\/wp\/v2\/posts"}],"about":[{"href":"https:\/\/jornalvia.com\/piracicaba\/wp-json\/wp\/v2\/types\/post"}],"author":[{"embeddable":true,"href":"https:\/\/jornalvia.com\/piracicaba\/wp-json\/wp\/v2\/users\/9"}],"replies":[{"embeddable":true,"href":"https:\/\/jornalvia.com\/piracicaba\/wp-json\/wp\/v2\/comments?post=13431"}],"version-history":[{"count":1,"href":"https:\/\/jornalvia.com\/piracicaba\/wp-json\/wp\/v2\/posts\/13431\/revisions"}],"predecessor-version":[{"id":13433,"href":"https:\/\/jornalvia.com\/piracicaba\/wp-json\/wp\/v2\/posts\/13431\/revisions\/13433"}],"wp:featuredmedia":[{"embeddable":true,"href":"https:\/\/jornalvia.com\/piracicaba\/wp-json\/wp\/v2\/media\/13432"}],"wp:attachment":[{"href":"https:\/\/jornalvia.com\/piracicaba\/wp-json\/wp\/v2\/media?parent=13431"}],"wp:term":[{"taxonomy":"category","embeddable":true,"href":"https:\/\/jornalvia.com\/piracicaba\/wp-json\/wp\/v2\/categories?post=13431"},{"taxonomy":"post_tag","embeddable":true,"href":"https:\/\/jornalvia.com\/piracicaba\/wp-json\/wp\/v2\/tags?post=13431"}],"curies":[{"name":"wp","href":"https:\/\/api.w.org\/{rel}","templated":true}]}}