{"id":10425,"date":"2026-05-21T08:35:36","date_gmt":"2026-05-21T11:35:36","guid":{"rendered":"https:\/\/jornalvia.com\/piracicaba\/cidade\/possivel-retorno-do-el-nino-acende-alerta-para-nova-crise-climatica-na-amazonia"},"modified":"2026-05-21T08:35:36","modified_gmt":"2026-05-21T11:35:36","slug":"possivel-retorno-do-el-nino-acende-alerta-para-nova-crise-climatica-na-amazonia","status":"publish","type":"post","link":"https:\/\/jornalvia.com\/piracicaba\/meio-ambiente\/possivel-retorno-do-el-nino-acende-alerta-para-nova-crise-climatica-na-amazonia\/","title":{"rendered":"Poss\u00edvel retorno do El Ni\u00f1o acende alerta para nova crise clim\u00e1tica na Amaz\u00f4nia"},"content":{"rendered":"<p>O risco de forma\u00e7\u00e3o de um novo Super El Ni\u00f1o at\u00e9 o fim de 2026 passou a preocupar cientistas e autoridades ambientais ap\u00f3s divulga\u00e7\u00e3o de dados do Centro de Previs\u00e3o Clim\u00e1tica dos Estados Unidos. Segundo o boletim, a probabilidade de ocorr\u00eancia do fen\u00f4meno clim\u00e1tico chega a 80%.<\/p>\n<p>A preocupa\u00e7\u00e3o ocorre principalmente por causa dos impactos registrados recentemente na Amaz\u00f4nia durante a crise clim\u00e1tica entre 2023 e 2024, quando seca extrema, calor intenso e queimadas provocaram graves danos ambientais e dificuldades para milhares de pessoas na regi\u00e3o amaz\u00f4nica.<\/p>\n<p>Na \u00e9poca, rios atingiram n\u00edveis cr\u00edticos, comunidades ficaram isoladas e inc\u00eandios avan\u00e7aram rapidamente pela floresta.<\/p>\n<p><strong>Fen\u00f4meno altera temperatura e regime de chuvas<\/strong><br \/>\nO El Ni\u00f1o \u00e9 um fen\u00f4meno clim\u00e1tico natural causado pelo aquecimento das \u00e1guas superficiais do Oceano Pac\u00edfico Equatorial. Ele interfere no clima em diferentes partes do planeta e provoca altera\u00e7\u00f5es importantes no regime de chuvas e nas temperaturas.<\/p>\n<p>No Brasil, os efeitos costumam incluir aumento das chuvas na Regi\u00e3o Sul e redu\u00e7\u00e3o das precipita\u00e7\u00f5es no Norte e Nordeste.<\/p>\n<p>Especialistas alertam que a combina\u00e7\u00e3o entre seca e calor extremo torna o cen\u00e1rio ainda mais perigoso para a Amaz\u00f4nia, favorecendo queimadas, perda de biodiversidade e dificuldades no abastecimento de comunidades isoladas.<\/p>\n<p><strong>Amaz\u00f4nia j\u00e1 enfrentou eventos extremos recentes<\/strong><br \/>\nSegundo pesquisadores, epis\u00f3dios anteriores de El Ni\u00f1o j\u00e1 provocaram secas severas na Amaz\u00f4nia em anos como 1998, 2010, 2015 e 2016. No entanto, a crise registrada entre 2023 e 2024 chamou aten\u00e7\u00e3o pela intensidade do calor extremo associado \u00e0 falta de chuvas.<\/p>\n<p>O cen\u00e1rio acelerou a perda de \u00e1gua do solo, rios e vegeta\u00e7\u00e3o.<\/p>\n<p>Durante o per\u00edodo, pesquisadores registraram:<\/p>\n<p>mortes de animais silvestres;<br \/>\navan\u00e7o de inc\u00eandios florestais;<br \/>\nredu\u00e7\u00e3o dr\u00e1stica no n\u00edvel dos rios;<br \/>\ne aumento das dificuldades de transporte e abastecimento em comunidades amaz\u00f4nicas.<\/p>\n<p>Em Tef\u00e9, no Amazonas, alguns lagos chegaram a registrar temperaturas acima de 40 graus, situa\u00e7\u00e3o associada \u00e0 morte de peixes, botos e tucuxis.<\/p>\n<p><strong>Especialistas alertam para degrada\u00e7\u00e3o ambiental<\/strong><br \/>\nPesquisadores explicam que a degrada\u00e7\u00e3o florestal vai al\u00e9m do desmatamento e inclui queimadas, fragmenta\u00e7\u00e3o da mata e explora\u00e7\u00e3o ilegal de madeira.<\/p>\n<p>Estudos apontam que cerca de 5,5% das florestas amaz\u00f4nicas sofreram algum tipo de degrada\u00e7\u00e3o entre 2001 e 2018.<\/p>\n<p>Al\u00e9m da perda de vegeta\u00e7\u00e3o, cientistas alertam que \u00e1rvores enfraquecidas passam a absorver menos carbono da atmosfera e, em alguns casos, liberam carbono ap\u00f3s morrerem, agravando o aquecimento global.<\/p>\n<p><strong>Eventos clim\u00e1ticos extremos se intensificam<\/strong><br \/>\nEspecialistas utilizam a express\u00e3o \u201ceventos compostos\u201d para definir situa\u00e7\u00f5es em que seca, calor extremo e inc\u00eandios acontecem simultaneamente ou em sequ\u00eancia.<\/p>\n<p>Segundo pesquisadores, esses fen\u00f4menos tornam os impactos mais dif\u00edceis de controlar e aumentam os riscos ambientais e sociais.<\/p>\n<p>Al\u00e9m da Amaz\u00f4nia, outros eventos extremos foram registrados recentemente no Brasil, como:<\/p>\n<p>queimadas no Pantanal;<br \/>\ne enchentes hist\u00f3ricas no Rio Grande do Sul.<\/p>\n<p><strong>Cientistas defendem adapta\u00e7\u00e3o clim\u00e1tica<\/strong><br \/>\nPesquisadores afirmam que a Amaz\u00f4nia ainda possui capacidade de recupera\u00e7\u00e3o, mas alertam que partes da floresta j\u00e1 apresentam sinais de perda de resist\u00eancia desde os anos 2000.<\/p>\n<p>Especialistas defendem amplia\u00e7\u00e3o:<\/p>\n<p>de pol\u00edticas de adapta\u00e7\u00e3o clim\u00e1tica;<br \/>\nmonitoramento ambiental;<br \/>\ncombate a inc\u00eandios;<br \/>\nprote\u00e7\u00e3o de popula\u00e7\u00f5es vulner\u00e1veis;<br \/>\ne investimentos em pesquisas clim\u00e1ticas.<\/p>\n<p>O avan\u00e7o das mudan\u00e7as clim\u00e1ticas segue no centro das discuss\u00f5es globais sobre meio ambiente, sustentabilidade e preserva\u00e7\u00e3o da biodiversidade.<\/p>\n","protected":false},"excerpt":{"rendered":"<p>Cientistas apontam risco elevado de forma\u00e7\u00e3o de um Super El Ni\u00f1o at\u00e9 o fim de 2026 e alertam para impactos ambientais extremos<\/p>\n","protected":false},"author":9,"featured_media":10426,"comment_status":"closed","ping_status":"closed","sticky":false,"template":"","format":"standard","meta":{"_acf_changed":false,"footnotes":""},"categories":[29],"tags":[],"class_list":["post-10425","post","type-post","status-publish","format-standard","has-post-thumbnail","hentry","category-meio-ambiente"],"acf":[],"yoast_head":"<!-- This site is optimized with the Yoast SEO plugin v27.2 - https:\/\/yoast.com\/product\/yoast-seo-wordpress\/ -->\n<title>Poss\u00edvel retorno do El Ni\u00f1o acende alerta para nova crise clim\u00e1tica na Amaz\u00f4nia<\/title>\n<meta name=\"robots\" content=\"index, follow, max-snippet:-1, max-image-preview:large, max-video-preview:-1\" \/>\n<link rel=\"canonical\" href=\"https:\/\/jornalvia.com\/piracicaba\/meio-ambiente\/possivel-retorno-do-el-nino-acende-alerta-para-nova-crise-climatica-na-amazonia\/\" \/>\n<meta property=\"og:locale\" content=\"pt_BR\" \/>\n<meta property=\"og:type\" content=\"article\" \/>\n<meta property=\"og:title\" content=\"Poss\u00edvel retorno do El Ni\u00f1o acende alerta para nova crise clim\u00e1tica na Amaz\u00f4nia\" \/>\n<meta property=\"og:description\" content=\"Cientistas apontam risco elevado de forma\u00e7\u00e3o de um Super El Ni\u00f1o at\u00e9 o fim de 2026 e alertam para impactos ambientais extremos\" \/>\n<meta property=\"og:url\" content=\"https:\/\/jornalvia.com\/piracicaba\/meio-ambiente\/possivel-retorno-do-el-nino-acende-alerta-para-nova-crise-climatica-na-amazonia\/\" \/>\n<meta property=\"og:site_name\" content=\"Piracicaba\" \/>\n<meta property=\"article:published_time\" content=\"2026-05-21T11:35:36+00:00\" \/>\n<meta property=\"og:image\" content=\"https:\/\/jornalvia.com\/piracicaba\/wp-content\/uploads\/sites\/2\/2026\/05\/2026-05-21-ID1-001163.webp\" \/>\n\t<meta property=\"og:image:width\" content=\"990\" \/>\n\t<meta property=\"og:image:height\" content=\"556\" \/>\n\t<meta property=\"og:image:type\" content=\"image\/webp\" \/>\n<meta name=\"author\" content=\"Reda\u00e7\u00e3o\" \/>\n<meta name=\"twitter:card\" content=\"summary_large_image\" \/>\n<meta name=\"twitter:label1\" content=\"Escrito por\" \/>\n\t<meta name=\"twitter:data1\" content=\"Reda\u00e7\u00e3o\" \/>\n\t<meta name=\"twitter:label2\" content=\"Est. tempo de leitura\" \/>\n\t<meta name=\"twitter:data2\" content=\"3 minutos\" \/>\n<script type=\"application\/ld+json\" class=\"yoast-schema-graph\">{\"@context\":\"https:\/\/schema.org\",\"@graph\":[{\"@type\":\"Article\",\"@id\":\"https:\/\/jornalvia.com\/piracicaba\/meio-ambiente\/possivel-retorno-do-el-nino-acende-alerta-para-nova-crise-climatica-na-amazonia\/#article\",\"isPartOf\":{\"@id\":\"https:\/\/jornalvia.com\/piracicaba\/meio-ambiente\/possivel-retorno-do-el-nino-acende-alerta-para-nova-crise-climatica-na-amazonia\/\"},\"author\":{\"name\":\"Reda\u00e7\u00e3o\",\"@id\":\"https:\/\/jornalvia.com\/piracicaba\/#\/schema\/person\/672c24084b8babca7ca8adc9bb83152a\"},\"headline\":\"Poss\u00edvel retorno do El Ni\u00f1o acende alerta para nova crise clim\u00e1tica na Amaz\u00f4nia\",\"datePublished\":\"2026-05-21T11:35:36+00:00\",\"mainEntityOfPage\":{\"@id\":\"https:\/\/jornalvia.com\/piracicaba\/meio-ambiente\/possivel-retorno-do-el-nino-acende-alerta-para-nova-crise-climatica-na-amazonia\/\"},\"wordCount\":606,\"publisher\":{\"@id\":\"https:\/\/jornalvia.com\/piracicaba\/#organization\"},\"image\":{\"@id\":\"https:\/\/jornalvia.com\/piracicaba\/meio-ambiente\/possivel-retorno-do-el-nino-acende-alerta-para-nova-crise-climatica-na-amazonia\/#primaryimage\"},\"thumbnailUrl\":\"https:\/\/jornalvia.com\/piracicaba\/wp-content\/uploads\/sites\/2\/2026\/05\/2026-05-21-ID1-001163.webp\",\"articleSection\":[\"Meio Ambiente\"],\"inLanguage\":\"pt-BR\"},{\"@type\":\"WebPage\",\"@id\":\"https:\/\/jornalvia.com\/piracicaba\/meio-ambiente\/possivel-retorno-do-el-nino-acende-alerta-para-nova-crise-climatica-na-amazonia\/\",\"url\":\"https:\/\/jornalvia.com\/piracicaba\/meio-ambiente\/possivel-retorno-do-el-nino-acende-alerta-para-nova-crise-climatica-na-amazonia\/\",\"name\":\"Poss\u00edvel retorno do El Ni\u00f1o acende alerta para nova crise clim\u00e1tica na Amaz\u00f4nia\",\"isPartOf\":{\"@id\":\"https:\/\/jornalvia.com\/piracicaba\/#website\"},\"primaryImageOfPage\":{\"@id\":\"https:\/\/jornalvia.com\/piracicaba\/meio-ambiente\/possivel-retorno-do-el-nino-acende-alerta-para-nova-crise-climatica-na-amazonia\/#primaryimage\"},\"image\":{\"@id\":\"https:\/\/jornalvia.com\/piracicaba\/meio-ambiente\/possivel-retorno-do-el-nino-acende-alerta-para-nova-crise-climatica-na-amazonia\/#primaryimage\"},\"thumbnailUrl\":\"https:\/\/jornalvia.com\/piracicaba\/wp-content\/uploads\/sites\/2\/2026\/05\/2026-05-21-ID1-001163.webp\",\"datePublished\":\"2026-05-21T11:35:36+00:00\",\"breadcrumb\":{\"@id\":\"https:\/\/jornalvia.com\/piracicaba\/meio-ambiente\/possivel-retorno-do-el-nino-acende-alerta-para-nova-crise-climatica-na-amazonia\/#breadcrumb\"},\"inLanguage\":\"pt-BR\",\"potentialAction\":[{\"@type\":\"ReadAction\",\"target\":[\"https:\/\/jornalvia.com\/piracicaba\/meio-ambiente\/possivel-retorno-do-el-nino-acende-alerta-para-nova-crise-climatica-na-amazonia\/\"]}]},{\"@type\":\"ImageObject\",\"inLanguage\":\"pt-BR\",\"@id\":\"https:\/\/jornalvia.com\/piracicaba\/meio-ambiente\/possivel-retorno-do-el-nino-acende-alerta-para-nova-crise-climatica-na-amazonia\/#primaryimage\",\"url\":\"https:\/\/jornalvia.com\/piracicaba\/wp-content\/uploads\/sites\/2\/2026\/05\/2026-05-21-ID1-001163.webp\",\"contentUrl\":\"https:\/\/jornalvia.com\/piracicaba\/wp-content\/uploads\/sites\/2\/2026\/05\/2026-05-21-ID1-001163.webp\",\"width\":990,\"height\":556,\"caption\":\"Foto: Foto: Jacqueline Lisboa \/WWF-Brasil\"},{\"@type\":\"BreadcrumbList\",\"@id\":\"https:\/\/jornalvia.com\/piracicaba\/meio-ambiente\/possivel-retorno-do-el-nino-acende-alerta-para-nova-crise-climatica-na-amazonia\/#breadcrumb\",\"itemListElement\":[{\"@type\":\"ListItem\",\"position\":1,\"name\":\"In\u00edcio\",\"item\":\"https:\/\/jornalvia.com\/piracicaba\/\"},{\"@type\":\"ListItem\",\"position\":2,\"name\":\"Poss\u00edvel retorno do El Ni\u00f1o acende alerta para nova crise clim\u00e1tica na Amaz\u00f4nia\"}]},{\"@type\":\"WebSite\",\"@id\":\"https:\/\/jornalvia.com\/piracicaba\/#website\",\"url\":\"https:\/\/jornalvia.com\/piracicaba\/\",\"name\":\"Jornal VIA\",\"description\":\"Seu novo jornal de not\u00edcias em Piracicaba com informa\u00e7\u00f5es locais, do Brasil e do mundo\",\"publisher\":{\"@id\":\"https:\/\/jornalvia.com\/piracicaba\/#organization\"},\"alternateName\":\"Jornal VIA \u2022 Piracicaba\",\"potentialAction\":[{\"@type\":\"SearchAction\",\"target\":{\"@type\":\"EntryPoint\",\"urlTemplate\":\"https:\/\/jornalvia.com\/piracicaba\/?s={search_term_string}\"},\"query-input\":{\"@type\":\"PropertyValueSpecification\",\"valueRequired\":true,\"valueName\":\"search_term_string\"}}],\"inLanguage\":\"pt-BR\"},{\"@type\":\"Organization\",\"@id\":\"https:\/\/jornalvia.com\/piracicaba\/#organization\",\"name\":\"Jornal VIA\",\"url\":\"https:\/\/jornalvia.com\/piracicaba\/\",\"logo\":{\"@type\":\"ImageObject\",\"inLanguage\":\"pt-BR\",\"@id\":\"https:\/\/jornalvia.com\/piracicaba\/#\/schema\/logo\/image\/\",\"url\":\"https:\/\/jornalvia.com\/piracicaba\/wp-content\/uploads\/sites\/2\/2025\/09\/cropped-logo_site_5-1.png\",\"contentUrl\":\"https:\/\/jornalvia.com\/piracicaba\/wp-content\/uploads\/sites\/2\/2025\/09\/cropped-logo_site_5-1.png\",\"width\":512,\"height\":512,\"caption\":\"Jornal VIA\"},\"image\":{\"@id\":\"https:\/\/jornalvia.com\/piracicaba\/#\/schema\/logo\/image\/\"}},{\"@type\":\"Person\",\"@id\":\"https:\/\/jornalvia.com\/piracicaba\/#\/schema\/person\/672c24084b8babca7ca8adc9bb83152a\",\"name\":\"Reda\u00e7\u00e3o\",\"url\":\"https:\/\/jornalvia.com\/piracicaba\/author\/jaquelineprates\/\"}]}<\/script>\n<!-- \/ Yoast SEO plugin. -->","yoast_head_json":{"title":"Poss\u00edvel retorno do El Ni\u00f1o acende alerta para nova crise clim\u00e1tica na Amaz\u00f4nia","robots":{"index":"index","follow":"follow","max-snippet":"max-snippet:-1","max-image-preview":"max-image-preview:large","max-video-preview":"max-video-preview:-1"},"canonical":"https:\/\/jornalvia.com\/piracicaba\/meio-ambiente\/possivel-retorno-do-el-nino-acende-alerta-para-nova-crise-climatica-na-amazonia\/","og_locale":"pt_BR","og_type":"article","og_title":"Poss\u00edvel retorno do El Ni\u00f1o acende alerta para nova crise clim\u00e1tica na Amaz\u00f4nia","og_description":"Cientistas apontam risco elevado de forma\u00e7\u00e3o de um Super El Ni\u00f1o at\u00e9 o fim de 2026 e alertam para impactos ambientais extremos","og_url":"https:\/\/jornalvia.com\/piracicaba\/meio-ambiente\/possivel-retorno-do-el-nino-acende-alerta-para-nova-crise-climatica-na-amazonia\/","og_site_name":"Piracicaba","article_published_time":"2026-05-21T11:35:36+00:00","og_image":[{"width":990,"height":556,"url":"https:\/\/jornalvia.com\/piracicaba\/wp-content\/uploads\/sites\/2\/2026\/05\/2026-05-21-ID1-001163.webp","type":"image\/webp"}],"author":"Reda\u00e7\u00e3o","twitter_card":"summary_large_image","twitter_misc":{"Escrito por":"Reda\u00e7\u00e3o","Est. tempo de leitura":"3 minutos"},"schema":{"@context":"https:\/\/schema.org","@graph":[{"@type":"Article","@id":"https:\/\/jornalvia.com\/piracicaba\/meio-ambiente\/possivel-retorno-do-el-nino-acende-alerta-para-nova-crise-climatica-na-amazonia\/#article","isPartOf":{"@id":"https:\/\/jornalvia.com\/piracicaba\/meio-ambiente\/possivel-retorno-do-el-nino-acende-alerta-para-nova-crise-climatica-na-amazonia\/"},"author":{"name":"Reda\u00e7\u00e3o","@id":"https:\/\/jornalvia.com\/piracicaba\/#\/schema\/person\/672c24084b8babca7ca8adc9bb83152a"},"headline":"Poss\u00edvel retorno do El Ni\u00f1o acende alerta para nova crise clim\u00e1tica na Amaz\u00f4nia","datePublished":"2026-05-21T11:35:36+00:00","mainEntityOfPage":{"@id":"https:\/\/jornalvia.com\/piracicaba\/meio-ambiente\/possivel-retorno-do-el-nino-acende-alerta-para-nova-crise-climatica-na-amazonia\/"},"wordCount":606,"publisher":{"@id":"https:\/\/jornalvia.com\/piracicaba\/#organization"},"image":{"@id":"https:\/\/jornalvia.com\/piracicaba\/meio-ambiente\/possivel-retorno-do-el-nino-acende-alerta-para-nova-crise-climatica-na-amazonia\/#primaryimage"},"thumbnailUrl":"https:\/\/jornalvia.com\/piracicaba\/wp-content\/uploads\/sites\/2\/2026\/05\/2026-05-21-ID1-001163.webp","articleSection":["Meio Ambiente"],"inLanguage":"pt-BR"},{"@type":"WebPage","@id":"https:\/\/jornalvia.com\/piracicaba\/meio-ambiente\/possivel-retorno-do-el-nino-acende-alerta-para-nova-crise-climatica-na-amazonia\/","url":"https:\/\/jornalvia.com\/piracicaba\/meio-ambiente\/possivel-retorno-do-el-nino-acende-alerta-para-nova-crise-climatica-na-amazonia\/","name":"Poss\u00edvel retorno do El Ni\u00f1o acende alerta para nova crise clim\u00e1tica na Amaz\u00f4nia","isPartOf":{"@id":"https:\/\/jornalvia.com\/piracicaba\/#website"},"primaryImageOfPage":{"@id":"https:\/\/jornalvia.com\/piracicaba\/meio-ambiente\/possivel-retorno-do-el-nino-acende-alerta-para-nova-crise-climatica-na-amazonia\/#primaryimage"},"image":{"@id":"https:\/\/jornalvia.com\/piracicaba\/meio-ambiente\/possivel-retorno-do-el-nino-acende-alerta-para-nova-crise-climatica-na-amazonia\/#primaryimage"},"thumbnailUrl":"https:\/\/jornalvia.com\/piracicaba\/wp-content\/uploads\/sites\/2\/2026\/05\/2026-05-21-ID1-001163.webp","datePublished":"2026-05-21T11:35:36+00:00","breadcrumb":{"@id":"https:\/\/jornalvia.com\/piracicaba\/meio-ambiente\/possivel-retorno-do-el-nino-acende-alerta-para-nova-crise-climatica-na-amazonia\/#breadcrumb"},"inLanguage":"pt-BR","potentialAction":[{"@type":"ReadAction","target":["https:\/\/jornalvia.com\/piracicaba\/meio-ambiente\/possivel-retorno-do-el-nino-acende-alerta-para-nova-crise-climatica-na-amazonia\/"]}]},{"@type":"ImageObject","inLanguage":"pt-BR","@id":"https:\/\/jornalvia.com\/piracicaba\/meio-ambiente\/possivel-retorno-do-el-nino-acende-alerta-para-nova-crise-climatica-na-amazonia\/#primaryimage","url":"https:\/\/jornalvia.com\/piracicaba\/wp-content\/uploads\/sites\/2\/2026\/05\/2026-05-21-ID1-001163.webp","contentUrl":"https:\/\/jornalvia.com\/piracicaba\/wp-content\/uploads\/sites\/2\/2026\/05\/2026-05-21-ID1-001163.webp","width":990,"height":556,"caption":"Foto: Foto: Jacqueline Lisboa \/WWF-Brasil"},{"@type":"BreadcrumbList","@id":"https:\/\/jornalvia.com\/piracicaba\/meio-ambiente\/possivel-retorno-do-el-nino-acende-alerta-para-nova-crise-climatica-na-amazonia\/#breadcrumb","itemListElement":[{"@type":"ListItem","position":1,"name":"In\u00edcio","item":"https:\/\/jornalvia.com\/piracicaba\/"},{"@type":"ListItem","position":2,"name":"Poss\u00edvel retorno do El Ni\u00f1o acende alerta para nova crise clim\u00e1tica na Amaz\u00f4nia"}]},{"@type":"WebSite","@id":"https:\/\/jornalvia.com\/piracicaba\/#website","url":"https:\/\/jornalvia.com\/piracicaba\/","name":"Jornal VIA","description":"Seu novo jornal de not\u00edcias em Piracicaba com informa\u00e7\u00f5es locais, do Brasil e do mundo","publisher":{"@id":"https:\/\/jornalvia.com\/piracicaba\/#organization"},"alternateName":"Jornal VIA \u2022 Piracicaba","potentialAction":[{"@type":"SearchAction","target":{"@type":"EntryPoint","urlTemplate":"https:\/\/jornalvia.com\/piracicaba\/?s={search_term_string}"},"query-input":{"@type":"PropertyValueSpecification","valueRequired":true,"valueName":"search_term_string"}}],"inLanguage":"pt-BR"},{"@type":"Organization","@id":"https:\/\/jornalvia.com\/piracicaba\/#organization","name":"Jornal VIA","url":"https:\/\/jornalvia.com\/piracicaba\/","logo":{"@type":"ImageObject","inLanguage":"pt-BR","@id":"https:\/\/jornalvia.com\/piracicaba\/#\/schema\/logo\/image\/","url":"https:\/\/jornalvia.com\/piracicaba\/wp-content\/uploads\/sites\/2\/2025\/09\/cropped-logo_site_5-1.png","contentUrl":"https:\/\/jornalvia.com\/piracicaba\/wp-content\/uploads\/sites\/2\/2025\/09\/cropped-logo_site_5-1.png","width":512,"height":512,"caption":"Jornal VIA"},"image":{"@id":"https:\/\/jornalvia.com\/piracicaba\/#\/schema\/logo\/image\/"}},{"@type":"Person","@id":"https:\/\/jornalvia.com\/piracicaba\/#\/schema\/person\/672c24084b8babca7ca8adc9bb83152a","name":"Reda\u00e7\u00e3o","url":"https:\/\/jornalvia.com\/piracicaba\/author\/jaquelineprates\/"}]}},"_links":{"self":[{"href":"https:\/\/jornalvia.com\/piracicaba\/wp-json\/wp\/v2\/posts\/10425","targetHints":{"allow":["GET"]}}],"collection":[{"href":"https:\/\/jornalvia.com\/piracicaba\/wp-json\/wp\/v2\/posts"}],"about":[{"href":"https:\/\/jornalvia.com\/piracicaba\/wp-json\/wp\/v2\/types\/post"}],"author":[{"embeddable":true,"href":"https:\/\/jornalvia.com\/piracicaba\/wp-json\/wp\/v2\/users\/9"}],"replies":[{"embeddable":true,"href":"https:\/\/jornalvia.com\/piracicaba\/wp-json\/wp\/v2\/comments?post=10425"}],"version-history":[{"count":0,"href":"https:\/\/jornalvia.com\/piracicaba\/wp-json\/wp\/v2\/posts\/10425\/revisions"}],"wp:featuredmedia":[{"embeddable":true,"href":"https:\/\/jornalvia.com\/piracicaba\/wp-json\/wp\/v2\/media\/10426"}],"wp:attachment":[{"href":"https:\/\/jornalvia.com\/piracicaba\/wp-json\/wp\/v2\/media?parent=10425"}],"wp:term":[{"taxonomy":"category","embeddable":true,"href":"https:\/\/jornalvia.com\/piracicaba\/wp-json\/wp\/v2\/categories?post=10425"},{"taxonomy":"post_tag","embeddable":true,"href":"https:\/\/jornalvia.com\/piracicaba\/wp-json\/wp\/v2\/tags?post=10425"}],"curies":[{"name":"wp","href":"https:\/\/api.w.org\/{rel}","templated":true}]}}